{"id":334808,"date":"2025-08-21T21:19:16","date_gmt":"2025-08-21T21:19:16","guid":{"rendered":"https:\/\/www.europesays.com\/fr\/334808\/"},"modified":"2025-08-21T21:19:16","modified_gmt":"2025-08-21T21:19:16","slug":"immersion-avec-les-policiers-des-souterrains-de-paris","status":"publish","type":"post","link":"https:\/\/www.europesays.com\/fr\/334808\/","title":{"rendered":"immersion avec les policiers des souterrains de Paris"},"content":{"rendered":"<p>            lire plus tard<\/p>\n<p id=\"dialog__title\" class=\"dialog__title\">Pour sauvegarder cet article, connectez-vous ou cr\u00e9ez un compte franceinfo<\/p>\n<p class=\"dialog__description\">Sans paiement. Sans abonnement.<\/p>\n<p>        Fermer la fen\u00eatre d\u2019activation des notifications France Info<\/p>\n<p>            cr\u00e9er votre compte<\/p>\n<p>            se connecter<\/p>\n<p>        Fermer la fen\u00eatre de pr\u00e9sentation<\/p>\n<p>    Publi\u00e9 le 21\/08\/2025 16:33<\/p>\n<p>        Temps de lecture : 2min &#8211; vid\u00e9o : 3min<\/p>\n<p>    <img decoding=\"async\" class=\"francetv-player-wrapper__image\" alt=\"Catacombes : immersion avec les policiers des souterrains de Paris\"  width=\"432\" height=\"243\" src=\"https:\/\/www.europesays.com\/fr\/wp-content\/uploads\/2025\/08\/video-72-68a72ceadb816292926933.jpg\" fetchpriority=\"high\"\/><\/p>\n<p>              Catacombes : immersion avec les policiers des souterrains de Paris<br \/>\n                    (France 2)<\/p>\n<p>      3min<\/p>\n<p>\n  Une partie des 300 km des catacombes de Paris se visite avec un ticket d\u2019entr\u00e9e, mais le reste est interdit au public. Pourtant, malgr\u00e9 le danger, des passionn\u00e9s, les \u00ab\u00a0cataphiles\u00a0\u00bb, explorent ces couloirs sombres et y organisent des rassemblements clandestins. La police des catacombes traque les visiteurs ill\u00e9gaux.\n<\/p>\n<p><strong>Ce texte correspond \u00e0 une partie de la retranscription du reportage ci-dessus. Cliquez sur la vid\u00e9o pour le regarder dans son int\u00e9gralit\u00e9.<\/strong><\/p>\n<p>Au sud de Paris, par une entr\u00e9e tenue secr\u00e8te, des policiers un peu particuliers commencent leur patrouille 30 m\u00e8tres sous terre. Ce sont des \u00ab\u00a0Ktaflics\u00a0\u00bb, les policiers des <a href=\"https:\/\/www.franceinfo.fr\/culture\/patrimoine\/catacombes-le-paris-souterrain-un-voyage-dans-le-temps_6961334.html\" rel=\"nofollow noopener\" target=\"_blank\">catacombes<\/a>. Leur p\u00e9rim\u00e8tre : pr\u00e8s de 300 km de souterrains, comprend d&rsquo;anciennes carri\u00e8res abandonn\u00e9es, formellement interdites au public. Apr\u00e8s une heure de patrouille, au d\u00e9tour d&rsquo;un couloir, ils sentent une odeur de cannabis. Ils se dirigent alors vers une salle souvent fr\u00e9quent\u00e9e. Les policiers rep\u00e8rent un jeune homme. L&rsquo;interpellation se passe comme en surface : palpation, v\u00e9rification du sac pour trouver tout objet interdit ou dangereux, et contr\u00f4le d&rsquo;identit\u00e9. La brigade le conna\u00eet bien. Il est mineur et a d\u00e9j\u00e0 \u00e9t\u00e9 verbalis\u00e9 d\u2019une amende de 135 euros.<\/p>\n<p>La pratique est interdite parce qu&rsquo;elle est dangereuse. \u00ab\u00a0Si jamais ils creusent trop, il y a des risques d&rsquo;effondrement. C&rsquo;est arriv\u00e9 il y a un an ou deux. Ils ont failli rester coinc\u00e9s dans une ch\u00e2ti\u00e8re. Une partie s&rsquo;\u00e9tait effondr\u00e9e\u00a0\u00bb, assure le Major Sylvie Gautron, responsable de la brigade des Ktaflics. Malgr\u00e9 les risques, pr\u00e8s de 500 personnes se prom\u00e8nent fr\u00e9quemment dans les anciennes carri\u00e8res. Ils organisent m\u00eame des raves parties dans les catacombes.<\/p>\n<p>Pour comprendre ce qui les attire sous terre, les \u00e9quipes de France T\u00e9l\u00e9visions ont convaincu deux d&rsquo;entre eux, sous couvert d&rsquo;anonymat, de servir de guides. Ils disent aimer la d\u00e9couverte de lieux secrets, mais pas seulement. \u00ab\u00a0\u00c0 force de descendre et de discuter en bas, on finit par se faire des potes qu&rsquo;on retrouve un peu \u00e0 chaque descente\u00a0\u00bb, partage un \u00ab\u00a0cataphile\u00a0\u00bb.\u00a0<\/p>\n<p>Dans une salle am\u00e9nag\u00e9e, les deux jeunes retrouvent un groupe d&rsquo;une dizaine de cataphiles. Attabl\u00e9s sur des bancs en pierre, ils partagent des cr\u00eapes et un ap\u00e9ritif. Eux affirment respecter les lieux et ne rien d\u00e9grader. Ils aimeraient que les policiers se concentrent sur les novices, souvent imprudents. Ce soir-l\u00e0, les passionn\u00e9s des <a href=\"https:\/\/www.franceinfo.fr\/environnement\/evenements-meteorologiques-extremes\/vagues-de-chaleur-canicules\/on-est-bien-heureux-d-etre-la-en-pleine-canicule-des-touristes-apprecient-la-fraicheur-des-catacombes-de-paris_7433974.html\" rel=\"nofollow noopener\" target=\"_blank\">catacombes<\/a> passeront de longues heures sous terre sans avoir crois\u00e9 un seul policier.<\/p>\n","protected":false},"excerpt":{"rendered":"lire plus tard Pour sauvegarder cet article, connectez-vous ou cr\u00e9ez un compte franceinfo Sans paiement. Sans abonnement. Fermer&hellip;\n","protected":false},"author":2,"featured_media":334809,"comment_status":"","ping_status":"","sticky":false,"template":"","format":"standard","meta":{"footnotes":""},"categories":[1888],"tags":[1111,1928,11,1927,1777,674,1011,27,12,1926,626,1925,25],"class_list":{"0":"post-334808","1":"post","2":"type-post","3":"status-publish","4":"format-standard","5":"has-post-thumbnail","7":"category-paris","8":"tag-actu","9":"tag-actu-paris","10":"tag-actualites","11":"tag-actualites-paris","12":"tag-eu","13":"tag-europe","14":"tag-fr","15":"tag-france","16":"tag-news","17":"tag-news-paris","18":"tag-paris","19":"tag-paris-news","20":"tag-republique-francaise"},"share_on_mastodon":{"url":"https:\/\/pubeurope.com\/@fr\/115068847346496238","error":""},"_links":{"self":[{"href":"https:\/\/www.europesays.com\/fr\/wp-json\/wp\/v2\/posts\/334808","targetHints":{"allow":["GET"]}}],"collection":[{"href":"https:\/\/www.europesays.com\/fr\/wp-json\/wp\/v2\/posts"}],"about":[{"href":"https:\/\/www.europesays.com\/fr\/wp-json\/wp\/v2\/types\/post"}],"author":[{"embeddable":true,"href":"https:\/\/www.europesays.com\/fr\/wp-json\/wp\/v2\/users\/2"}],"replies":[{"embeddable":true,"href":"https:\/\/www.europesays.com\/fr\/wp-json\/wp\/v2\/comments?post=334808"}],"version-history":[{"count":0,"href":"https:\/\/www.europesays.com\/fr\/wp-json\/wp\/v2\/posts\/334808\/revisions"}],"wp:featuredmedia":[{"embeddable":true,"href":"https:\/\/www.europesays.com\/fr\/wp-json\/wp\/v2\/media\/334809"}],"wp:attachment":[{"href":"https:\/\/www.europesays.com\/fr\/wp-json\/wp\/v2\/media?parent=334808"}],"wp:term":[{"taxonomy":"category","embeddable":true,"href":"https:\/\/www.europesays.com\/fr\/wp-json\/wp\/v2\/categories?post=334808"},{"taxonomy":"post_tag","embeddable":true,"href":"https:\/\/www.europesays.com\/fr\/wp-json\/wp\/v2\/tags?post=334808"}],"curies":[{"name":"wp","href":"https:\/\/api.w.org\/{rel}","templated":true}]}}