{"id":334812,"date":"2025-08-21T21:21:11","date_gmt":"2025-08-21T21:21:11","guid":{"rendered":"https:\/\/www.europesays.com\/fr\/334812\/"},"modified":"2025-08-21T21:21:11","modified_gmt":"2025-08-21T21:21:11","slug":"calendrier-complet-et-matchs-2025-2026","status":"publish","type":"post","link":"https:\/\/www.europesays.com\/fr\/334812\/","title":{"rendered":"calendrier complet et matchs 2025-2026"},"content":{"rendered":"<p>Cr\u00e9\u00e9e en 2017, la section f\u00e9minine du Paris Football Club s\u2019est install\u00e9e parmi les meilleures \u00e9quipes de l\u2019Hexagone. Il faut dire qu\u2019avant cela, le club \u00e9tait connu en tant que FCF Juvisy Essonne, et sous cette banni\u00e8re, il a remport\u00e9 6 titres de champion de France (le deuxi\u00e8me meilleur total derri\u00e8re l\u2019Olympique lyonnais). \u00c0 l&rsquo;approche de ce nouvel exercice 25-26, voici le calendrier complet de l\u2019\u00e9quipe.<\/p>\n<p>Rendez-vous 6 septembre pour suivre les f\u00e9minines du Paris FC !<\/p>\n","protected":false},"excerpt":{"rendered":"Cr\u00e9\u00e9e en 2017, la section f\u00e9minine du Paris Football Club s\u2019est install\u00e9e parmi les meilleures \u00e9quipes de l\u2019Hexagone.&hellip;\n","protected":false},"author":2,"featured_media":334813,"comment_status":"","ping_status":"","sticky":false,"template":"","format":"standard","meta":{"footnotes":""},"categories":[1888],"tags":[11,1777,674,1011,27,12,626,25],"class_list":{"0":"post-334812","1":"post","2":"type-post","3":"status-publish","4":"format-standard","5":"has-post-thumbnail","7":"category-paris","8":"tag-actualites","9":"tag-eu","10":"tag-europe","11":"tag-fr","12":"tag-france","13":"tag-news","14":"tag-paris","15":"tag-republique-francaise"},"share_on_mastodon":{"url":"https:\/\/pubeurope.com\/@fr\/115068854933323121","error":""},"_links":{"self":[{"href":"https:\/\/www.europesays.com\/fr\/wp-json\/wp\/v2\/posts\/334812","targetHints":{"allow":["GET"]}}],"collection":[{"href":"https:\/\/www.europesays.com\/fr\/wp-json\/wp\/v2\/posts"}],"about":[{"href":"https:\/\/www.europesays.com\/fr\/wp-json\/wp\/v2\/types\/post"}],"author":[{"embeddable":true,"href":"https:\/\/www.europesays.com\/fr\/wp-json\/wp\/v2\/users\/2"}],"replies":[{"embeddable":true,"href":"https:\/\/www.europesays.com\/fr\/wp-json\/wp\/v2\/comments?post=334812"}],"version-history":[{"count":0,"href":"https:\/\/www.europesays.com\/fr\/wp-json\/wp\/v2\/posts\/334812\/revisions"}],"wp:featuredmedia":[{"embeddable":true,"href":"https:\/\/www.europesays.com\/fr\/wp-json\/wp\/v2\/media\/334813"}],"wp:attachment":[{"href":"https:\/\/www.europesays.com\/fr\/wp-json\/wp\/v2\/media?parent=334812"}],"wp:term":[{"taxonomy":"category","embeddable":true,"href":"https:\/\/www.europesays.com\/fr\/wp-json\/wp\/v2\/categories?post=334812"},{"taxonomy":"post_tag","embeddable":true,"href":"https:\/\/www.europesays.com\/fr\/wp-json\/wp\/v2\/tags?post=334812"}],"curies":[{"name":"wp","href":"https:\/\/api.w.org\/{rel}","templated":true}]}}