{"id":334824,"date":"2025-08-21T21:27:09","date_gmt":"2025-08-21T21:27:09","guid":{"rendered":"https:\/\/www.europesays.com\/fr\/334824\/"},"modified":"2025-08-21T21:27:09","modified_gmt":"2025-08-21T21:27:09","slug":"entre-les-etats-unis-et-leurope-le-coeur-de-leconomie-suisse-balance-un-peu-moins","status":"publish","type":"post","link":"https:\/\/www.europesays.com\/fr\/334824\/","title":{"rendered":"Entre les Etats-Unis et l\u2019Europe, le c\u0153ur de l\u2019\u00e9conomie suisse balance un peu moins"},"content":{"rendered":"<p>    R\u00e9sum\u00e9 en 20 secondes<\/p>\n<p>        En savoir plus sur ce type de contenu<\/p>\n<p>Ce r\u00e9sum\u00e9 peut avoir \u00e9t\u00e9 \u00e9crit avec l&rsquo;assistance d\u2019une IA g\u00e9n\u00e9rative. <a href=\"https:\/\/www.letemps.ch\/cyber\/l-usage-de-l-ia-generative-par-les-journalistes-du-temps\" rel=\"nofollow noopener\" target=\"_blank\">En savoir plus<\/a><\/p>\n<p class=\"article__abstract-call-to-action\" data-ariato=\"TrackableElement\" data-trackable-element-type=\"article_abstract_cta\" data-trackable-element-location=\"article_header\" data-trackable-element-id=\"503683\">\n        <a data-event=\"click-&gt;clicked\" href=\"https:\/\/www.letemps.ch\/abonnements\" rel=\"nofollow noopener\" target=\"_blank\">Abonnez-vous<\/a> pour acc\u00e9der au r\u00e9sum\u00e9 en 20 secondes.\n      <\/p>\n<p>Il fallait jouer dans l\u2019ordre le 39, le 14 et le 16 pour r\u00e9sumer en chiffres la 3e rencontre entre la politique et l\u2019\u00e9conomie dans le canton de Vaud. Des chiffres qui n\u2019ont rien d\u2019un tierc\u00e9 gagnant pour les entreprises, \u00e0 commencer par le premier qui, assorti du symbole%, leste les exportations suisses \u00e0 destination des Etats-Unis depuis le 7\u00a0ao\u00fbt. Il s\u2019agit du taux le plus \u00e9lev\u00e9 inflig\u00e9 par l\u2019administration Trump aux \u00e9conomies dites avanc\u00e9es.<\/p>\n<p>Quoi de plus normal d\u00e8s lors que de voir dans le march\u00e9 europ\u00e9en, aussi imparfait qu\u2019il soit, une providentielle planche de salut? Voil\u00e0 qui tombe bien puisque les nouveaux accords bilat\u00e9raux n\u00e9goci\u00e9s entre Berne et Bruxelles figuraient au c\u0153ur de la soir\u00e9e organis\u00e9e \u00e0 Lausanne par la Chambre de commerce et d\u2019industrie du canton de Vaud (CVCI).<\/p>\n","protected":false},"excerpt":{"rendered":"R\u00e9sum\u00e9 en 20 secondes En savoir plus sur ce type de contenu Ce r\u00e9sum\u00e9 peut avoir \u00e9t\u00e9 \u00e9crit&hellip;\n","protected":false},"author":2,"featured_media":334825,"comment_status":"","ping_status":"","sticky":false,"template":"","format":"standard","meta":{"footnotes":""},"categories":[1586],"tags":[11,1777,674,1011,27,12,301,25,2582],"class_list":{"0":"post-334824","1":"post","2":"type-post","3":"status-publish","4":"format-standard","5":"has-post-thumbnail","7":"category-europe","8":"tag-actualites","9":"tag-eu","10":"tag-europe","11":"tag-fr","12":"tag-france","13":"tag-news","14":"tag-premium","15":"tag-republique-francaise","16":"tag-suisse-ue"},"share_on_mastodon":{"url":"https:\/\/pubeurope.com\/@fr\/115068878443964685","error":""},"_links":{"self":[{"href":"https:\/\/www.europesays.com\/fr\/wp-json\/wp\/v2\/posts\/334824","targetHints":{"allow":["GET"]}}],"collection":[{"href":"https:\/\/www.europesays.com\/fr\/wp-json\/wp\/v2\/posts"}],"about":[{"href":"https:\/\/www.europesays.com\/fr\/wp-json\/wp\/v2\/types\/post"}],"author":[{"embeddable":true,"href":"https:\/\/www.europesays.com\/fr\/wp-json\/wp\/v2\/users\/2"}],"replies":[{"embeddable":true,"href":"https:\/\/www.europesays.com\/fr\/wp-json\/wp\/v2\/comments?post=334824"}],"version-history":[{"count":0,"href":"https:\/\/www.europesays.com\/fr\/wp-json\/wp\/v2\/posts\/334824\/revisions"}],"wp:featuredmedia":[{"embeddable":true,"href":"https:\/\/www.europesays.com\/fr\/wp-json\/wp\/v2\/media\/334825"}],"wp:attachment":[{"href":"https:\/\/www.europesays.com\/fr\/wp-json\/wp\/v2\/media?parent=334824"}],"wp:term":[{"taxonomy":"category","embeddable":true,"href":"https:\/\/www.europesays.com\/fr\/wp-json\/wp\/v2\/categories?post=334824"},{"taxonomy":"post_tag","embeddable":true,"href":"https:\/\/www.europesays.com\/fr\/wp-json\/wp\/v2\/tags?post=334824"}],"curies":[{"name":"wp","href":"https:\/\/api.w.org\/{rel}","templated":true}]}}