{"id":334826,"date":"2025-08-21T21:28:12","date_gmt":"2025-08-21T21:28:12","guid":{"rendered":"https:\/\/www.europesays.com\/fr\/334826\/"},"modified":"2025-08-21T21:28:12","modified_gmt":"2025-08-21T21:28:12","slug":"une-discussion-productive-a-eu-lieu-entre-trump-et-carney","status":"publish","type":"post","link":"https:\/\/www.europesays.com\/fr\/334826\/","title":{"rendered":"Une discussion \u00ab\u00a0productive\u00a0\u00bb a eu lieu entre Trump et Carney"},"content":{"rendered":"<p class=\"lead textModule textModule--type-lead \" style=\"\">Le premier ministre Mark Carney et le pr\u00e9sident Donald Trump ont eu une \u00ab\u00a0conversation productive\u00a0\u00bb jeudi \u00e0 propos de la relation \u00e9conomique et de s\u00e9curit\u00e9 entre le Canada et les \u00c9tats-Unis.<\/p>\n<p>                    Publi\u00e9 \u00e0 14\u00a0h\u00a047<\/p>\n<p>    <a class=\"print\" href=\"https:\/\/www.lapresse.ca\/actualites\/politique\/2025-08-21\/javascript:window.print();\" title=\"Imprimer la page\" rel=\"nofollow noopener\" target=\"_blank\"><\/p>\n<p>        <img loading=\"lazy\" decoding=\"async\" width=\"16\" height=\"18\" src=\"https:\/\/www.europesays.com\/fr\/wp-content\/uploads\/2025\/04\/share-icon.png\" alt=\"Partager\"\/><\/p>\n<p class=\"paragraph textModule textModule--type-paragraph \" style=\"\">Les dirigeants ont convenu de se reparler bient\u00f4t, a pr\u00e9cis\u00e9 le Cabinet du premier ministre Marc Carney dans une d\u00e9claration.<\/p>\n<p class=\"paragraph textModule textModule--type-paragraph \" style=\"\">Les deux hommes ont \u00ab\u00a0discut\u00e9 de moyens \u00e0 prendre pour renforcer le leadership du pr\u00e9sident\u00a0\u00bb Trump, \u00ab\u00a0dans l\u2019optique de favoriser la paix et la s\u00e9curit\u00e9 \u00e0 long terme en Ukraine et en Europe\u00a0\u00bb.<\/p>\n<p class=\"paragraph textModule textModule--type-paragraph \" style=\"\">Ils ont aussi abord\u00e9 les \u00ab\u00a0difficult\u00e9s, occasions et priorit\u00e9s communes actuelles sur le plan des \u00e9changes commerciaux dans le cadre d\u2019une nouvelle relation \u00e9conomique et de s\u00e9curit\u00e9 entre le Canada et les \u00c9tats-Unis\u00a0\u00bb, selon le communiqu\u00e9.<\/p>\n","protected":false},"excerpt":{"rendered":"Le premier ministre Mark Carney et le pr\u00e9sident Donald Trump ont eu une \u00ab\u00a0conversation productive\u00a0\u00bb jeudi \u00e0 propos&hellip;\n","protected":false},"author":2,"featured_media":334827,"comment_status":"","ping_status":"","sticky":false,"template":"","format":"standard","meta":{"footnotes":""},"categories":[1586],"tags":[11,1777,674,1779,1011,27,12,25,1778,364],"class_list":{"0":"post-334826","1":"post","2":"type-post","3":"status-publish","4":"format-standard","5":"has-post-thumbnail","7":"category-europe","8":"tag-actualites","9":"tag-eu","10":"tag-europe","11":"tag-european-union","12":"tag-fr","13":"tag-france","14":"tag-news","15":"tag-republique-francaise","16":"tag-ue","17":"tag-union-europeenne"},"share_on_mastodon":{"url":"https:\/\/pubeurope.com\/@fr\/115068882403300760","error":""},"_links":{"self":[{"href":"https:\/\/www.europesays.com\/fr\/wp-json\/wp\/v2\/posts\/334826","targetHints":{"allow":["GET"]}}],"collection":[{"href":"https:\/\/www.europesays.com\/fr\/wp-json\/wp\/v2\/posts"}],"about":[{"href":"https:\/\/www.europesays.com\/fr\/wp-json\/wp\/v2\/types\/post"}],"author":[{"embeddable":true,"href":"https:\/\/www.europesays.com\/fr\/wp-json\/wp\/v2\/users\/2"}],"replies":[{"embeddable":true,"href":"https:\/\/www.europesays.com\/fr\/wp-json\/wp\/v2\/comments?post=334826"}],"version-history":[{"count":0,"href":"https:\/\/www.europesays.com\/fr\/wp-json\/wp\/v2\/posts\/334826\/revisions"}],"wp:featuredmedia":[{"embeddable":true,"href":"https:\/\/www.europesays.com\/fr\/wp-json\/wp\/v2\/media\/334827"}],"wp:attachment":[{"href":"https:\/\/www.europesays.com\/fr\/wp-json\/wp\/v2\/media?parent=334826"}],"wp:term":[{"taxonomy":"category","embeddable":true,"href":"https:\/\/www.europesays.com\/fr\/wp-json\/wp\/v2\/categories?post=334826"},{"taxonomy":"post_tag","embeddable":true,"href":"https:\/\/www.europesays.com\/fr\/wp-json\/wp\/v2\/tags?post=334826"}],"curies":[{"name":"wp","href":"https:\/\/api.w.org\/{rel}","templated":true}]}}