{"id":334839,"date":"2025-08-21T21:37:12","date_gmt":"2025-08-21T21:37:12","guid":{"rendered":"https:\/\/www.europesays.com\/fr\/334839\/"},"modified":"2025-08-21T21:37:12","modified_gmt":"2025-08-21T21:37:12","slug":"acosta-voulait-envoyer-la-moto-dans-les-graviers-a-spielberg","status":"publish","type":"post","link":"https:\/\/www.europesays.com\/fr\/334839\/","title":{"rendered":"Acosta voulait \u00ab envoyer la moto dans les graviers \u00bb \u00e0 Spielberg"},"content":{"rendered":"<p>Un Espagnol qui garde son sang-froid. Un temps virtuellement troisi\u00e8me du Grand Prix <a href=\"https:\/\/www.autohebdo.fr\/actualites\/motogp\" data-internallinksmanager029f6b8e52c=\"4\" title=\"MotoGP\" target=\"_blank\" rel=\"noopener\">MotoGP<\/a> au <a href=\"https:\/\/www.autohebdo.fr\/actualites\/ecurie\/red-bull-racing\" data-internallinksmanager029f6b8e52c=\"78\" title=\"Ecurie F1 Red Bull Racing\" target=\"_blank\" rel=\"noopener\">Red Bull<\/a> Ring de Spielberg, en Autriche, Pedro Acosta s\u2019est finalement vu redescendre \u00e0 la quatri\u00e8me place, derri\u00e8re Ferm\u00edn Aldeguer et Marco Bezzecchi. Connu pour son impulsivit\u00e9, port\u00e9e par la fougue de la jeunesse, le pilote de 21 ans a lutt\u00e9 contre sa col\u00e8re pour s\u00e9curiser les points aux portes du podium.<\/p>\n<p>\u00ab\u00a0Honn\u00eatement, dans une journ\u00e9e normal de la vie de Pedro Acosta, j\u2019aurais pu envoyer la moto dans les graviers, parce que je donne toujours tout ce que j\u2019ai lorsque je me bats pour un podium, avouait le natif de Mazarr\u00f3n en marge du Grand Prix. Mais parfois, il faut se rappeler que, lorsque l\u2019on cherche le mot \u2018championnat\u2019 dans un dictionnaire, on ne parle pas que d\u2019une seule course.\u00a0\u00bb<\/p>\n<p>Pedro Acosta a eu une r\u00e9union avec un dirigeant de KTM pour apprendre \u00e0 se calmer<\/p>\n<p>Avoisinant la dizaine de chutes en treize manches cette saison, Pedro Acosta est parfois p\u00e9nalis\u00e9 par son temp\u00e9rament. Une dynamique r\u00e9cemment invers\u00e9e gr\u00e2ce \u00e0 plusieurs r\u00e9unions avec les membres de l\u2019\u00e9curie, dont Pit Beirer, directeur de la comp\u00e9tition chez KTM. Des \u00e9changes qui ont amen\u00e9 le pilote de 21 ans \u00e0 revoir son approche des Grands Prix, et pour le mieux.<\/p>\n<p>\u00ab\u00a0Apr\u00e8s Brno, nous avons eu une r\u00e9union avec Pit, pour calmer le jeu et de repartir de z\u00e9ro. Nous faisons de bonnes courses depuis, plus ou moins. On doit continuer dans cette direction, car cela semble fonctionner, estime Pedro Acosta. Quand quelque chose ne d\u00e9pend pas de vous, vous ne devez pas pousser toujours plus, parce que parfois, comme en Allemagne, vous chutez et perdez plus que vous n\u2019auriez pu gagner, m\u00eame en poussant moins.\u00a0\u00bb<\/p>\n<p>\u00ab\u00a0Parfois, [\u00e7a aide d\u2019] \u00eatre plus calme, plus positif. J\u2019\u00e9tais d\u00e9j\u00e0 plus positif depuis ma discussion avec Aki [Ajo, Team Manager de l\u2019\u00e9curie KTM, Ndlr.]. Peut-\u00eatre que le Sachsenring aurait pu \u00eatre un nouveau top 5, mais au lieu de cela, j\u2019ai marqu\u00e9 un point dans le sprint et z\u00e9ro dans la course principale. Comme je l\u2019ai d\u00e9j\u00e0 dit cette, je n\u2019ai pas eu de mauvaise saison jusqu\u2019\u00e0 celle-ci, rappelle l\u2019Espagnol de 21 ans. J\u2019apprends plus cette saison qu\u2019au cours des quatre derni\u00e8res ann\u00e9es, en donnant encore plus de moi-m\u00eame que lorsque j\u2019ai remport\u00e9 le championnat en Moto2.\u00a0\u00bb<\/p>\n<p>Septi\u00e8me du championnat, \u00e0 \u00e9galit\u00e9 de points avec Franco Morbidelli, cinqui\u00e8me, et Fabio Di Giannantonio, sixi\u00e8me, Pedro Acosta aborde les neufs manches restantes au calendrier avec maturit\u00e9. Premier des pilotes KTM, le natif de Mazarr\u00f3n, champion de Moto2 en 2023 et sixi\u00e8me de MotoGP l\u2019ann\u00e9e derni\u00e8re, pourrait cr\u00e9er la surprise cette saison en s\u2019immis\u00e7ant dans l\u2019oc\u00e9an des Ducati.<\/p>\n<p>\u00ab\u00a0Nous avons maintenant le m\u00eame nombre de points que les cinq premiers. Nous recherchons cette r\u00e9gularit\u00e9 et essayons d\u2019\u00eatre comp\u00e9titifs sur chaque circuit, ambitionne l\u2019Espagnol. Je fais vraiment de mon mieux. On ne peut pas cacher son style naturel. Nous sommes pass\u00e9s d\u2019un circuit tr\u00e8s diff\u00e9rent, Brno, \u00e0 [Spielberg (Red Bull Ring)], et j\u2019ai \u00e9t\u00e9 comp\u00e9titif dans les deux. Peut-\u00eatre que ce nouveau style de pilotage fonctionne.\u00a0\u00bb<\/p>\n<p><strong>\u00c0 LIRE AUSSI &gt;\u00a0<a href=\"https:\/\/www.autohebdo.fr\/actualites\/motogp\/casey-stoner-critique-le-motogp-les-meilleurs-pilotes-du-monde-conduisent-les-motos-les-plus-faciles-a-piloter-au-monde.html\" target=\"_blank\" rel=\"noopener\">Casey Stoner critique le MotoGP : \u00ab Les meilleurs pilotes du monde conduisent les motos les plus faciles \u00e0 piloter au monde \u00bb<\/a><\/strong><\/p>\n","protected":false},"excerpt":{"rendered":"Un Espagnol qui garde son sang-froid. Un temps virtuellement troisi\u00e8me du Grand Prix MotoGP au Red Bull Ring&hellip;\n","protected":false},"author":2,"featured_media":334840,"comment_status":"","ping_status":"","sticky":false,"template":"","format":"standard","meta":{"footnotes":""},"categories":[1413],"tags":[1011,27,1457,1456,60],"class_list":{"0":"post-334839","1":"post","2":"type-post","3":"status-publish","4":"format-standard","5":"has-post-thumbnail","7":"category-moto","8":"tag-fr","9":"tag-france","10":"tag-moto","11":"tag-motocycle","12":"tag-sports"},"share_on_mastodon":{"url":"https:\/\/pubeurope.com\/@fr\/115068917735882279","error":""},"_links":{"self":[{"href":"https:\/\/www.europesays.com\/fr\/wp-json\/wp\/v2\/posts\/334839","targetHints":{"allow":["GET"]}}],"collection":[{"href":"https:\/\/www.europesays.com\/fr\/wp-json\/wp\/v2\/posts"}],"about":[{"href":"https:\/\/www.europesays.com\/fr\/wp-json\/wp\/v2\/types\/post"}],"author":[{"embeddable":true,"href":"https:\/\/www.europesays.com\/fr\/wp-json\/wp\/v2\/users\/2"}],"replies":[{"embeddable":true,"href":"https:\/\/www.europesays.com\/fr\/wp-json\/wp\/v2\/comments?post=334839"}],"version-history":[{"count":0,"href":"https:\/\/www.europesays.com\/fr\/wp-json\/wp\/v2\/posts\/334839\/revisions"}],"wp:featuredmedia":[{"embeddable":true,"href":"https:\/\/www.europesays.com\/fr\/wp-json\/wp\/v2\/media\/334840"}],"wp:attachment":[{"href":"https:\/\/www.europesays.com\/fr\/wp-json\/wp\/v2\/media?parent=334839"}],"wp:term":[{"taxonomy":"category","embeddable":true,"href":"https:\/\/www.europesays.com\/fr\/wp-json\/wp\/v2\/categories?post=334839"},{"taxonomy":"post_tag","embeddable":true,"href":"https:\/\/www.europesays.com\/fr\/wp-json\/wp\/v2\/tags?post=334839"}],"curies":[{"name":"wp","href":"https:\/\/api.w.org\/{rel}","templated":true}]}}