{"id":334857,"date":"2025-08-21T21:47:11","date_gmt":"2025-08-21T21:47:11","guid":{"rendered":"https:\/\/www.europesays.com\/fr\/334857\/"},"modified":"2025-08-21T21:47:11","modified_gmt":"2025-08-21T21:47:11","slug":"alerte-au-chikungunya-dans-le-quartier-valescure-a-frejus","status":"publish","type":"post","link":"https:\/\/www.europesays.com\/fr\/334857\/","title":{"rendered":"Alerte au chikungunya dans le quartier Valescure \u00e0 Fr\u00e9jus"},"content":{"rendered":"<p>\u00ab\u00a0Bonjour, avez-vous eu de la fi\u00e8vre au cours des derni\u00e8res semaines? D\u2019importantes courbatures?\u00a0\u00bb Mercredi et jeudi, huit agents de l\u2019Agence r\u00e9gionale de sant\u00e9 (ARS) ont r\u00e9p\u00e9t\u00e9 inlassablement ces questions aux habitants d\u2019un domaine r\u00e9sidentiel du quartier Valescure de Fr\u00e9jus.<\/p>\n<p>Une enqu\u00eate \u00e9pid\u00e9miologique lanc\u00e9e apr\u00e8s la confirmation de plusieurs cas de chikungunya au sein de ce secteur et au cours des derni\u00e8res semaines.<\/p>\n<p>Les derniers r\u00e9sultats font \u00e9tat de huit cas autochtones confirm\u00e9s, mais les agents de l\u2019ARS s\u2019attendent \u00e0 ce que de nouveaux cas soient r\u00e9v\u00e9l\u00e9s par ces investigations en porte-\u00e0-porte.<\/p>\n<p>\u00ab\u00a0Lorsque des personnes font \u00e9tat de sympt\u00f4mes correspondant \u00e0 la maladie, nous pr\u00e9levons une goutte de sang pour l\u2019analyser. L\u2019objectif premier de l\u2019enqu\u00eate est de r\u00e9aliser une cartographie des infections pour savoir comment le virus se propage et affiner nos op\u00e9rations de d\u00e9sinsectisations\u00a0\u00bb, d\u00e9taille Thomas Margueron, responsable du service sant\u00e9 environnement de l\u2019ARS.<\/p>\n<p>Depuis le 15 juillet dernier, ce sont sept \u00ab\u00a0traitements adulticides\u00a0\u00bb, qui ont \u00e9t\u00e9 effectu\u00e9s. Concr\u00e8tement, il s\u2019agit d\u2019\u00e9pandre de faibles doses d\u2019insecticides dans les zones d\u2019habitat des moustiques tigres telles que les haies.<\/p>\n<p>\u2018\u2018Concentrer les efforts pour \u00e9viter que le virus se propage\u2019\u2019<\/p>\n<p>L\u2019autre vocation de cette enqu\u00eate \u00e9tait de conna\u00eetre les d\u00e9placements des personnes suspect\u00e9es d\u2019avoir \u00e9t\u00e9 malades. \u00ab\u00a0Typiquement le domicile d\u2019amis chez qui elles seraient all\u00e9es d\u00eener\u00a0\u00bb, poursuit l\u2019ing\u00e9nieur sanitaire.<\/p>\n<p>La finalit\u00e9 est, une fois encore, de pouvoir d\u00e9sinsectiser lesdites zones o\u00f9 les personnes infect\u00e9es se sont rendues. Car elles ont pu y \u00eatre piqu\u00e9es par des moustiques locaux qui auraient \u00e9t\u00e9 contamin\u00e9s \u00e0 leur tour et pourraient devenir vecteur d\u2019un nouveau foyer de contagion.<\/p>\n<p>\u00ab\u00a0\u00c0 l\u2019image des soldats du feu, notre strat\u00e9gie consiste \u00e0 concentrer tous nos efforts sur un foyer naissant afin d\u2019\u00e9viter qu\u2019il se propage. Car si le virus chikungunya a un taux de mortalit\u00e9 tr\u00e8s faible, environ un cas sur mille, cela reste une maladie tr\u00e8s invalidante avec un risque non n\u00e9gligeable d\u2019engorgement des urgences par des personnes pr\u00e9sentant des facteurs de comorbidit\u00e9s\u00a0\u00bb, souligne Thomas Margueron.<\/p>\n<p>\u00ab\u00a0Une infestation d\u2019ampleur\u00a0\u00bb<\/p>\n<p>Pour l\u2019heure, les contaminations se concentrent au sein d\u2019un domaine fr\u00e9jusien bordant le vallon de Valescure. Mais l\u2019Agence r\u00e9gionale de sant\u00e9 invite les r\u00e9sidents de tout ce secteur \u00e0 rester vigilants et \u00e0 se prot\u00e9ger.<\/p>\n<p>En d\u00e9truisant les g\u00eetes larvaires form\u00e9s par des r\u00e9serves d\u2019eau stagnante comme les soucoupes de pots de fleurs. Mais aussi en s\u2019enduisant de r\u00e9pulsif anti-moustique cutan\u00e9,.<\/p>\n<p>\u00ab\u00a0S\u2019il n\u2019est pas conseill\u00e9 d\u2019en utiliser quotidiennement en temps normal, c\u2019est vraiment important dans ces conditions\u00a0\u00bb, assure le responsable de l\u2019ARS qui alerte: \u00ab\u00a0Fr\u00e9jus est le principal foyer d\u2019infections du Var. Ce qui nous a marqu\u00e9s, c\u2019est le fait d\u2019avoir pu pi\u00e9ger des moustiques porteurs du virus, ce qui est un ph\u00e9nom\u00e8ne assez rare. Pour nous, cela r\u00e9v\u00e8le une infestation d\u2019ampleur\u00a0\u00bb.<\/p>\n<p>              <img ci-src=\"https:\/\/www.varmatin.com\/securite\/protec\/DATA_ART_16111156-DPyU4Crt.jpg?vh=c22bab&amp;ci_seal=b32999b144\" alt=\"\"\/><br \/>\n        Un Aedes albopictus. Photo MAXPPP <\/p>\n<p>            Le \u00ab\u00a0chik\u00a0\u00bb, maladie rarement mortelle<\/p>\n<p>Le chikungunya (en abr\u00e9g\u00e9, le chik) est une maladie virale transmise \u00e0 l\u2019humain par la piq\u00fbre, notamment, des moustiques tigres (Aedes albopictus).<\/p>\n<p>Bien que rarement l\u00e9thale, cette maladie cause le plus souvent des douleurs articulaires intenses apr\u00e8s de 2 \u00e0 10 jours d\u2019incubation.<\/p>\n<p>D\u2019o\u00f9 son nom qui signifie \u2018\u2018maladie de l\u2019homme courb\u00e9\u2019\u2019 en Makond\u00e9, langue d\u2019Afrique de l\u2019Est. \u00c0 cette arthralgie s\u2019ajoutent fr\u00e9quemment de la fi\u00e8vre et des maux de t\u00eate.<\/p>\n<p>Dans certains cas, des formes neurologiques graves peuvent survenir, notamment des m\u00e9ningo-enc\u00e9phalites et des atteintes des nerfs p\u00e9riph\u00e9riques.<\/p>\n<p>Ces derni\u00e8res sont principalement rencontr\u00e9es chez des personnes \u00e2g\u00e9es ou au syst\u00e8me immunitaire affaibli, ainsi que chez des nouveau-n\u00e9s infect\u00e9s in utero\u202fen m\u00eame temps que la m\u00e8re.<\/p>\n","protected":false},"excerpt":{"rendered":"\u00ab\u00a0Bonjour, avez-vous eu de la fi\u00e8vre au cours des derni\u00e8res semaines? D\u2019importantes courbatures?\u00a0\u00bb Mercredi et jeudi, huit agents&hellip;\n","protected":false},"author":2,"featured_media":334858,"comment_status":"","ping_status":"","sticky":false,"template":"","format":"standard","meta":{"footnotes":""},"categories":[10],"tags":[1011,27,72,71,656],"class_list":{"0":"post-334857","1":"post","2":"type-post","3":"status-publish","4":"format-standard","5":"has-post-thumbnail","7":"category-sante","8":"tag-fr","9":"tag-france","10":"tag-health","11":"tag-sante","12":"tag-securite"},"share_on_mastodon":{"url":"https:\/\/pubeurope.com\/@fr\/115068957219162993","error":""},"_links":{"self":[{"href":"https:\/\/www.europesays.com\/fr\/wp-json\/wp\/v2\/posts\/334857","targetHints":{"allow":["GET"]}}],"collection":[{"href":"https:\/\/www.europesays.com\/fr\/wp-json\/wp\/v2\/posts"}],"about":[{"href":"https:\/\/www.europesays.com\/fr\/wp-json\/wp\/v2\/types\/post"}],"author":[{"embeddable":true,"href":"https:\/\/www.europesays.com\/fr\/wp-json\/wp\/v2\/users\/2"}],"replies":[{"embeddable":true,"href":"https:\/\/www.europesays.com\/fr\/wp-json\/wp\/v2\/comments?post=334857"}],"version-history":[{"count":0,"href":"https:\/\/www.europesays.com\/fr\/wp-json\/wp\/v2\/posts\/334857\/revisions"}],"wp:featuredmedia":[{"embeddable":true,"href":"https:\/\/www.europesays.com\/fr\/wp-json\/wp\/v2\/media\/334858"}],"wp:attachment":[{"href":"https:\/\/www.europesays.com\/fr\/wp-json\/wp\/v2\/media?parent=334857"}],"wp:term":[{"taxonomy":"category","embeddable":true,"href":"https:\/\/www.europesays.com\/fr\/wp-json\/wp\/v2\/categories?post=334857"},{"taxonomy":"post_tag","embeddable":true,"href":"https:\/\/www.europesays.com\/fr\/wp-json\/wp\/v2\/tags?post=334857"}],"curies":[{"name":"wp","href":"https:\/\/api.w.org\/{rel}","templated":true}]}}