{"id":334861,"date":"2025-08-21T21:49:09","date_gmt":"2025-08-21T21:49:09","guid":{"rendered":"https:\/\/www.europesays.com\/fr\/334861\/"},"modified":"2025-08-21T21:49:09","modified_gmt":"2025-08-21T21:49:09","slug":"je-trouve-ca-tres-deplace-de-faire-le-coming-out-de-quelquun-zizou-brise-le-silence-et-sen-prend-a-la-production-des-cinquante","status":"publish","type":"post","link":"https:\/\/www.europesays.com\/fr\/334861\/","title":{"rendered":"Je trouve \u00e7a tr\u00e8s d\u00e9plac\u00e9 de faire le coming out de quelqu&rsquo;un\u00a0\u00bb, Zizou brise le silence et s\u2019en prend \u00e0 la production des \u00ab\u00a0Cinquante"},"content":{"rendered":"<p>Il aurait bien \u00e9videmment pr\u00e9f\u00e9r\u00e9 \u00eatre \u00e0 l\u2019origine de la r\u00e9v\u00e9lation. Depuis quelques heures, <strong>l\u2019influenceur Zizou fait parler de lui<\/strong> suite \u00e0 un extrait de l\u2019\u00e9mission <strong><a href=\"https:\/\/vsd.fr\/64082-les-cinquante-une-star-de-la-tele-des-annees-2000-au-casting\/\" target=\"_blank\" rel=\"noopener\">\u00ab\u00a0Les Cinquante\u00a0\u00bb<\/a><\/strong>, diffus\u00e9 sur le compte TikTok de W9 dans lequel <a href=\"https:\/\/www.public.fr\/les-cinquante-spoiler-le-frere-de-benjamin-samat-revele-avoir-ete-drague-par-zizou\" target=\"_blank\" rel=\"noopener\">on apprend sa bisexualit\u00e9<\/a>.\u00a0<\/p>\n<p>Pour rappel, la quatri\u00e8me saison de l\u2019\u00e9mission de W9 a \u00e9t\u00e9 lanc\u00e9e le 18 ao\u00fbt dernier. Comme lors des pr\u00e9c\u00e9dentes \u00e9ditions, les candidats et les t\u00e9l\u00e9spectateurs vont une nouvelle fois avoir droit \u00e0 de nombreuses \u00e9preuves, des histoires d\u2019amour, et des clashs.<\/p>\n<p>En effet, en plus des jeux organis\u00e9s par le Lion, les r\u00e9v\u00e9lations vont aussi secouer le ch\u00e2teau. Les t\u00e9l\u00e9spectateurs ont par exemple pu assister \u00e0 un intense r\u00e8glement de compte entre Martika et Julia Paredes. Mais dans les prochains \u00e9pisodes, ce sont <a href=\"https:\/\/www.public.fr\/des-larmes-de-crocodile-dans-les-cinquante-julia-paredes-et-martika-anciennement-amies-reglent-leurs-comptes\" target=\"_blank\" rel=\"noopener\">les r\u00e9v\u00e9lations de J\u00e9r\u00e9my Samat<\/a> qui vont le plus faire r\u00e9agir.<\/p>\n<p>J\u00e9r\u00e9my Samat fait une r\u00e9v\u00e9lation de taille sur Zizou<\/p>\n<p>Ce dernier, au cours d\u2019un \u00e9change avec Laura Lempika, va r\u00e9v\u00e9ler que l\u2019influenceur Zizou lui aurait fait du \u00ab\u00a0rentre-dedans\u00a0\u00bb sur les r\u00e9seaux sociaux il y a quelque temps. \u00ab\u00a0Il y a une autre personne qui m&rsquo;a fait du rentre-dedans\u00a0\u00bb, confie-t-il \u00e0 l\u2019ancienne compagne de Nikola Lozina.<\/p>\n<p>Le fr\u00e8re de Benjamin Samat a, dans un premier temps, cach\u00e9 l\u2019identit\u00e9 dudit homme lui ayant fait du \u00ab\u00a0rentre-dedans\u00a0\u00bb. N\u00e9anmoins, au risque de \u00ab\u00a0foutre la merde\u00a0\u00bb, il a finalement r\u00e9v\u00e9l\u00e9 qu\u2019il s\u2019agissait de Zizou.<\/p>\n<p>\u00ab\u00a0<strong>Zizou m&rsquo;a envoy\u00e9 des messages sur les r\u00e9seaux sociaux<\/strong>. Il me dit : &lsquo;tu me plais beaucoup, je ne comprends pas pourquoi tu ne me r\u00e9ponds pas'\u00a0\u00bb, a-t-il finalement r\u00e9v\u00e9l\u00e9 en salle d\u2019interview. Une r\u00e9v\u00e9lation qui n\u2019a pas manqu\u00e9 de faire r\u00e9agir les internautes.<\/p>\n<p>En effet, dans la section commentaires d\u2019une vid\u00e9o publi\u00e9e sur TikTok, dans laquelle ledit extrait est diffus\u00e9, nombre d\u2019internautes ont r\u00e9agi : \u00ab\u00a0Non mais en m\u00eame temps \u00e7a se voit comme le nez au milieu du visage\u00a0\u00bb, \u00ab\u00a0Merci de r\u00e9tablir la v\u00e9rit\u00e9\u00a0\u00bb, \u00ab\u00a0Ben oui, c&rsquo;est une \u00e9vidence\u00a0\u00bb, ont-ils comment\u00e9.<\/p>\n<p>Le candidat de l&rsquo;\u00e9mission \u00ab\u00a0Les Cinquante\u00a0\u00bb r\u00e9agit et s&rsquo;en prend \u00e0 W9<\/p>\n<p>Du c\u00f4t\u00e9 du principal int\u00e9ress\u00e9, la col\u00e8re gronde. En effet, <strong>Zizou a regrett\u00e9 le fait que W9 diffuse un tel extrait<\/strong> dans lequel nous apprenons sa bisexualit\u00e9, sans qu\u2019il n\u2019ait lui-m\u00eame fait l\u2019annonce officielle.\u00a0<\/p>\n<p>\u00ab\u00a0<strong>Je trouve \u00e7a tr\u00e8s d\u00e9plac\u00e9 de faire le coming-out de quelqu\u2019un<\/strong> alors que des jeunes vivent tr\u00e8s mal ce genre de situation. Et qu\u2019il en arrive \u00e0 se faire du mal\u00a0\u00bb, a-t-il d\u00e9plor\u00e9 en commentaires de la vid\u00e9o comme l\u2019a soulign\u00e9 le blogueur Aqababe.\u00a0<\/p>\n<p>      Mentionn\u00e9s dans cet article<\/p>\n<p>      Sur le m\u00eame sujet<\/p>\n","protected":false},"excerpt":{"rendered":"Il aurait bien \u00e9videmment pr\u00e9f\u00e9r\u00e9 \u00eatre \u00e0 l\u2019origine de la r\u00e9v\u00e9lation. Depuis quelques heures, l\u2019influenceur Zizou fait parler&hellip;\n","protected":false},"author":2,"featured_media":334862,"comment_status":"","ping_status":"","sticky":false,"template":"","format":"standard","meta":{"footnotes":""},"categories":[8],"tags":[15736,58,59,1011,27,32608,2395],"class_list":{"0":"post-334861","1":"post","2":"type-post","3":"status-publish","4":"format-standard","5":"has-post-thumbnail","7":"category-divertissement","8":"tag-coming-out","9":"tag-divertissement","10":"tag-entertainment","11":"tag-fr","12":"tag-france","13":"tag-les-cinquante","14":"tag-w9"},"share_on_mastodon":{"url":"https:\/\/pubeurope.com\/@fr\/115068965361093995","error":""},"_links":{"self":[{"href":"https:\/\/www.europesays.com\/fr\/wp-json\/wp\/v2\/posts\/334861","targetHints":{"allow":["GET"]}}],"collection":[{"href":"https:\/\/www.europesays.com\/fr\/wp-json\/wp\/v2\/posts"}],"about":[{"href":"https:\/\/www.europesays.com\/fr\/wp-json\/wp\/v2\/types\/post"}],"author":[{"embeddable":true,"href":"https:\/\/www.europesays.com\/fr\/wp-json\/wp\/v2\/users\/2"}],"replies":[{"embeddable":true,"href":"https:\/\/www.europesays.com\/fr\/wp-json\/wp\/v2\/comments?post=334861"}],"version-history":[{"count":0,"href":"https:\/\/www.europesays.com\/fr\/wp-json\/wp\/v2\/posts\/334861\/revisions"}],"wp:featuredmedia":[{"embeddable":true,"href":"https:\/\/www.europesays.com\/fr\/wp-json\/wp\/v2\/media\/334862"}],"wp:attachment":[{"href":"https:\/\/www.europesays.com\/fr\/wp-json\/wp\/v2\/media?parent=334861"}],"wp:term":[{"taxonomy":"category","embeddable":true,"href":"https:\/\/www.europesays.com\/fr\/wp-json\/wp\/v2\/categories?post=334861"},{"taxonomy":"post_tag","embeddable":true,"href":"https:\/\/www.europesays.com\/fr\/wp-json\/wp\/v2\/tags?post=334861"}],"curies":[{"name":"wp","href":"https:\/\/api.w.org\/{rel}","templated":true}]}}