{"id":334868,"date":"2025-08-21T21:53:11","date_gmt":"2025-08-21T21:53:11","guid":{"rendered":"https:\/\/www.europesays.com\/fr\/334868\/"},"modified":"2025-08-21T21:53:11","modified_gmt":"2025-08-21T21:53:11","slug":"la-gauche-fait-sa-rentree-des-clashs-liberation","status":"publish","type":"post","link":"https:\/\/www.europesays.com\/fr\/334868\/","title":{"rendered":"la gauche fait sa rentr\u00e9e des clashs \u2013 Lib\u00e9ration"},"content":{"rendered":"<p class=\"sc-ksZaOG ehjQrN text-element\">Ce soir de juin 2024, Rapha\u00ebl Glucksmann balade ses doutes sur les quais du canal Saint-Martin. Faut-il rejoindre le Nouveau Front populaire, avec les socialistes, les \u00e9cologistes et les insoumis ? Comment sceller une alliance l\u00e9gislative avec Jean-Luc M\u00e9lenchon apr\u00e8s <a href=\"https:\/\/www.liberation.fr\/politique\/raphael-glucksmann-prononce-une-rupture-totale-avec-ce-que-fait-la-france-insoumise-20240603_UCK72OEB4FB7VFLKFGADMKRZAE\/\" target=\"_blank\" rel=\"nofollow noopener\" title=\"https:\/\/www.liberation.fr\/politique\/raphael-glucksmann-prononce-une-rupture-totale-avec-ce-que-fait-la-france-insoumise-20240603_UCK72OEB4FB7VFLKFGADMKRZAE\/\">les affrontements de la campagne europ\u00e9enne<\/a> ? N\u2019a-t-il pas cess\u00e9 de r\u00e9p\u00e9ter qu\u2019il y avait deux gauches : la leur, et la sienne ? S\u2019interroge-t-il lorsqu\u2019une jeune fille \u00e0 v\u00e9lo s\u2019exclame : \u00abIl y a M\u00e9lenchon !\u00bb Sur le quai d\u2019en face, le chef des insoumis est en train de discuter avec <a href=\"https:\/\/www.liberation.fr\/politique\/il-y-a-une-chape-de-plomb-sophia-chikirou-linsoumise-qui-attire-la-tension-20231002_KZU4YUCUWBAONNFG25LUJ7PTBA\/\" target=\"_blank\" rel=\"nofollow noopener\" title=\"https:\/\/www.liberation.fr\/politique\/il-y-a-une-chape-de-plomb-sophia-chikirou-linsoumise-qui-attire-la-tension-20231002_KZU4YUCUWBAONNFG25LUJ7PTBA\/\">la d\u00e9put\u00e9e Sophia Chikirou<\/a>. Quelques jours plus tard, ils seront tous r\u00e9unis derri\u00e8re la m\u00eame banni\u00e8re. Une alliance forc\u00e9e vite enterr\u00e9e.<\/p>\n<p class=\"sc-ksZaOG ehjQrN text-element\">Un an plus tard, les deux hommes prennent en \u00e9tau le reste de la gauche, qui d\u00e9fend une candidature co<\/p>\n","protected":false},"excerpt":{"rendered":"Ce soir de juin 2024, Rapha\u00ebl Glucksmann balade ses doutes sur les quais du canal Saint-Martin. Faut-il rejoindre&hellip;\n","protected":false},"author":2,"featured_media":334869,"comment_status":"","ping_status":"","sticky":false,"template":"","format":"standard","meta":{"footnotes":""},"categories":[4],"tags":[11,47212,1011,27,18019,3081,780,12,15923,25],"class_list":{"0":"post-334868","1":"post","2":"type-post","3":"status-publish","4":"format-standard","5":"has-post-thumbnail","7":"category-france","8":"tag-actualites","9":"tag-bloquons-tout","10":"tag-fr","11":"tag-france","12":"tag-gauche-les-grands-travaux-pour-2027","13":"tag-jean-luc-melenchon","14":"tag-lfi","15":"tag-news","16":"tag-raphael-glucksmann","17":"tag-republique-francaise"},"share_on_mastodon":{"url":"https:\/\/pubeurope.com\/@fr\/115068980749441898","error":""},"_links":{"self":[{"href":"https:\/\/www.europesays.com\/fr\/wp-json\/wp\/v2\/posts\/334868","targetHints":{"allow":["GET"]}}],"collection":[{"href":"https:\/\/www.europesays.com\/fr\/wp-json\/wp\/v2\/posts"}],"about":[{"href":"https:\/\/www.europesays.com\/fr\/wp-json\/wp\/v2\/types\/post"}],"author":[{"embeddable":true,"href":"https:\/\/www.europesays.com\/fr\/wp-json\/wp\/v2\/users\/2"}],"replies":[{"embeddable":true,"href":"https:\/\/www.europesays.com\/fr\/wp-json\/wp\/v2\/comments?post=334868"}],"version-history":[{"count":0,"href":"https:\/\/www.europesays.com\/fr\/wp-json\/wp\/v2\/posts\/334868\/revisions"}],"wp:featuredmedia":[{"embeddable":true,"href":"https:\/\/www.europesays.com\/fr\/wp-json\/wp\/v2\/media\/334869"}],"wp:attachment":[{"href":"https:\/\/www.europesays.com\/fr\/wp-json\/wp\/v2\/media?parent=334868"}],"wp:term":[{"taxonomy":"category","embeddable":true,"href":"https:\/\/www.europesays.com\/fr\/wp-json\/wp\/v2\/categories?post=334868"},{"taxonomy":"post_tag","embeddable":true,"href":"https:\/\/www.europesays.com\/fr\/wp-json\/wp\/v2\/tags?post=334868"}],"curies":[{"name":"wp","href":"https:\/\/api.w.org\/{rel}","templated":true}]}}