{"id":334888,"date":"2025-08-21T22:06:15","date_gmt":"2025-08-21T22:06:15","guid":{"rendered":"https:\/\/www.europesays.com\/fr\/334888\/"},"modified":"2025-08-21T22:06:15","modified_gmt":"2025-08-21T22:06:15","slug":"journees-europeennes-du-patrimoine-et-journees-du-matrimoine-rouen-2025-date-horaires-exposants","status":"publish","type":"post","link":"https:\/\/www.europesays.com\/fr\/334888\/","title":{"rendered":"Journ\u00e9es Europ\u00e9ennes du patrimoine et journ\u00e9es du matrimoine Rouen 2025 : date, horaires, exposants"},"content":{"rendered":"<p class=\"fw-bold font-size-16 my-1\"> Du 20\/09\/2025 au 21\/09\/2025<\/p>\n<p class=\"fw-bold font-size-16 my-1\"> <a href=\"https:\/\/www.jds.fr\/rouen\/\" rel=\"nofollow noopener\" target=\"_blank\">Rouen<\/a><\/p>\n<p class=\"fw-bold font-size-16 my-1\"> NC <\/p>\n<p>Comme tous les ans, les monuments et mus\u00e9es du territoire de la M\u00e9tropole ouvriront gratuitement ou exclusivement leurs portes pour les Journ\u00e9es Europ\u00e9ennes du Patrimoine et du Matrimoine.<\/p>\n<p>Ces journ\u00e9es vous permettent de visiter des lieux habituellement non ouverts au public (tels que le Palais de justice de Rouen) et de participer \u00e0 des activit\u00e9s telles que des randonn\u00e9es, des visites guid\u00e9es, etc.<\/p>\n<p>Vous trouverez l&rsquo;ensemble de ce qui est propos\u00e9 dans le programme des Journ\u00e9es Europ\u00e9ennes du Patrimoine de la M\u00e9tropole.<\/p>\n<p>L&rsquo;inscription pour certaines visites se fait \u00e0 l&rsquo;avance aupr\u00e8s des diff\u00e9rents acteurs de l\u2019\u00e9v\u00e9nement. Pour les autres visites, il faudra se rendre directement le jour m\u00eame aux monuments, mus\u00e9es, etc., et esp\u00e9rer arriver parmi les premiers\u00a0!<\/p>\n<p class=\"text-italic font-size-12\">Cet \u00e9v\u00e9nement a \u00e9t\u00e9 renseign\u00e9 par un organisme institutionnel (Office de tourisme Rouen tourisme). Date de derni\u00e8re mise \u00e0 jour le 11\/06\/2025.<\/p>\n<p>            Renseignements<\/p>\n<p><strong class=\"font-size-18\">O\u00f9\u00a0:<\/strong><br \/><a class=\"mt-1 d-block \" href=\"https:\/\/www.jds.fr\/rouen\/\" rel=\"nofollow noopener\" target=\"_blank\">  76000 Rouen<\/a><\/p>\n<p>Dates et horaires\u00a0: <\/p>\n<ul class=\"liste-dates list-unstyled\" id=\"liste-dates-68a7985445897\">\n<li>du Samedi 20 Septembre 2025 au Dimanche 21 Septembre 2025<\/li>\n<\/ul>\n<p>Tarifs\u00a0:  <\/p>\n<p>Dans la m\u00eame rubrique<\/p>\n<ul class=\"mt-3 list-unstyled list-articles-v2\">\n<li class=\"col-12 pt-4\" data-view-id-type=\"1\" data-view-id=\"982342\" data-view-bc=\"0\"><a class=\"d-block titre text-black mb-1 mb-md-2\" href=\"https:\/\/www.jds.fr\/rouen\/foires-et-salons\/marches\/marche-d-auffay-982342_A\" rel=\"nofollow noopener\" target=\"_blank\">March\u00e9 d&rsquo;Auffay<\/a>Du 22\/08\/2025 au 25\/12\/2026 Val-de-ScieLe march\u00e9 d&rsquo;Auffay  s&rsquo;installe chaque vendredi matin dans le centre-ville o\u00f9 commerces et marchands s&rsquo;allient pour vous proposer toute une gamme de produits frais. Id\u00e9al pour [\u2026]<a class=\"image\" href=\"https:\/\/www.jds.fr\/rouen\/foires-et-salons\/marches\/marche-d-auffay-982342_A\" rel=\"nofollow noopener\" target=\"_blank\"><img decoding=\"async\" loading=\"lazy\" src=\"https:\/\/www.europesays.com\/fr\/wp-content\/uploads\/2025\/06\/braderie-16470-180-180.webp.webp\" width=\"180\" height=\"180\" alt=\"March\u00e9 d'Auffay\" class=\"border\"\/><\/a><\/li>\n<li class=\"col-12 pt-4\" data-view-id-type=\"1\" data-view-id=\"1085857\" data-view-bc=\"0\"><a class=\"image\" href=\"https:\/\/www.jds.fr\/rouen\/foires-et-salons\/marches\/marche-nocturne-des-producteurs-et-des-artisans-les-estivales-a-gremonville-1085857_A\" rel=\"nofollow noopener\" target=\"_blank\"><img decoding=\"async\" loading=\"lazy\" src=\"https:\/\/www.europesays.com\/fr\/wp-content\/uploads\/2025\/06\/braderie-16470-180-180.webp.webp\" width=\"180\" height=\"180\" alt=\"March\u00e9 nocturne des producteurs et des artisans les Estivales \u00e0 Gr\u00e9monville\" class=\"border\"\/><\/a><\/li>\n<li class=\"li_gp_div\">\n<\/li>\n<li class=\"col-12 pt-4\" data-view-id-type=\"1\" data-view-id=\"915463\" data-view-bc=\"0\"><a class=\"image\" href=\"https:\/\/www.jds.fr\/rouen\/foires-et-salons\/marches\/marche-hebdomadaire-915463_A\" rel=\"nofollow noopener\" target=\"_blank\"><img decoding=\"async\" loading=\"lazy\" src=\"https:\/\/www.europesays.com\/fr\/wp-content\/uploads\/2025\/06\/braderie-16470-180-180.webp.webp\" width=\"180\" height=\"180\" alt=\"March\u00e9 hebdomadaire\" class=\"border\"\/><\/a><\/li>\n<li class=\"col-12 pt-4\" data-view-id-type=\"1\" data-view-id=\"982338\" data-view-bc=\"0\"><a class=\"d-block titre text-black mb-1 mb-md-2\" href=\"https:\/\/www.jds.fr\/rouen\/foires-et-salons\/marches\/marche-de-totes-982338_A\" rel=\"nofollow noopener\" target=\"_blank\">March\u00e9 de T\u00f4tes<\/a>Du 27\/08\/2025 au 30\/12\/2026 T\u00f4tes<br \/>\nChaque mercredi matin de 8 h \u00e0 13 h, les marchands s&rsquo;installent sur la place pour le march\u00e9 hebdomadaire..  Vous y trouverez tout ce dont vous avez besoin\u00a0: fruits et [\u2026]<a class=\"image\" href=\"https:\/\/www.jds.fr\/rouen\/foires-et-salons\/marches\/marche-de-totes-982338_A\" rel=\"nofollow noopener\" target=\"_blank\"><img decoding=\"async\" loading=\"lazy\" src=\"https:\/\/www.europesays.com\/fr\/wp-content\/uploads\/2025\/06\/braderie-16470-180-180.webp.webp\" width=\"180\" height=\"180\" alt=\"March\u00e9 de T\u00f4tes\" class=\"border\"\/><\/a><\/li>\n<li class=\"col-12 pt-4\" data-view-id-type=\"1\" data-view-id=\"982441\" data-view-bc=\"0\"><a class=\"d-block titre text-black mb-1 mb-md-2\" href=\"https:\/\/www.jds.fr\/rouen\/foires-et-salons\/marches\/marche-de-bracquetuit-982441_A\" rel=\"nofollow noopener\" target=\"_blank\">March\u00e9 de Bracquetuit<\/a>Du 28\/08\/2025 au 31\/12\/2026 BracquetuitAfin de dynamiser le milieu rural et favoriser les circuits courts, la commune de Bracquetuit met en place un march\u00e9 semi-nocturne tous les jeudis de 16h \u00e0 19h sur le parking de [\u2026]<a class=\"image\" href=\"https:\/\/www.jds.fr\/rouen\/foires-et-salons\/marches\/marche-de-bracquetuit-982441_A\" rel=\"nofollow noopener\" target=\"_blank\"><img decoding=\"async\" loading=\"lazy\" src=\"https:\/\/www.europesays.com\/fr\/wp-content\/uploads\/2025\/06\/braderie-16470-180-180.webp.webp\" width=\"180\" height=\"180\" alt=\"March\u00e9 de Bracquetuit\" class=\"border\"\/><\/a><\/li>\n<li class=\"li_gp_div li_gp_div_infeed\"\/>\n<li class=\"col-12 pt-4\" data-view-id-type=\"1\" data-view-id=\"939373\" data-view-bc=\"0\"><a class=\"d-block titre text-black mb-1 mb-md-2\" href=\"https:\/\/www.jds.fr\/rouen\/foires-et-salons\/marches\/marche-nocturne-939373_A\" rel=\"nofollow noopener\" target=\"_blank\">March\u00e9 Nocturne<\/a>Le 29\/08\/2025 Montville<br \/>\nEnvie d&rsquo;activit\u00e9s insolites\u00a0?<br \/>\nMontville organise cette ann\u00e9e 2 march\u00e9s nocturnes les vendredis 4 juillet et 29 ao\u00fbt sur le parking Jean-Loup Chr\u00e9tien de 18h30 \u00e0 23 [\u2026]<a class=\"image\" href=\"https:\/\/www.jds.fr\/rouen\/foires-et-salons\/marches\/marche-nocturne-939373_A\" rel=\"nofollow noopener\" target=\"_blank\"><img decoding=\"async\" loading=\"lazy\" src=\"https:\/\/www.europesays.com\/fr\/wp-content\/uploads\/2025\/06\/braderie-16470-180-180.webp.webp\" width=\"180\" height=\"180\" alt=\"March\u00e9 Nocturne\" class=\"border\"\/><\/a><\/li>\n<li class=\"col-12 pt-4\" data-view-id-type=\"1\" data-view-id=\"915094\" data-view-bc=\"0\"><a class=\"d-block titre text-black mb-1 mb-md-2\" href=\"https:\/\/www.jds.fr\/rouen\/foires-et-salons\/marches\/marche-saint-marc-le-gout-du-panier-915094_A\" rel=\"nofollow noopener\" target=\"_blank\">March\u00e9 Saint-Marc, le go\u00fbt du panier<\/a>Le 30\/08\/2025 RouenOn vous emm\u00e8ne au march\u00e9 avec un passionn\u00e9 de gastronomie normande qui vous guide et vous conseille parmi les \u00e9tals. Produits locaux et saveurs gourmandes sont au [\u2026]<a class=\"image\" href=\"https:\/\/www.jds.fr\/rouen\/foires-et-salons\/marches\/marche-saint-marc-le-gout-du-panier-915094_A\" rel=\"nofollow noopener\" target=\"_blank\"><img decoding=\"async\" loading=\"lazy\" src=\"https:\/\/www.europesays.com\/fr\/wp-content\/uploads\/2025\/06\/braderie-16470-180-180.webp.webp\" width=\"180\" height=\"180\" alt=\"March\u00e9 Saint-Marc, le go\u00fbt du panier\" class=\"border\"\/><\/a><\/li>\n<li class=\"col-12 pt-4\" data-view-id-type=\"1\" data-view-id=\"795275\" data-view-bc=\"0\"><a class=\"d-block titre text-black mb-1 mb-md-2\" href=\"https:\/\/www.jds.fr\/rouen\/foires-et-salons\/marches\/foire-a-tout-marche-artisanal-loterie-795275_A\" rel=\"nofollow noopener\" target=\"_blank\">Foire \u00e0 tout\/ March\u00e9 artisanal\/Loterie.<\/a>Le 31\/08\/2025 Saint-Maclou-de-FollevilleVenez nombreux \u00e0 la foire \u00e0 tout, accompagn\u00e9e d&rsquo;un march\u00e9 artisanal ainsi que d&rsquo;une loterie organis\u00e9s par le comit\u00e9 des f\u00eates de Saint-Maclou-de-Folleville.<a class=\"image\" href=\"https:\/\/www.jds.fr\/rouen\/foires-et-salons\/marches\/foire-a-tout-marche-artisanal-loterie-795275_A\" rel=\"nofollow noopener\" target=\"_blank\"><img decoding=\"async\" loading=\"lazy\" src=\"https:\/\/www.europesays.com\/fr\/wp-content\/uploads\/2025\/06\/braderie-16470-180-180.webp.webp\" width=\"180\" height=\"180\" alt=\"Foire \u00e0 tout\/ March\u00e9 artisanal\/Loterie.\" class=\"border\"\/><\/a><\/li>\n<li class=\"col-12 pt-4\" data-view-id-type=\"1\" data-view-id=\"815445\" data-view-bc=\"0\"><a class=\"d-block titre text-black mb-1 mb-md-2\" href=\"https:\/\/www.jds.fr\/rouen\/foires-et-salons\/marches\/foire-de-la-rosiere-815445_A\" rel=\"nofollow noopener\" target=\"_blank\">Foire de la Rosi\u00e8re<\/a>Le 31\/08\/2025 Beaubec-la-Rosi\u00e8reConcours \u00e9questre, foire \u00e0 tout, stands de f\u00eates foraines, exposition de peintures<a class=\"image\" href=\"https:\/\/www.jds.fr\/rouen\/foires-et-salons\/marches\/foire-de-la-rosiere-815445_A\" rel=\"nofollow noopener\" target=\"_blank\"><img decoding=\"async\" loading=\"lazy\" src=\"https:\/\/www.europesays.com\/fr\/wp-content\/uploads\/2025\/06\/braderie-16470-180-180.webp.webp\" width=\"180\" height=\"180\" alt=\"Foire de la Rosi\u00e8re\" class=\"border\"\/><\/a><\/li>\n<li class=\"li_gp_div li_gp_div_infeed\"\/>\n<li class=\"col-12 pt-4\" data-view-id-type=\"1\" data-view-id=\"1079219\" data-view-bc=\"0\"><a class=\"image\" href=\"https:\/\/www.jds.fr\/rouen\/foires-et-salons\/marches\/portes-ouvertes-club-de-tricot-1079219_A\" rel=\"nofollow noopener\" target=\"_blank\"><img decoding=\"async\" loading=\"lazy\" src=\"https:\/\/www.europesays.com\/fr\/wp-content\/uploads\/2025\/06\/braderie-16470-180-180.webp.webp\" width=\"180\" height=\"180\" alt=\"Portes-ouvertes : Club de tricot\" class=\"border\"\/><\/a><\/li>\n<li class=\"col-12 pt-4\" data-view-id-type=\"1\" data-view-id=\"1085797\" data-view-bc=\"0\"><a class=\"d-block titre text-black mb-1 mb-md-2\" href=\"https:\/\/www.jds.fr\/rouen\/foires-et-salons\/marches\/marche-des-producteurs-a-gremonville-1085797_A\" rel=\"nofollow noopener\" target=\"_blank\">March\u00e9 des producteurs \u00e0 Gr\u00e9monville<\/a>Le 05\/09\/2025 Gr\u00e9monvilleMarch\u00e9 des producteurs se r\u00e9unissant sur la place de Gr\u00e9monville. Une douzaine d&rsquo;exposants pr\u00e9sents pour ce RDV mensuel.. March\u00e9 ouvert de 16h \u00e0 19h.<a class=\"image\" href=\"https:\/\/www.jds.fr\/rouen\/foires-et-salons\/marches\/marche-des-producteurs-a-gremonville-1085797_A\" rel=\"nofollow noopener\" target=\"_blank\"><img decoding=\"async\" loading=\"lazy\" src=\"https:\/\/www.europesays.com\/fr\/wp-content\/uploads\/2025\/06\/braderie-16470-180-180.webp.webp\" width=\"180\" height=\"180\" alt=\"March\u00e9 des producteurs \u00e0 Gr\u00e9monville\" class=\"border\"\/><\/a><\/li>\n<li class=\"col-12 pt-4\" data-view-id-type=\"1\" data-view-id=\"910888\" data-view-bc=\"0\"><a class=\"d-block titre text-black mb-1 mb-md-2\" href=\"https:\/\/www.jds.fr\/rouen\/foires-et-salons\/marches\/puces-jeanne-d-arc-910888_A\" rel=\"nofollow noopener\" target=\"_blank\">Puces Jeanne d\u2019Arc<\/a>Du 07\/09\/2025 au 05\/10\/2025 RouenUn dimanche par mois, la rue Jeanne d\u2019Arc se m\u00e9tamorphose en paradis du vintage\u00a0! Entre friperies tendance, brocanteurs passionn\u00e9s, vinyles collector et livres d\u2019antan, [\u2026]<a class=\"image\" href=\"https:\/\/www.jds.fr\/rouen\/foires-et-salons\/marches\/puces-jeanne-d-arc-910888_A\" rel=\"nofollow noopener\" target=\"_blank\"><img decoding=\"async\" loading=\"lazy\" src=\"https:\/\/www.europesays.com\/fr\/wp-content\/uploads\/2025\/06\/braderie-16470-180-180.webp.webp\" width=\"180\" height=\"180\" alt=\"Puces Jeanne d\u2019Arc\" class=\"border\"\/><\/a><\/li>\n<li class=\"col-12 pt-4\" data-view-id-type=\"1\" data-view-id=\"1103900\" data-view-bc=\"0\"><a class=\"d-block titre text-black mb-1 mb-md-2\" href=\"https:\/\/www.jds.fr\/rouen\/foires-et-salons\/marches\/salon-du-camping-car-de-rouen-1103900_A\" rel=\"nofollow noopener\" target=\"_blank\">Salon du Camping car de Rouen<\/a>Du 18\/09\/2025 au 21\/09\/2025 RouenManifestation commerciale regroupant trois distributeurs de v\u00e9hicules de loisirs, r\u00e9unis au sein de l\u2019association (A3CSM) Association des concessionnaires de camping-car de [\u2026]<a class=\"image\" href=\"https:\/\/www.jds.fr\/rouen\/foires-et-salons\/marches\/salon-du-camping-car-de-rouen-1103900_A\" rel=\"nofollow noopener\" target=\"_blank\"><img decoding=\"async\" loading=\"lazy\" src=\"https:\/\/www.europesays.com\/fr\/wp-content\/uploads\/2025\/06\/braderie-16470-180-180.webp.webp\" width=\"180\" height=\"180\" alt=\"Salon du Camping car de Rouen\" class=\"border\"\/><\/a><\/li>\n<li class=\"li_gp_div li_gp_div_infeed\"\/>\n<li class=\"col-12 pt-4\" data-view-id-type=\"1\" data-view-id=\"915568\" data-view-bc=\"0\"><a class=\"d-block titre text-black mb-1 mb-md-2\" href=\"https:\/\/www.jds.fr\/rouen\/foires-et-salons\/marches\/rouen-a-table-915568_A\" rel=\"nofollow noopener\" target=\"_blank\">Rouen \u00e0 Table\u00a0!<\/a>Du 08\/10\/2025 au 12\/10\/2025 Rouen<br \/>\nC\u2019est le retour tant attendu des gourmets, Rouen \u00e0 Table\u00a0! L&rsquo;\u00e9v\u00e9nement est de retour le week-end du 11 et 12 octobre en l&rsquo;honneur du r\u00e9seau des Villes Cr\u00e9atives UNESCO [\u2026]<a class=\"image\" href=\"https:\/\/www.jds.fr\/rouen\/foires-et-salons\/marches\/rouen-a-table-915568_A\" rel=\"nofollow noopener\" target=\"_blank\"><img decoding=\"async\" loading=\"lazy\" src=\"https:\/\/www.europesays.com\/fr\/wp-content\/uploads\/2025\/06\/braderie-16470-180-180.webp.webp\" width=\"180\" height=\"180\" alt=\"Rouen \u00e0 Table !\" class=\"border\"\/><\/a><\/li>\n<li class=\"col-12 pt-4\" data-view-id-type=\"1\" data-view-id=\"765528\" data-view-bc=\"0\"><a class=\"d-block titre text-black mb-1 mb-md-2\" href=\"https:\/\/www.jds.fr\/rouen\/foires-et-salons\/marches\/la-foire-saint-romain-765528_A\" rel=\"nofollow noopener\" target=\"_blank\">La Foire Saint Romain<\/a>Du 17\/10\/2025 au 16\/11\/2025 Rouen<br \/>\nLa Foire Saint-Romain illuminera la ville de Rouen du 17 octobre au 16 novembre 2025. .  Deuxi\u00e8me plus grande f\u00eate foraine de France apr\u00e8s la Foire du Tr\u00f4ne, la Foire [\u2026]<a class=\"image\" href=\"https:\/\/www.jds.fr\/rouen\/foires-et-salons\/marches\/la-foire-saint-romain-765528_A\" rel=\"nofollow noopener\" target=\"_blank\"><img decoding=\"async\" loading=\"lazy\" src=\"https:\/\/www.europesays.com\/fr\/wp-content\/uploads\/2025\/06\/braderie-16470-180-180.webp.webp\" width=\"180\" height=\"180\" alt=\"La Foire Saint Romain\" class=\"border\"\/><\/a><\/li>\n<li class=\"col-12 pt-4\" data-view-id-type=\"1\" data-view-id=\"1113038\" data-view-bc=\"0\"><a class=\"d-block titre text-black mb-1 mb-md-2\" href=\"https:\/\/www.jds.fr\/rouen\/foires-et-salons\/marches\/salon-du-mariage-et-de-la-fete-1113038_A\" rel=\"nofollow noopener\" target=\"_blank\">Salon du Mariage et de la f\u00eate<\/a>Du 07\/11\/2025 au 09\/11\/2025 RouenLe Salon du Mariage et de la F\u00eate est le rendez-vous incontournable pour les couples pr\u00e9parant le plus beau jour de leur vie.\n<p>C\u2019est aussi le lieu o\u00f9 tous ceux qui souhaitent [\u2026]<a class=\"image\" href=\"https:\/\/www.jds.fr\/rouen\/foires-et-salons\/marches\/salon-du-mariage-et-de-la-fete-1113038_A\" rel=\"nofollow noopener\" target=\"_blank\"><img decoding=\"async\" loading=\"lazy\" src=\"https:\/\/www.europesays.com\/fr\/wp-content\/uploads\/2025\/06\/braderie-16470-180-180.webp.webp\" width=\"180\" height=\"180\" alt=\"Salon du Mariage et de la f\u00eate\" class=\"border\"\/><\/a><\/li>\n<li class=\"col-12 pt-4\" data-view-id-type=\"1\" data-view-id=\"1116171\" data-view-bc=\"0\"><a class=\"d-block titre text-black mb-1 mb-md-2\" href=\"https:\/\/www.jds.fr\/rouen\/foires-et-salons\/marches\/rouen-givree-1116171_A\" rel=\"nofollow noopener\" target=\"_blank\">Rouen Givr\u00e9e<\/a>Du 21\/11\/2025 au 04\/01\/2026 Rouen<br \/>\nPlongez dans la magie de No\u00ebl avec Rouen Givr\u00e9e\u00a0! Fl\u00e2nez parmi les illuminations scintillantes et participez aux animations festives\u00a0:<\/p>\n<p>    parades<br \/>\n    ateliers [\u2026]<a class=\"image\" href=\"https:\/\/www.jds.fr\/rouen\/foires-et-salons\/marches\/rouen-givree-1116171_A\" rel=\"nofollow noopener\" target=\"_blank\"><img decoding=\"async\" loading=\"lazy\" src=\"https:\/\/www.europesays.com\/fr\/wp-content\/uploads\/2025\/06\/braderie-16470-180-180.webp.webp\" width=\"180\" height=\"180\" alt=\"Rouen Givr\u00e9e\" class=\"border\"\/><\/a><\/li>\n<li class=\"li_gp_div li_gp_div_infeed\"\/>\n<li class=\"col-12 pt-4\" data-view-id-type=\"1\" data-view-id=\"1116292\" data-view-bc=\"0\"><a class=\"d-block titre text-black mb-1 mb-md-2\" href=\"https:\/\/www.jds.fr\/rouen\/foires-et-salons\/marches\/marche-de-noel-1116292_A\" rel=\"nofollow noopener\" target=\"_blank\">March\u00e9 de No\u00ebl<\/a>Du 21\/11\/2025 au 28\/12\/2025 RouenLes petites cabanes blanches par\u00e9es de guirlandes prennent place sur le parvis de la cath\u00e9drale du jeudi 21 novembre au dimanche 28 d\u00e9cembre 2025. De nombreux chalets seront [\u2026]<a class=\"image\" href=\"https:\/\/www.jds.fr\/rouen\/foires-et-salons\/marches\/marche-de-noel-1116292_A\" rel=\"nofollow noopener\" target=\"_blank\"><img decoding=\"async\" loading=\"lazy\" src=\"https:\/\/www.europesays.com\/fr\/wp-content\/uploads\/2025\/06\/braderie-16470-180-180.webp.webp\" width=\"180\" height=\"180\" alt=\"March\u00e9 de No\u00ebl\" class=\"border\"\/><\/a><\/li>\n<\/ul>\n<p class=\"font-size-30 fw-bold lh-1 mt-0 mb-4\">Je trouve les meilleures sorties dans ma ville<\/p>\n<p>Les actualit\u00e9s \u00e0  Rouen<\/p>\n<ul class=\"mt-3 list-unstyled list-articles-v2\">\n<li class=\"col-12 pt-4\" data-view-id-type=\"1\" data-view-id=\"1131299\" data-view-bc=\"0\"><a class=\"image\" href=\"https:\/\/www.jds.fr\/rouen\/magazine\/sorties-du-week-end\/rouen-3-idees-sorties-sympa-pour-ce-week-end-22-au-24-aout-1131299_A\" rel=\"nofollow noopener\" target=\"_blank\"><img decoding=\"async\" loading=\"lazy\" src=\"https:\/\/www.europesays.com\/fr\/wp-content\/uploads\/2025\/08\/rouen-3-idees-sorties-sympa-pour-ce-week-end-22-au-1-697177-180-180.webp.webp\" width=\"180\" height=\"180\" alt=\"Rouen : 3 id\u00e9es sorties sympa pour ce week-end (22 au 24 ao\u00fbt)\" class=\"border\"\/><\/a><\/li>\n<\/ul>\n<p><a href=\"https:\/\/www.jds.fr\/rouen\/magazine\/\" class=\"btn btn-outline-primary py-2 px-4\" rel=\"nofollow noopener\" target=\"_blank\">Voir toutes les actualit\u00e9s \u00e0  Rouen<\/a><\/p>\n<p class=\"mt-0 mb-3 h2\">Newsletter JDS Rouen<\/p>\n<p class=\"font-size-18 fw-normal lh-sm\">Pr\u00eat pour un week-end de folie\u00a0? Chaque jeudi tous les bons plans sorties<\/p>\n","protected":false},"excerpt":{"rendered":"Du 20\/09\/2025 au 21\/09\/2025 Rouen NC Comme tous les ans, les monuments et mus\u00e9es du territoire de la&hellip;\n","protected":false},"author":2,"featured_media":40537,"comment_status":"","ping_status":"","sticky":false,"template":"","format":"standard","meta":{"footnotes":""},"categories":[9587],"tags":[1111,11,1777,674,1011,27,12,5161,25,9590],"class_list":{"0":"post-334888","1":"post","2":"type-post","3":"status-publish","4":"format-standard","5":"has-post-thumbnail","7":"category-rouen","8":"tag-actu","9":"tag-actualites","10":"tag-eu","11":"tag-europe","12":"tag-fr","13":"tag-france","14":"tag-news","15":"tag-normandie","16":"tag-republique-francaise","17":"tag-rouen"},"share_on_mastodon":{"url":"https:\/\/pubeurope.com\/@fr\/115069032611197291","error":""},"_links":{"self":[{"href":"https:\/\/www.europesays.com\/fr\/wp-json\/wp\/v2\/posts\/334888","targetHints":{"allow":["GET"]}}],"collection":[{"href":"https:\/\/www.europesays.com\/fr\/wp-json\/wp\/v2\/posts"}],"about":[{"href":"https:\/\/www.europesays.com\/fr\/wp-json\/wp\/v2\/types\/post"}],"author":[{"embeddable":true,"href":"https:\/\/www.europesays.com\/fr\/wp-json\/wp\/v2\/users\/2"}],"replies":[{"embeddable":true,"href":"https:\/\/www.europesays.com\/fr\/wp-json\/wp\/v2\/comments?post=334888"}],"version-history":[{"count":0,"href":"https:\/\/www.europesays.com\/fr\/wp-json\/wp\/v2\/posts\/334888\/revisions"}],"wp:featuredmedia":[{"embeddable":true,"href":"https:\/\/www.europesays.com\/fr\/wp-json\/wp\/v2\/media\/40537"}],"wp:attachment":[{"href":"https:\/\/www.europesays.com\/fr\/wp-json\/wp\/v2\/media?parent=334888"}],"wp:term":[{"taxonomy":"category","embeddable":true,"href":"https:\/\/www.europesays.com\/fr\/wp-json\/wp\/v2\/categories?post=334888"},{"taxonomy":"post_tag","embeddable":true,"href":"https:\/\/www.europesays.com\/fr\/wp-json\/wp\/v2\/tags?post=334888"}],"curies":[{"name":"wp","href":"https:\/\/api.w.org\/{rel}","templated":true}]}}