{"id":334889,"date":"2025-08-21T22:08:25","date_gmt":"2025-08-21T22:08:25","guid":{"rendered":"https:\/\/www.europesays.com\/fr\/334889\/"},"modified":"2025-08-21T22:08:25","modified_gmt":"2025-08-21T22:08:25","slug":"christine-morency-regle-ses-comptes-publiquement-avec-mona-de-grenoble","status":"publish","type":"post","link":"https:\/\/www.europesays.com\/fr\/334889\/","title":{"rendered":"Christine Morency r\u00e8gle ses comptes publiquement avec Mona de Grenoble"},"content":{"rendered":"<p>Christine s\u2019amuse \u00e0 faire un acrostiche avec le pr\u00e9nom Mona, et pour la lettre O, elle choisit le mot Oupelaye. Son explication, totalement humoristique, est franchement hilarante.<\/p>\n<p>\u00ab\u00a0\u00bbOupelaye\u00a0\u00bb, comme dans Oupelaye, Mona ne r\u00e9pond pas \u00e0 mes messages depuis trois jours. Mais Mona oublie que je suis dans une conversation de groupe dans laquelle elle r\u00e9pond \u00e0 la seconde que V\u00e9ronique Cloutier envoie un message.\u00bb<\/p>\n<p>Cliquez sur le bouton jouer pour voir l&rsquo;extrait:\u00a0<\/p>\n","protected":false},"excerpt":{"rendered":"Christine s\u2019amuse \u00e0 faire un acrostiche avec le pr\u00e9nom Mona, et pour la lettre O, elle choisit le&hellip;\n","protected":false},"author":2,"featured_media":334890,"comment_status":"","ping_status":"","sticky":false,"template":"","format":"standard","meta":{"footnotes":""},"categories":[9566],"tags":[1111,11,2430,47214,1777,674,1011,27,2731,40011,12,25,47213,47215],"class_list":{"0":"post-334889","1":"post","2":"type-post","3":"status-publish","4":"format-standard","5":"has-post-thumbnail","7":"category-grenoble","8":"tag-actu","9":"tag-actualites","10":"tag-auvergne-rhone-alpes","11":"tag-christine-morency","12":"tag-eu","13":"tag-europe","14":"tag-fr","15":"tag-france","16":"tag-grenoble","17":"tag-mona-de-grenoble","18":"tag-news","19":"tag-republique-francaise","20":"tag-roxane-bruneau","21":"tag-veronique-cloutier"},"share_on_mastodon":{"url":"https:\/\/pubeurope.com\/@fr\/115069039705507513","error":""},"_links":{"self":[{"href":"https:\/\/www.europesays.com\/fr\/wp-json\/wp\/v2\/posts\/334889","targetHints":{"allow":["GET"]}}],"collection":[{"href":"https:\/\/www.europesays.com\/fr\/wp-json\/wp\/v2\/posts"}],"about":[{"href":"https:\/\/www.europesays.com\/fr\/wp-json\/wp\/v2\/types\/post"}],"author":[{"embeddable":true,"href":"https:\/\/www.europesays.com\/fr\/wp-json\/wp\/v2\/users\/2"}],"replies":[{"embeddable":true,"href":"https:\/\/www.europesays.com\/fr\/wp-json\/wp\/v2\/comments?post=334889"}],"version-history":[{"count":0,"href":"https:\/\/www.europesays.com\/fr\/wp-json\/wp\/v2\/posts\/334889\/revisions"}],"wp:featuredmedia":[{"embeddable":true,"href":"https:\/\/www.europesays.com\/fr\/wp-json\/wp\/v2\/media\/334890"}],"wp:attachment":[{"href":"https:\/\/www.europesays.com\/fr\/wp-json\/wp\/v2\/media?parent=334889"}],"wp:term":[{"taxonomy":"category","embeddable":true,"href":"https:\/\/www.europesays.com\/fr\/wp-json\/wp\/v2\/categories?post=334889"},{"taxonomy":"post_tag","embeddable":true,"href":"https:\/\/www.europesays.com\/fr\/wp-json\/wp\/v2\/tags?post=334889"}],"curies":[{"name":"wp","href":"https:\/\/api.w.org\/{rel}","templated":true}]}}