{"id":334891,"date":"2025-08-21T22:09:47","date_gmt":"2025-08-21T22:09:47","guid":{"rendered":"https:\/\/www.europesays.com\/fr\/334891\/"},"modified":"2025-08-21T22:09:47","modified_gmt":"2025-08-21T22:09:47","slug":"tue-le-tue-le-un-homme-de-21-ans-tue-a-larme-blanche-la-victime-etait-poursuivie-par-une-dizaine-de-personnes-peu-avant-les-faits","status":"publish","type":"post","link":"https:\/\/www.europesays.com\/fr\/334891\/","title":{"rendered":"\u00ab\u00a0Tue le, tue le\u00a0\u00bb\u00a0: un homme de 21 ans tu\u00e9 \u00e0 l\u2019arme blanche, la victime \u00e9tait poursuivie par une dizaine de personnes peu avant les faits"},"content":{"rendered":"<p>\n                                                                    l&rsquo;essentiel<br \/>\n                                                                Un jeune homme de 21 ans a \u00e9t\u00e9 tu\u00e9 \u00e0 l\u2019arme blanche vendredi matin \u00e0 Rennes, pr\u00e8s d\u2019un point de deal. Des t\u00e9moins rapportent avoir vu un groupe d\u2019une dizaine de personnes le poursuivre peu avant les faits. Bless\u00e9e aux jambes et \u00e0 la poitrine, la victime n\u2019a pas surv\u00e9cu.\n                            <\/p>\n<p>Il n\u2019aura pas surv\u00e9cu \u00e0 ses blessures. Un jeune homme a \u00e9t\u00e9 tu\u00e9 vendredi 15\u00a0ao\u00fbt \u00e0 Rennes (Ille-et-Vilaine). La victime, \u00e2g\u00e9e de 21 ans, a re\u00e7u plusieurs plaies \u00e0 l\u2019arme blanche.<\/p>\n<p class=\"std-elt__inline\">\n        <strong>\u00c0 lire aussi :<\/strong><br \/>\n        <a href=\"https:\/\/www.ladepeche.fr\/2025\/08\/18\/equateur-sept-personnes-tuees-lors-dune-fusillade-dans-une-salle-de-billard-le-pays-connait-un-debut-dannee-parmi-les-plus-violent-de-son-histoire-12880882.php\" rel=\"nofollow noopener\" target=\"_blank\">\u00c9quateur\u00a0: sept personnes tu\u00e9es lors d\u2019une fusillade dans une salle de billard, le pays conna\u00eet un d\u00e9but d\u2019ann\u00e9e parmi les plus violents de son histoire<\/a>\n    <\/p>\n<p>Les faits se sont visiblement d\u00e9roul\u00e9s \u00e0 proximit\u00e9 d\u2019un point de deal. Les policiers ont \u00e9t\u00e9 appel\u00e9s vers 5\u00a0h du matin pour\u00a0intervenir dans le quartier de Maurepas. Sur les lieux, un homme inanim\u00e9 et ensanglant\u00e9 avait \u00e9t\u00e9\u00a0d\u00e9couvert par des passants, a pr\u00e9cis\u00e9 dans un communiqu\u00e9 le procureur de la R\u00e9publique adjoint, Jean-Marie Blin.<\/p>\n<p>Les secours n\u2019ont pu ranimer l\u2019homme qui pr\u00e9sentait des plaies par arme blanche notamment aux jambes et \u00e0 la poitrine, selon le procureur.<\/p>\n<p>Poursuivi<\/p>\n<p>La victime, demeurant dans l\u2019agglom\u00e9ration rennaise, avait d\u00e9j\u00e0 \u00e9t\u00e9 mise en cause dans des affaires li\u00e9es au trafic de drogue. \u00ab\u00a0Les constatations sur la sc\u00e8ne de crime permettent de supposer que les faits sont en lien avec l\u2019activit\u00e9 d\u2019un point de revente de stup\u00e9fiants proche du lieu de d\u00e9couverte du corps\u00a0\u00bb, souligne le procureur adjoint.<\/p>\n<p class=\"std-elt__inline\">\n        <strong>\u00c0 lire aussi :<\/strong><br \/>\n        <a href=\"https:\/\/www.ladepeche.fr\/2025\/08\/11\/decryptage-trafic-et-consommation-de-cocaine-la-france-face-a-un-tsunami-blanc-12867467.php\" rel=\"nofollow noopener\" target=\"_blank\">DECRYPTAGE. Trafic et consommation de coca\u00efne\u00a0: la France face \u00e0 un \u00ab\u00a0tsunami blanc\u00a0\u00bb<\/a>\n    <\/p>\n<p>Quelques instants avant leur intervention, les services de police avaient re\u00e7u un appel signalant qu\u2019un homme \u00e9tait poursuivi par une dizaine d\u2019autres personnes. Un voisin aurait entendu quelqu\u2019un crier \u00ab\u00a0tue-le, tue-le\u00a0\u00bb, pr\u00e9cise-t-il.<\/p>\n<p>Selon <a href=\"https:\/\/www.ouest-france.fr\/societe\/faits-divers\/meurtre-dun-homme-de-21-ans-a-rennes-ses-agresseurs-ont-crie-tue-le-tue-le-f85c24c2-79f3-11f0-a327-6ebe5461832d\" target=\"_self\" rel=\"nofollow noopener\">Ouest-France<\/a>, la victime a \u00e9t\u00e9 mortellement bless\u00e9e au niveau du centre commercial Gros-Ch\u00eane, un point de deal bien connu du quartier de Maurepas, et a parcouru 200 m\u00e8tres jusqu\u2019\u00e0 une station de m\u00e9tro voisine en laissant derri\u00e8re elle une tra\u00een\u00e9e de sang. C\u2019est \u00ab\u00a0dans une mare de sang\u00a0\u00bb que des passants ont d\u00e9couvert le jeune homme avant d\u2019appeler les secours, selon une source polici\u00e8re. La Division de la criminalit\u00e9 organis\u00e9e et sp\u00e9cialis\u00e9e (DCOS, ex police judiciaire) a \u00e9t\u00e9 saisie de l\u2019enqu\u00eate.<\/p>\n","protected":false},"excerpt":{"rendered":"l&rsquo;essentiel Un jeune homme de 21 ans a \u00e9t\u00e9 tu\u00e9 \u00e0 l\u2019arme blanche vendredi matin \u00e0 Rennes, pr\u00e8s&hellip;\n","protected":false},"author":2,"featured_media":334892,"comment_status":"","ping_status":"","sticky":false,"template":"","format":"standard","meta":{"footnotes":""},"categories":[2821],"tags":[1111,11,829,1777,674,1011,27,12,584,25],"class_list":{"0":"post-334891","1":"post","2":"type-post","3":"status-publish","4":"format-standard","5":"has-post-thumbnail","7":"category-rennes","8":"tag-actu","9":"tag-actualites","10":"tag-bretagne","11":"tag-eu","12":"tag-europe","13":"tag-fr","14":"tag-france","15":"tag-news","16":"tag-rennes","17":"tag-republique-francaise"},"share_on_mastodon":{"url":"https:\/\/pubeurope.com\/@fr\/115069047838915896","error":""},"_links":{"self":[{"href":"https:\/\/www.europesays.com\/fr\/wp-json\/wp\/v2\/posts\/334891","targetHints":{"allow":["GET"]}}],"collection":[{"href":"https:\/\/www.europesays.com\/fr\/wp-json\/wp\/v2\/posts"}],"about":[{"href":"https:\/\/www.europesays.com\/fr\/wp-json\/wp\/v2\/types\/post"}],"author":[{"embeddable":true,"href":"https:\/\/www.europesays.com\/fr\/wp-json\/wp\/v2\/users\/2"}],"replies":[{"embeddable":true,"href":"https:\/\/www.europesays.com\/fr\/wp-json\/wp\/v2\/comments?post=334891"}],"version-history":[{"count":0,"href":"https:\/\/www.europesays.com\/fr\/wp-json\/wp\/v2\/posts\/334891\/revisions"}],"wp:featuredmedia":[{"embeddable":true,"href":"https:\/\/www.europesays.com\/fr\/wp-json\/wp\/v2\/media\/334892"}],"wp:attachment":[{"href":"https:\/\/www.europesays.com\/fr\/wp-json\/wp\/v2\/media?parent=334891"}],"wp:term":[{"taxonomy":"category","embeddable":true,"href":"https:\/\/www.europesays.com\/fr\/wp-json\/wp\/v2\/categories?post=334891"},{"taxonomy":"post_tag","embeddable":true,"href":"https:\/\/www.europesays.com\/fr\/wp-json\/wp\/v2\/tags?post=334891"}],"curies":[{"name":"wp","href":"https:\/\/api.w.org\/{rel}","templated":true}]}}