{"id":334897,"date":"2025-08-21T22:12:38","date_gmt":"2025-08-21T22:12:38","guid":{"rendered":"https:\/\/www.europesays.com\/fr\/334897\/"},"modified":"2025-08-21T22:12:38","modified_gmt":"2025-08-21T22:12:38","slug":"circuler-dans-le-secteur-des-halles-sera-complexe-pendant-2-mois","status":"publish","type":"post","link":"https:\/\/www.europesays.com\/fr\/334897\/","title":{"rendered":"circuler dans le secteur des Halles sera complexe pendant 2 mois"},"content":{"rendered":"<p>    <img loading=\"lazy\" width=\"1800\" height=\"900\" src=\"https:\/\/www.europesays.com\/fr\/wp-content\/uploads\/2025\/04\/jeanne-callthepolice.jpg\" class=\"attachment-full size-full\" alt=\"\" id=\"imageLove\" decoding=\"async\"  \/><\/p>\n<p id=\"breadcrumbs\"><a href=\"https:\/\/pokaa.fr\/\" target=\"_blank\" rel=\"noopener\">Accueil<\/a> \/ <a href=\"https:\/\/pokaa.fr\/categories\/actu\/\" target=\"_blank\" rel=\"noopener\">Info locale<\/a> \/ Travaux \u00e0 Strasbourg : circuler dans le secteur des Halles sera complexe pendant 2 mois<\/p>\n<p>                    Info locale<\/p>\n<p class=\"p1\"><b>\u00c0 partir du 22 ao\u00fbt, le secteur des Halles entre dans sa derni\u00e8re phase de travaux. Fermeture totale de la rue des Halles pendant une semaine, chantier de la rue du Travail et am\u00e9nagement du nouveau square de 4 000 m2 : tout le quartier va changer, et cela va provoquer quelques perturbations dans les prochaines semaines.<\/b><\/p>\n<p>Le secteur des Halles a bient\u00f4t termin\u00e9 sa mue. <a href=\"https:\/\/pokaa.fr\/2024\/10\/23\/strasbourg-en-travaux-la-grande-transformation-du-secteur-des-halles-a-commence\/\" target=\"_blank\" rel=\"noopener\">D\u00e9marr\u00e9e il y a un an<\/a>, elle est pass\u00e9e par plusieurs phases de travaux, <b>portant notamment sur la transformation de la gare routi\u00e8re en \u00ab\u00a0hub multimodal\u00a0\u00bb, avec les cars interurbains ne stationnant plus dans le secteur<\/b>.<\/p>\n<p>On peut \u00e9galement remarquer <strong>la piste bidirectionnelle de la rue de S\u00e9bastopol<\/strong>, qui b\u00e9n\u00e9ficie \u00e9galement de trottoirs plus grands c\u00f4t\u00e9 commerces.<\/p>\n<p>                <a href=\"https:\/\/pokaa.fr\/2025\/06\/19\/strasbourg-le-secteur-des-halles-est-un-hub-multimodal-depuis-lundi-mais-cest-quoi\/\" target=\"_blank\" rel=\"noopener\"><br \/>\n                    <img width=\"450\" height=\"270\" src=\"https:\/\/www.europesays.com\/fr\/wp-content\/uploads\/2025\/08\/ok-450x270.png\" class=\"attachment-card-horizontal--same-subject size-card-horizontal--same-subject wp-post-image\" alt=\"\" decoding=\"async\" loading=\"lazy\"\/>                <\/a><\/p>\n<p>    <img width=\"800\" height=\"600\" src=\"https:\/\/www.europesays.com\/fr\/wp-content\/uploads\/2025\/08\/img-1453-800x600.jpeg\" class=\"attachment-image-size-L size-image-size-L\" alt=\"halles travaux\" decoding=\"async\" loading=\"lazy\"  \/>         \u00a9 Anthony Jilli \/ Pokaa <\/p>\n<p>Dans le m\u00eame temps, la circulation est plus compliqu\u00e9e dans le secteur depuis quelques semaines, <b>avec l\u2019am\u00e9nagement de voies r\u00e9serv\u00e9es aux transports en commun entre Hautepierre et les Halles<\/b>. Et alors que l\u2019on rentre dans le dernier trimestre de l\u2019ann\u00e9e 2025, <strong>il reste encore plusieurs travaux \u00e0 mener<\/strong> avant la livraison totale du secteur. Des travaux qui vont \u00e9galement provoquer quelques soucis de circulation.<\/p>\n<p>                <a href=\"https:\/\/pokaa.fr\/2025\/07\/09\/strasbourg-pendant-5-mois-circuler-dans-le-secteur-des-halles-sannonce-complique\/\" target=\"_blank\" rel=\"noopener\"><br \/>\n                    <img width=\"450\" height=\"270\" src=\"https:\/\/www.europesays.com\/fr\/wp-content\/uploads\/2025\/08\/capture-decran-2025-07-09-a-145631-450x270.png\" class=\"attachment-card-horizontal--same-subject size-card-horizontal--same-subject wp-post-image\" alt=\"\" decoding=\"async\" loading=\"lazy\"\/>                <\/a><\/p>\n<p>                <img width=\"375\" height=\"500\" src=\"https:\/\/www.europesays.com\/fr\/wp-content\/uploads\/2025\/08\/img-1452-375x500.jpeg\" class=\"attachment-gallery size-gallery\" alt=\"halles travaux\" data-full-url=\"https:\/\/pokaa.fr\/wp-content\/uploads\/2025\/08\/21\/img-1452.jpeg\" decoding=\"async\" loading=\"lazy\"  \/>            <\/p>\n<p>                <img width=\"667\" height=\"500\" src=\"https:\/\/www.europesays.com\/fr\/wp-content\/uploads\/2025\/08\/img-1438-667x500.jpeg\" class=\"attachment-gallery size-gallery\" alt=\"halles travaux\" data-full-url=\"https:\/\/pokaa.fr\/wp-content\/uploads\/2025\/08\/21\/img-1438.jpeg\" decoding=\"async\" loading=\"lazy\"  \/>            <\/p>\n<p>                    \u00a9 Anthony Jilli \/ Pokaa<\/p>\n<p>Du 22 au 29 ao\u00fbt : fermeture totale de la rue des Halles<\/p>\n<p class=\"p1\">La premi\u00e8re complication d\u00e9bute ce vendredi 22 ao\u00fbt : <b>pendant une semaine, jusqu\u2019au 29 ao\u00fbt, la rue des Halles sera ferm\u00e9e \u00e0 la circulation<\/b>. En cause : les travaux de reprise de la structure de la chauss\u00e9e et les enrob\u00e9s d\u00e9finitifs. En cas de conditions m\u00e9t\u00e9orologiques d\u00e9favorables, les travaux pourraient durer plus longtemps.<\/p>\n<p>                <img width=\"531\" height=\"500\" src=\"https:\/\/www.europesays.com\/fr\/wp-content\/uploads\/2025\/08\/schema-1-circulation-rue-des-halles-531x500.jpg\" class=\"attachment-gallery size-gallery\" alt=\"Sche\u0301ma 1 \u2013 circulation rue des Halles\" data-full-url=\"https:\/\/pokaa.fr\/wp-content\/uploads\/2025\/08\/21\/schema-1-circulation-rue-des-halles.jpg\" decoding=\"async\" loading=\"lazy\"  \/>            <\/p>\n<p>                <img width=\"667\" height=\"500\" src=\"https:\/\/www.europesays.com\/fr\/wp-content\/uploads\/2025\/08\/img-1440-667x500.jpeg\" class=\"attachment-gallery size-gallery\" alt=\"halles travaux\" data-full-url=\"https:\/\/pokaa.fr\/wp-content\/uploads\/2025\/08\/21\/img-1440.jpeg\" decoding=\"async\" loading=\"lazy\"  \/>            <\/p>\n<p>                <img width=\"667\" height=\"500\" src=\"https:\/\/www.europesays.com\/fr\/wp-content\/uploads\/2025\/08\/img-1435-667x500.jpeg\" class=\"attachment-gallery size-gallery\" alt=\"halles travaux\" data-full-url=\"https:\/\/pokaa.fr\/wp-content\/uploads\/2025\/08\/21\/img-1435.jpeg\" decoding=\"async\" loading=\"lazy\"  \/>            <\/p>\n<p>                    1. \u00a9 Ville de Strasbourg \/ Document remis ; 2. 3. \u00a9 Anthony Jilli \/ Pokaa<\/p>\n<p><b>Ainsi, l\u2019acc\u00e8s aux parkings P1 et P3 s\u2019effectuera respectivement par les rues du Marais-Vert et de S\u00e9bastopol<\/b>. Par ailleurs, il sera exceptionnellement possible de tourner \u00e0 droite depuis la voie de bus r\u00e9serv\u00e9e habituellement rue de S\u00e9bastopol, pour aller vers la rue du Marais-Vert.<\/p>\n<p>Enfin, l\u2019acc\u00e8s pour les livraisons du centre commercial Place des Halles se fera au sein du chantier.<\/p>\n<p>                <img width=\"667\" height=\"500\" src=\"https:\/\/www.europesays.com\/fr\/wp-content\/uploads\/2025\/08\/img-1428-667x500.jpeg\" class=\"attachment-gallery size-gallery\" alt=\"halles travaux\" data-full-url=\"https:\/\/pokaa.fr\/wp-content\/uploads\/2025\/08\/21\/img-1428.jpeg\" decoding=\"async\" loading=\"lazy\"  \/>            <\/p>\n<p>                <img width=\"667\" height=\"500\" src=\"https:\/\/www.europesays.com\/fr\/wp-content\/uploads\/2025\/08\/img-1437-667x500.jpeg\" class=\"attachment-gallery size-gallery\" alt=\"halles travaux\" data-full-url=\"https:\/\/pokaa.fr\/wp-content\/uploads\/2025\/08\/21\/img-1437.jpeg\" decoding=\"async\" loading=\"lazy\"  \/>            <\/p>\n<p>                <img width=\"667\" height=\"500\" src=\"https:\/\/www.europesays.com\/fr\/wp-content\/uploads\/2025\/08\/img-1443-667x500.jpeg\" class=\"attachment-gallery size-gallery\" alt=\"halles travaux\" data-full-url=\"https:\/\/pokaa.fr\/wp-content\/uploads\/2025\/08\/21\/img-1443.jpeg\" decoding=\"async\" loading=\"lazy\"  \/>            <\/p>\n<p>                    \u00a9 Anthony Jilli \/ Pokaa<\/p>\n<p>Du 1er septembre au 17 octobre : des travaux rue du Travail et l\u2019am\u00e9nagement du nouveau square<\/p>\n<p class=\"p1\">Apr\u00e8s ces premiers travaux, d\u2019autres prendront le relais \u00e0 partir du 1er septembre. <b>D\u2019abord au niveau de la rue du Travail, situ\u00e9e entre celles d\u2019Ingwiller et de S\u00e9bastopol<\/b>, avec des fouilles arch\u00e9ologiques pr\u00e9vues, puis l\u2019am\u00e9nagement du tout nouveau square des Halles.<\/p>\n<p class=\"p1\">Alors que les travaux de d\u00e9min\u00e9ralisation ont d\u00e9but\u00e9 d\u00e9but juillet, ce dernier pr\u00e9voit d\u2019\u00eatre un petit \u00e9crin de nature sur 4 000 m2. <b>D\u00e8s le 1er septembre, l\u2019aire de jeu, les bancs et la cl\u00f4ture du square seront enlev\u00e9s pour laisser la place aux futurs am\u00e9nagements et \u00e9quipements qui composeront le nouveau square<\/b>. L\u2019am\u00e9nagement final est pr\u00e9vu pour la fin d\u2019ann\u00e9e, voire d\u00e9but 2026.<\/p>\n<p>                <img width=\"559\" height=\"500\" src=\"https:\/\/www.europesays.com\/fr\/wp-content\/uploads\/2025\/08\/schema-2-circulation-rue-du-travail-559x500.jpg\" class=\"attachment-gallery size-gallery\" alt=\"Sche\u0301ma 2 \u2013 circulation rue du Travail\" data-full-url=\"https:\/\/pokaa.fr\/wp-content\/uploads\/2025\/08\/21\/schema-2-circulation-rue-du-travail.jpg\" decoding=\"async\" loading=\"lazy\"  \/>            <\/p>\n<p>                <img width=\"667\" height=\"500\" src=\"https:\/\/www.europesays.com\/fr\/wp-content\/uploads\/2025\/08\/img-1427-667x500.jpeg\" class=\"attachment-gallery size-gallery\" alt=\"halles travaux\" data-full-url=\"https:\/\/pokaa.fr\/wp-content\/uploads\/2025\/08\/21\/img-1427.jpeg\" decoding=\"async\" loading=\"lazy\"  \/>            <\/p>\n<p>                <img width=\"667\" height=\"500\" src=\"https:\/\/www.europesays.com\/fr\/wp-content\/uploads\/2025\/08\/img-1431-667x500.jpeg\" class=\"attachment-gallery size-gallery\" alt=\"halles travaux\" data-full-url=\"https:\/\/pokaa.fr\/wp-content\/uploads\/2025\/08\/21\/img-1431.jpeg\" decoding=\"async\" loading=\"lazy\"  \/>            <\/p>\n<p>                    1. \u00a9 Ville de Strasbourg \/ Document remis ; 2. 3. \u00a9 Anthony Jilli \/ Pokaa<\/p>\n<p>    <img width=\"800\" height=\"600\" src=\"https:\/\/www.europesays.com\/fr\/wp-content\/uploads\/2025\/08\/img-1448-800x600.jpeg\" class=\"attachment-image-size-L size-image-size-L\" alt=\"halles travaux\" decoding=\"async\" loading=\"lazy\"  \/>         \u00a9 Anthony Jilli \/ Pokaa <\/p>\n<p class=\"p1\"><strong>Ces diff\u00e9rents travaux entra\u00eeneront plusieurs perturbations au niveau de la circulation, entre le 1er septembre et le 17 octobre<\/strong>. Dans le d\u00e9tail :<\/p>\n<ul class=\"ul1\">\n<li class=\"li1\"><b>C\u00f4t\u00e9 voitures, la circulation en sens sortant sur la rue du Travail ne sera plus possible.<\/b><\/li>\n<li class=\"li1\">La contre-all\u00e9e de la Place des Halles sera d\u00e9di\u00e9e \u00e0 la circulation automobile vers la rue de S\u00e9bastopol pendant la p\u00e9riode. Ensuite, elle sera d\u00e9finitivement ferm\u00e9e \u00e0 la circulation.<\/li>\n<li class=\"li1\">Pour les v\u00e9los, l\u2019entr\u00e9e vers le centre-ville sera maintenue dans la circulation g\u00e9n\u00e9rale sur la contre-all\u00e9e de la Place des Halles ; <b>le sens sortant de la ville sera lui organis\u00e9 sur le trottoir de la Place des Halles, moyennant un marquage au sol<\/b>. \u00c7a promet du spectacle.<\/li>\n<li class=\"li1\">Les sorties du parking P2-S\u00e9bastopol se feront via les rues de S\u00e9bastopol et du Marais-Vert.<\/li>\n<li class=\"li1\">Enfin, le mouvement de tourne-\u00e0-droite depuis S\u00e9bastopol vers Marais-Vert sera autoris\u00e9 depuis la voie r\u00e9serv\u00e9e aux bus de la rue de S\u00e9bastopol sur cette p\u00e9riode.<\/li>\n<\/ul>\n<p class=\"p1\"><b>Des travaux qui vont encore perturber la circulation dans le secteur, avant de livrer tout un pan de ville transform\u00e9.<\/b><\/p>\n<p>                <img width=\"667\" height=\"500\" src=\"https:\/\/www.europesays.com\/fr\/wp-content\/uploads\/2025\/08\/img-1449-667x500.jpeg\" class=\"attachment-gallery size-gallery\" alt=\"halles travaux\" data-full-url=\"https:\/\/pokaa.fr\/wp-content\/uploads\/2025\/08\/21\/img-1449.jpeg\" decoding=\"async\" loading=\"lazy\"  \/>            <\/p>\n<p>                <img width=\"667\" height=\"500\" src=\"https:\/\/www.europesays.com\/fr\/wp-content\/uploads\/2025\/08\/img-1451-667x500.jpeg\" class=\"attachment-gallery size-gallery\" alt=\"halles travaux\" data-full-url=\"https:\/\/pokaa.fr\/wp-content\/uploads\/2025\/08\/21\/img-1451.jpeg\" decoding=\"async\" loading=\"lazy\"  \/>            <\/p>\n<p>                    \u00a9 Anthony Jilli \/ Pokaa<\/p>\n","protected":false},"excerpt":{"rendered":"Accueil \/ Info locale \/ Travaux \u00e0 Strasbourg : circuler dans le secteur des Halles sera complexe pendant&hellip;\n","protected":false},"author":2,"featured_media":334898,"comment_status":"","ping_status":"","sticky":false,"template":"","format":"standard","meta":{"footnotes":""},"categories":[2820],"tags":[1111,11,1777,674,1011,27,775,29138,12,25,640,2086],"class_list":{"0":"post-334897","1":"post","2":"type-post","3":"status-publish","4":"format-standard","5":"has-post-thumbnail","7":"category-strasbourg","8":"tag-actu","9":"tag-actualites","10":"tag-eu","11":"tag-europe","12":"tag-fr","13":"tag-france","14":"tag-grand-est","15":"tag-halles","16":"tag-news","17":"tag-republique-francaise","18":"tag-strasbourg","19":"tag-travaux"},"share_on_mastodon":{"url":"https:\/\/pubeurope.com\/@fr\/115069056459891020","error":""},"_links":{"self":[{"href":"https:\/\/www.europesays.com\/fr\/wp-json\/wp\/v2\/posts\/334897","targetHints":{"allow":["GET"]}}],"collection":[{"href":"https:\/\/www.europesays.com\/fr\/wp-json\/wp\/v2\/posts"}],"about":[{"href":"https:\/\/www.europesays.com\/fr\/wp-json\/wp\/v2\/types\/post"}],"author":[{"embeddable":true,"href":"https:\/\/www.europesays.com\/fr\/wp-json\/wp\/v2\/users\/2"}],"replies":[{"embeddable":true,"href":"https:\/\/www.europesays.com\/fr\/wp-json\/wp\/v2\/comments?post=334897"}],"version-history":[{"count":0,"href":"https:\/\/www.europesays.com\/fr\/wp-json\/wp\/v2\/posts\/334897\/revisions"}],"wp:featuredmedia":[{"embeddable":true,"href":"https:\/\/www.europesays.com\/fr\/wp-json\/wp\/v2\/media\/334898"}],"wp:attachment":[{"href":"https:\/\/www.europesays.com\/fr\/wp-json\/wp\/v2\/media?parent=334897"}],"wp:term":[{"taxonomy":"category","embeddable":true,"href":"https:\/\/www.europesays.com\/fr\/wp-json\/wp\/v2\/categories?post=334897"},{"taxonomy":"post_tag","embeddable":true,"href":"https:\/\/www.europesays.com\/fr\/wp-json\/wp\/v2\/tags?post=334897"}],"curies":[{"name":"wp","href":"https:\/\/api.w.org\/{rel}","templated":true}]}}