{"id":334901,"date":"2025-08-21T22:14:11","date_gmt":"2025-08-21T22:14:11","guid":{"rendered":"https:\/\/www.europesays.com\/fr\/334901\/"},"modified":"2025-08-21T22:14:11","modified_gmt":"2025-08-21T22:14:11","slug":"auxerre-saisit-la-lfp-dans-laffaire-lassine-sinayoko-france-aj-auxerre","status":"publish","type":"post","link":"https:\/\/www.europesays.com\/fr\/334901\/","title":{"rendered":"Auxerre saisit la LFP dans l\u2019affaire Lassine Sinayoko &#8211; France &#8211; AJ Auxerre"},"content":{"rendered":"<p>La vengeance est un plat qui se mange froid.<\/p>\n<p>\u00c7a chauffe entre l\u2019AJ Auxerre et l\u2019OGC Nice ces derniers jours autour du cas Lassine Sinayoko. Les Aiglons ont multipli\u00e9 les offres pour tenter d\u2019enr\u00f4ler l\u2019attaquant des Aja\u00efstes, ces derniers ont repouss\u00e9 ces avances \u00e0 plusieurs reprises, et le joueur de 25 ans devrait finalement \u00eatre recrut\u00e9 par le RC Lens. Une situation \u00e0 premi\u00e8re vue compl\u00e8tement normale en p\u00e9riode de mercato. Or, <strong>l\u2019AJA reproche au Gym d\u2019\u00eatre entr\u00e9 en contact directement avec l\u2019international malien<\/strong>, sans accord pr\u00e9alable.<\/p>\n<p>D\u2019apr\u00e8s les informations de <a target=\"_blank\" href=\"https:\/\/www.lequipe.fr\/Football\/Actualites\/Auxerre-a-saisi-la-commission-juridique-de-la-lfp-pour-son-differend-avec-nice-concernant-lassine-sinayoko\/1586566\" rel=\"noopener nofollow\">L\u2019\u00c9quipe<\/a>, <strong>Auxerre a donc saisi la commission juridique de la LFP<\/strong> et les faits devraient \u00eatre examin\u00e9s mardi. Le principal int\u00e9ress\u00e9 a \u00e9t\u00e9 contact\u00e9 par l\u2019UNFP pour s\u2019assurer que cette situation n\u2019avait pas d\u2019impact n\u00e9gatif sur lui. S\u2019il part se relancer \u00e0 Lens, il pourra respirer un peu d\u2019air (tr\u00e8s) frais pour se changer les id\u00e9es.<\/p>\n<p>Et dire que samedi il y a un explosif Nice-Auxerre qui s\u2019annonce. Miam !<\/p>\n<p>\t\t\t\t\t\t\t\t\t\t<a class=\"lien-connexe\" href=\"https:\/\/www.sofoot.com\/breves\/mercato-lassine-sinayoko-calme-le-jeu-avec-auxerre-en-vue-dun-depart-a-nice\" rel=\"nofollow noopener\" target=\"_blank\">Dans le viseur de Nice, Sinayoko ne boude pas l&rsquo;AJA<\/a>\t\t\t\t\t<\/p>\n","protected":false},"excerpt":{"rendered":"La vengeance est un plat qui se mange froid. \u00c7a chauffe entre l\u2019AJ Auxerre et l\u2019OGC Nice ces&hellip;\n","protected":false},"author":2,"featured_media":334902,"comment_status":"","ping_status":"","sticky":false,"template":"","format":"standard","meta":{"footnotes":""},"categories":[2819],"tags":[1111,47,11,61,69,65,64,1777,674,63,1011,27,68,66,12,62,2401,70,882,25,67],"class_list":{"0":"post-334901","1":"post","2":"type-post","3":"status-publish","4":"format-standard","5":"has-post-thumbnail","7":"category-nice","8":"tag-actu","9":"tag-actualite","10":"tag-actualites","11":"tag-actus-football","12":"tag-bundesliga","13":"tag-championnats-europeens","14":"tag-equipe-de-france","15":"tag-eu","16":"tag-europe","17":"tag-football","18":"tag-fr","19":"tag-france","20":"tag-ligua","21":"tag-ligue-1","22":"tag-news","23":"tag-news-foot","24":"tag-nice","25":"tag-premier-league","26":"tag-provence-alpes-cote-dazur","27":"tag-republique-francaise","28":"tag-serie-a"},"share_on_mastodon":{"url":"https:\/\/pubeurope.com\/@fr\/115069063256227081","error":""},"_links":{"self":[{"href":"https:\/\/www.europesays.com\/fr\/wp-json\/wp\/v2\/posts\/334901","targetHints":{"allow":["GET"]}}],"collection":[{"href":"https:\/\/www.europesays.com\/fr\/wp-json\/wp\/v2\/posts"}],"about":[{"href":"https:\/\/www.europesays.com\/fr\/wp-json\/wp\/v2\/types\/post"}],"author":[{"embeddable":true,"href":"https:\/\/www.europesays.com\/fr\/wp-json\/wp\/v2\/users\/2"}],"replies":[{"embeddable":true,"href":"https:\/\/www.europesays.com\/fr\/wp-json\/wp\/v2\/comments?post=334901"}],"version-history":[{"count":0,"href":"https:\/\/www.europesays.com\/fr\/wp-json\/wp\/v2\/posts\/334901\/revisions"}],"wp:featuredmedia":[{"embeddable":true,"href":"https:\/\/www.europesays.com\/fr\/wp-json\/wp\/v2\/media\/334902"}],"wp:attachment":[{"href":"https:\/\/www.europesays.com\/fr\/wp-json\/wp\/v2\/media?parent=334901"}],"wp:term":[{"taxonomy":"category","embeddable":true,"href":"https:\/\/www.europesays.com\/fr\/wp-json\/wp\/v2\/categories?post=334901"},{"taxonomy":"post_tag","embeddable":true,"href":"https:\/\/www.europesays.com\/fr\/wp-json\/wp\/v2\/tags?post=334901"}],"curies":[{"name":"wp","href":"https:\/\/api.w.org\/{rel}","templated":true}]}}