{"id":334903,"date":"2025-08-21T22:15:40","date_gmt":"2025-08-21T22:15:40","guid":{"rendered":"https:\/\/www.europesays.com\/fr\/334903\/"},"modified":"2025-08-21T22:15:40","modified_gmt":"2025-08-21T22:15:40","slug":"biocoop-les-hameaux-bio-ouvre-deux-espaces-dedies-a-la-transition-ecologique-a-pornic-kernews","status":"publish","type":"post","link":"https:\/\/www.europesays.com\/fr\/334903\/","title":{"rendered":"Biocoop Les Hameaux Bio ouvre deux espaces d\u00e9di\u00e9s \u00e0 la transition \u00e9cologique \u00e0 Pornic &#8211; Kernews"},"content":{"rendered":"<p data-start=\"232\" data-end=\"655\">Le magasin Biocoop Les Hameaux Bio de Pornic, r\u00e9cemment r\u00e9am\u00e9nag\u00e9, inaugure deux nouveaux espaces non marchands. Un comptoir de seconde main, en partenariat avec la Ressourcerie Le R\u00e9servoir, propose des objets du quotidien r\u00e9employ\u00e9s. Parall\u00e8lement, un tiers-lieu baptis\u00e9 La Friche accueille associations et initiatives citoyennes autour de la transition \u00e9cologique, tout en servant de salle de restauration le midi.<\/p>\n<p data-start=\"657\" data-end=\"920\">Ces am\u00e9nagements s\u2019inscrivent dans une strat\u00e9gie d\u2019ancrage territorial et de consommation responsable, renforc\u00e9e par une offre de restauration locale \u00e9largie, une circulation modernis\u00e9e et de nouveaux \u00e9quipements favorisant la biodiversit\u00e9 et la mobilit\u00e9 douce.<\/p>\n","protected":false},"excerpt":{"rendered":"Le magasin Biocoop Les Hameaux Bio de Pornic, r\u00e9cemment r\u00e9am\u00e9nag\u00e9, inaugure deux nouveaux espaces non marchands. Un comptoir&hellip;\n","protected":false},"author":2,"featured_media":334904,"comment_status":"","ping_status":"","sticky":false,"template":"","format":"standard","meta":{"footnotes":""},"categories":[2818],"tags":[1111,11,1777,674,1011,27,766,12,2636,25],"class_list":{"0":"post-334903","1":"post","2":"type-post","3":"status-publish","4":"format-standard","5":"has-post-thumbnail","7":"category-nantes","8":"tag-actu","9":"tag-actualites","10":"tag-eu","11":"tag-europe","12":"tag-fr","13":"tag-france","14":"tag-nantes","15":"tag-news","16":"tag-pays-de-la-loire","17":"tag-republique-francaise"},"share_on_mastodon":{"url":"https:\/\/pubeurope.com\/@fr\/115069067234003593","error":""},"_links":{"self":[{"href":"https:\/\/www.europesays.com\/fr\/wp-json\/wp\/v2\/posts\/334903","targetHints":{"allow":["GET"]}}],"collection":[{"href":"https:\/\/www.europesays.com\/fr\/wp-json\/wp\/v2\/posts"}],"about":[{"href":"https:\/\/www.europesays.com\/fr\/wp-json\/wp\/v2\/types\/post"}],"author":[{"embeddable":true,"href":"https:\/\/www.europesays.com\/fr\/wp-json\/wp\/v2\/users\/2"}],"replies":[{"embeddable":true,"href":"https:\/\/www.europesays.com\/fr\/wp-json\/wp\/v2\/comments?post=334903"}],"version-history":[{"count":0,"href":"https:\/\/www.europesays.com\/fr\/wp-json\/wp\/v2\/posts\/334903\/revisions"}],"wp:featuredmedia":[{"embeddable":true,"href":"https:\/\/www.europesays.com\/fr\/wp-json\/wp\/v2\/media\/334904"}],"wp:attachment":[{"href":"https:\/\/www.europesays.com\/fr\/wp-json\/wp\/v2\/media?parent=334903"}],"wp:term":[{"taxonomy":"category","embeddable":true,"href":"https:\/\/www.europesays.com\/fr\/wp-json\/wp\/v2\/categories?post=334903"},{"taxonomy":"post_tag","embeddable":true,"href":"https:\/\/www.europesays.com\/fr\/wp-json\/wp\/v2\/tags?post=334903"}],"curies":[{"name":"wp","href":"https:\/\/api.w.org\/{rel}","templated":true}]}}