{"id":334905,"date":"2025-08-21T22:16:31","date_gmt":"2025-08-21T22:16:31","guid":{"rendered":"https:\/\/www.europesays.com\/fr\/334905\/"},"modified":"2025-08-21T22:16:31","modified_gmt":"2025-08-21T22:16:31","slug":"qcd-nantes-faut-il-en-arriver-a-un-drame-avant-de-reagir-ufap","status":"publish","type":"post","link":"https:\/\/www.europesays.com\/fr\/334905\/","title":{"rendered":"QCD NANTES : Faut-il en arriver \u00e0 un drame avant de r\u00e9agir ? | UFAP"},"content":{"rendered":"<p>NANTES, le 21 ao\u00fbt 2025,<\/p>\n<p>Le quotidien du QCD de Nantes met en exergue un manque d\u2019effectif consid\u00e9rable. En se basant sur les donn\u00e9es statistiques fournies par la direction, ce ne sont pas moins de 40 surveillants qui manquent pour avoir un effectif complet. Afin d\u2019avoir juste les capacit\u00e9s pour que l\u2019\u00e9tablissement puisse fonctionner avec une couverture de poste de 91%, il faudrait 13 surveillants suppl\u00e9mentaires au QCD. Cela sans compter sur les effectifs du QSL sous \u00e9valu\u00e9s et qui n\u00e9cessitent des renforts quotidiens jour et nuit par les agents du QCD.<\/p>\n<p>R\u00e9sultat, un vrai casse-t\u00eate pour le service des agents ainsi que pour les brigadiers-chef encadrement \u00e0 chaque prise de poste, et, il n\u2019est pas rare, voire r\u00e9gulier, de retrouver 1 seul agent pour g\u00e9rer tout un b\u00e2timent de plusieurs \u00e9tages faute de personnel. Des services sont contraints de fermer, allant \u00e0 l\u2019encontre des pr\u00e9conisations de la MCI. Des modes d\u00e9grad\u00e9s<\/p>\n<p>se retrouvent institutionalis\u00e9s y compris dans des secteurs entiers. La s\u00e9curit\u00e9 des agents est mise en p\u00e9ril chaque jour. Les promenades, les parloirs, les UVF, le secteur \u00e9volutif, les ateliers, nul n\u2019est \u00e9pargn\u00e9.<\/p>\n<p>Chiffres \u00e0 l\u2019appui : le quartier du centre de d\u00e9tention a <strong>un taux de couverture de 84%<\/strong>. Durant le mois de juillet, <strong>les heures suppl\u00e9mentaires ont \u00e9t\u00e9 augment\u00e9es de 128% <\/strong>par rapport \u00e0 l\u2019an dernier pour pr\u00e8s de 4600 heures. Bon nombre d\u2019agent se retrouve avec un quota d\u2019heures suppl\u00e9mentaires qui explose sans que la direction CP ne tienne compte de l\u2019\u00e9puisement qui s\u2019installe. <strong>Les postes non couverts repr\u00e9sentent 906 heures soient 6 surveillants \u00e0 plein temps<\/strong>. Le poste de disponible n\u2019est pas compt\u00e9 dans ce total puisqu\u2019il n\u2019a pu \u00eatre couvert que 3 demi-journ\u00e9es dans le mois et qu\u2019il aurait fallu 2 agents de plus pour le couvrir (354 heures).<\/p>\n<p>Les m\u00e9thodes manag\u00e9riales ne font qu\u2019aggraver le climat d\u00e9l\u00e9t\u00e8re qui s\u2019accentue. Plut\u00f4t que de se battre, chiffres \u00e0 l\u2019appui, pour exiger du personnel, la tendance est \u00e0 \u00ab taper \u00bb sur les personnels pr\u00e9sents en voulant leur imposer des rappels suppl\u00e9mentaires. C\u2019est comme si un comptable gonflait artificiellement ses chiffres pour cacher un d\u00e9ficit. Les plannings<\/p>\n<p>pr\u00e9visionnels devraient, pourtant, \u00eatre au plus pr\u00e8s de l\u2019exigible annuel, soit 1582 heures pour un surveillant post\u00e9 conform\u00e9ment \u00e0 la charte de gestion. Or les agents sont actuellement pr\u00e9vus avec de 100 \u00e0 300 heures suppl\u00e9mentaires programm\u00e9es par an et la direction veut encore en ajouter\u2026<\/p>\n<p>Pire, les personnels sont aujourd\u2019hui menac\u00e9s de sanctions administratives (trenti\u00e8mes) lorsqu\u2019ils ne se pr\u00e9sentent pas sur certains rappels suppl\u00e9mentaires impos\u00e9s en derni\u00e8re<\/p>\n<p>minute. Ces menaces vont \u00e0 l\u2019encontre de la note DAP du 12\/02\/2025 qui affirme que les agents doivent \u00eatre pr\u00e9venus suffisamment \u00e0 l\u2019avance. Pour l\u2019<strong>UFAP UNSA Justice <\/strong>un d\u00e9lai de 14 heures semble clairement insuffisant une veille de week-end sachant que ce manque \u00e9tait connu par la direction depuis le d\u00e9but de la semaine. Il est \u00e9galement pr\u00e9cis\u00e9 sur cette m\u00eame note qu\u2019il ne doit pas y avoir de rappel sur la p\u00e9riode de RH pr\u00e9c\u00e9dant les CA.<\/p>\n<p>L\u2019<strong>UFAP UNSA Justice <\/strong>r\u00e9clame un minimum de consid\u00e9ration pour les agents qui donnent d\u00e9j\u00e0 beaucoup pendant cette p\u00e9riode estivale.<\/p>\n<p>L\u2019<strong>UFAP UNSA Justice <\/strong>incite la direction CP \u00e0 une prise de conscience de la r\u00e9alit\u00e9 du<\/p>\n<p>terrain car la situation RH catastrophique va s\u2019accentuer avec la campagne de mutation qui vient de se terminer et que de nouveaux d\u00e9parts \u00e0 la retraite sont pr\u00e9vus.<\/p>\n<p>De plus, la derni\u00e8re \u00ab fantaisie \u00bb de la direction est de rouvrir l\u2019ancienne MAF. Pour ce faire, seuls 3 agents seraient demand\u00e9s. Tout d\u2019abord, contrairement aux croyances de la direction, il n\u2019y a jamais eu 30 cellules dans ce secteur. Mais o\u00f9 sont pass\u00e9es les belles paroles sur le travail en s\u00e9curit\u00e9 ? On laisserait un agent seul dans un secteur, totalement isol\u00e9 ? Une meilleure connaissance des locaux et une concertation avec tous les personnels de terrain auraient pu \u00eatre opportun avant de prendre des d\u00e9cisions trop h\u00e2tives.<\/p>\n<p>Enfin, l\u2019<strong>UFAP UNSA Justice <\/strong>n\u2019oublie personne, le QMA, la SAS, le QSL et les ELSP souffrent aussi de conditions de travail difficiles et sont aussi en manque de personnel important. Il est temps d\u2019arr\u00eater de se voiler la face et de dire, comme cela a \u00e9t\u00e9 fait dans d\u2019autres \u00e9tablissements et directions interr\u00e9gionales, que l\u2019int\u00e9gralit\u00e9 du CP de Nantes a un besoin plus qu\u2019urgent en personnel.<\/p>\n<p>L\u2019<strong>UFAP UNSA Justice <\/strong>continuera activement aux r\u00e9unions relatives aux plannings pr\u00e9visionnels pr\u00e9vues comme \u00e0 son habitude. Nous gardons l\u2019espoir d\u2019y rencontrer un <strong>r\u00e9el DIALOGUE<\/strong>.<\/p>\n<p>Pour l\u2019UFAP UNSa Justice, les membres du bureau QCD<\/p>\n","protected":false},"excerpt":{"rendered":"NANTES, le 21 ao\u00fbt 2025, Le quotidien du QCD de Nantes met en exergue un manque d\u2019effectif consid\u00e9rable.&hellip;\n","protected":false},"author":2,"featured_media":334906,"comment_status":"","ping_status":"","sticky":false,"template":"","format":"standard","meta":{"footnotes":""},"categories":[2818],"tags":[1111,11,1777,674,1011,27,766,12,2636,25],"class_list":{"0":"post-334905","1":"post","2":"type-post","3":"status-publish","4":"format-standard","5":"has-post-thumbnail","7":"category-nantes","8":"tag-actu","9":"tag-actualites","10":"tag-eu","11":"tag-europe","12":"tag-fr","13":"tag-france","14":"tag-nantes","15":"tag-news","16":"tag-pays-de-la-loire","17":"tag-republique-francaise"},"share_on_mastodon":{"url":"https:\/\/pubeurope.com\/@fr\/115069071132533515","error":""},"_links":{"self":[{"href":"https:\/\/www.europesays.com\/fr\/wp-json\/wp\/v2\/posts\/334905","targetHints":{"allow":["GET"]}}],"collection":[{"href":"https:\/\/www.europesays.com\/fr\/wp-json\/wp\/v2\/posts"}],"about":[{"href":"https:\/\/www.europesays.com\/fr\/wp-json\/wp\/v2\/types\/post"}],"author":[{"embeddable":true,"href":"https:\/\/www.europesays.com\/fr\/wp-json\/wp\/v2\/users\/2"}],"replies":[{"embeddable":true,"href":"https:\/\/www.europesays.com\/fr\/wp-json\/wp\/v2\/comments?post=334905"}],"version-history":[{"count":0,"href":"https:\/\/www.europesays.com\/fr\/wp-json\/wp\/v2\/posts\/334905\/revisions"}],"wp:featuredmedia":[{"embeddable":true,"href":"https:\/\/www.europesays.com\/fr\/wp-json\/wp\/v2\/media\/334906"}],"wp:attachment":[{"href":"https:\/\/www.europesays.com\/fr\/wp-json\/wp\/v2\/media?parent=334905"}],"wp:term":[{"taxonomy":"category","embeddable":true,"href":"https:\/\/www.europesays.com\/fr\/wp-json\/wp\/v2\/categories?post=334905"},{"taxonomy":"post_tag","embeddable":true,"href":"https:\/\/www.europesays.com\/fr\/wp-json\/wp\/v2\/tags?post=334905"}],"curies":[{"name":"wp","href":"https:\/\/api.w.org\/{rel}","templated":true}]}}