{"id":334907,"date":"2025-08-21T22:17:32","date_gmt":"2025-08-21T22:17:32","guid":{"rendered":"https:\/\/www.europesays.com\/fr\/334907\/"},"modified":"2025-08-21T22:17:32","modified_gmt":"2025-08-21T22:17:32","slug":"bordeaux-metropole-10","status":"publish","type":"post","link":"https:\/\/www.europesays.com\/fr\/334907\/","title":{"rendered":"Bordeaux M\u00e9tropole"},"content":{"rendered":"<p>            <img decoding=\"async\" src=\"https:\/\/www.europesays.com\/fr\/wp-content\/uploads\/2025\/08\/7a20b670906f45f39fc586eb47c6cfca.base.image.jpg\" alt=\"L'In\u00e9vitable quoique surprenante ascension de Cassandra Lepic \u2022 Collectif aux Petits Oignons\"\/><br \/>\n              \u00a9Alain Cotten<\/p>\n<p><strong>R\u00eavez, r\u00eavez sinon nous sommes perdus !<\/strong><br \/>C\u2019est l\u2019histoire de Cassandra, une jeune fille ordinaire, fan absolue de Ridley Scott, dont le r\u00eave ultime est de faire du cin\u00e9ma. Et \u00f4 miracle, la voil\u00e0 s\u00e9lectionn\u00e9e pour un grand r\u00f4le \u00e0 Hollywood ! Ciao les losers. Adieu ciel gris, poulet du dimanche et soir\u00e9es devant L\u2019Amour est dans le pr\u00e9. Moteur ! Action ! Mais rien ne se passe comme pr\u00e9vu dans cette success story qui se voulait extraordinaire. Entre d\u00e9sillusions, coups durs, crises de larmes et d\u00e9termination sans faille, le destin de Cassandra vacille et prends des d\u00e9tours inattendus.<br \/>Un scenario catastrophe qui d\u00e9fend joyeusement un th\u00e9\u00e2tre bricol\u00e9 \u00e0 vue, rivalise d\u2019humour et d\u2019inventivit\u00e9, et semble nous crier : poursuivez vos r\u00eaves, y compris les plus grands, les plus impossibles ! Car peu importe la chute, ce qui compte c\u2019est le d\u00e9sir.<br \/>&#8212;<br \/>Avec Anne Moisset, Juliette Morin et Manon Robert \u2022 Cr\u00e9ation collective et interpr\u00e9tation : Anne Moisset, Juliette Morin et Manon Robert \u2022 R\u00e9gie technique : Anouck Roussely \u2022 Regards ext\u00e9rieurs mise en sc\u00e8ne : Louis Grison et Marie Gambaro \u2022 Conseil sc\u00e9nographie et construction : Antoine Boulin \u2022 Cr\u00e9ation musicale : Justine Gaucherand<br \/>Coproduction iddac agence culturelle du D\u00e9partement de la Gironde, Glob Th\u00e9\u00e2tre (33), Ville de Bordeaux (33), Service culturel de l&rsquo;Universit\u00e9 Bordeaux Montaigne (33), R\u00e9gion Nouvelle-Aquitaine \u2022 Soutiens : Queskonfabrik (33), Caf\u00e9 Boissec (40), Cit\u00e9 Bleue (33), Acrocs Production (33), Ville d\u2019Eysines (33)<br \/>Cr\u00e9dit photo \u00a9Alain Cotten<br \/>&#8212;<br \/>En savoir plus sur\u202fle <a href=\"https:\/\/collectifauxpetitsoignons.fr\/\" rel=\"nofollow noopener\" target=\"_blank\">Collectif aux Petits Oignons<\/a><br \/>&#8212;<br \/>\u2600\ufe0f\u202fMARDI 26 AO\u00dbT \u00c0 19H30<br \/>\u2600\ufe0f BOULIAC &gt; Halle Vettiner<br \/>Rue du Bourg 33270 Bouliac<br \/>\u2600\ufe0f\u202fPOUR TOUS \u00e0 partir de 6 ans<br \/>\u2600\ufe0f\u202fDUR\u00c9E : 1h<br \/>\u2600\ufe0f\u202fGRATUIT sans r\u00e9servation<\/p>\n<p>\u26a0\ufe0f En cas d\u2019intemp\u00e9ries, repr\u00e9sentation maintenue au m\u00eame endroit (halle couverte)<br \/>&#8212;<br \/>Un spectacle programm\u00e9 dans l\u2019\u00c9t\u00e9 m\u00e9tropolitain 2025, saison culturelle de Bordeaux M\u00e9tropole, en collaboration \u00e9troite avec ses partenaires.<\/p>\n","protected":false},"excerpt":{"rendered":"\u00a9Alain Cotten R\u00eavez, r\u00eavez sinon nous sommes perdus !C\u2019est l\u2019histoire de Cassandra, une jeune fille ordinaire, fan absolue&hellip;\n","protected":false},"author":2,"featured_media":334908,"comment_status":"","ping_status":"","sticky":false,"template":"","format":"standard","meta":{"footnotes":""},"categories":[2817],"tags":[1111,11,1997,1777,674,1011,27,12,2219,25],"class_list":{"0":"post-334907","1":"post","2":"type-post","3":"status-publish","4":"format-standard","5":"has-post-thumbnail","7":"category-bordeaux","8":"tag-actu","9":"tag-actualites","10":"tag-bordeaux","11":"tag-eu","12":"tag-europe","13":"tag-fr","14":"tag-france","15":"tag-news","16":"tag-nouvelle-aquitaine","17":"tag-republique-francaise"},"share_on_mastodon":{"url":"https:\/\/pubeurope.com\/@fr\/115069076276630693","error":""},"_links":{"self":[{"href":"https:\/\/www.europesays.com\/fr\/wp-json\/wp\/v2\/posts\/334907","targetHints":{"allow":["GET"]}}],"collection":[{"href":"https:\/\/www.europesays.com\/fr\/wp-json\/wp\/v2\/posts"}],"about":[{"href":"https:\/\/www.europesays.com\/fr\/wp-json\/wp\/v2\/types\/post"}],"author":[{"embeddable":true,"href":"https:\/\/www.europesays.com\/fr\/wp-json\/wp\/v2\/users\/2"}],"replies":[{"embeddable":true,"href":"https:\/\/www.europesays.com\/fr\/wp-json\/wp\/v2\/comments?post=334907"}],"version-history":[{"count":0,"href":"https:\/\/www.europesays.com\/fr\/wp-json\/wp\/v2\/posts\/334907\/revisions"}],"wp:featuredmedia":[{"embeddable":true,"href":"https:\/\/www.europesays.com\/fr\/wp-json\/wp\/v2\/media\/334908"}],"wp:attachment":[{"href":"https:\/\/www.europesays.com\/fr\/wp-json\/wp\/v2\/media?parent=334907"}],"wp:term":[{"taxonomy":"category","embeddable":true,"href":"https:\/\/www.europesays.com\/fr\/wp-json\/wp\/v2\/categories?post=334907"},{"taxonomy":"post_tag","embeddable":true,"href":"https:\/\/www.europesays.com\/fr\/wp-json\/wp\/v2\/tags?post=334907"}],"curies":[{"name":"wp","href":"https:\/\/api.w.org\/{rel}","templated":true}]}}