{"id":334913,"date":"2025-08-21T22:20:17","date_gmt":"2025-08-21T22:20:17","guid":{"rendered":"https:\/\/www.europesays.com\/fr\/334913\/"},"modified":"2025-08-21T22:20:17","modified_gmt":"2025-08-21T22:20:17","slug":"pour-son-premier-match-amical-de-la-saison-toulouse-sincline-contre-vannes","status":"publish","type":"post","link":"https:\/\/www.europesays.com\/fr\/334913\/","title":{"rendered":"pour son premier match amical de la saison, Toulouse s\u2019incline contre Vannes"},"content":{"rendered":"<p>Pour son premier match amical de la saison, le Stade Toulousain s\u2019est cass\u00e9 les dents sur Vannes. Les Bretons se sont impos\u00e9s en fin de rencontre (33-28).<\/p>\n<p class=\"fig-paragraph\">Avec une \u00e9quipe plus que remani\u00e9e, le<a href=\"http:\/\/www.lefigaro.fr\/sports\/rugby\/top-14\/top-14-romain-ntamack-a-deja-repris-l-entrainement-avec-le-stade-toulousain-20250819\" data-fig-type=\"NewsFlash\" data-gtm-custom-categorie=\"navigation\" data-gtm-custom-action=\"crossclick\" data-gtm-custom-label=\"Contextuel\" data-gtm-event=\"customEventSPE\" data-fig-domain=\"LEFIGARO\" target=\"_blank\" rel=\"noopener\">\u00a0Stade Toulousain\u00a0<\/a>n\u2019a pas r\u00e9ussi \u00e0 venir s\u2019imposer contre\u00a0<a href=\"http:\/\/www.lefigaro.fr\/sports\/rugby\/rugby-passe-de-vannes-a-bordeaux-begles-salesi-rayasi-va-faire-ses-debuts-internationaux-avec-les-fidji-contre-l-australie-20250704\" data-fig-type=\"NewsFlash\" data-gtm-custom-categorie=\"navigation\" data-gtm-custom-action=\"crossclick\" data-gtm-custom-label=\"Contextuel\" data-gtm-event=\"customEventSPE\" data-fig-domain=\"LEFIGARO\" target=\"_blank\" rel=\"noopener\">Vannes\u00a0<\/a>pour son premier match amical de la saison. En effet, les joueurs du capitaine du soir Alexandre Roumat se sont vus coiffer sur le fil malgr\u00e9 une belle rencontre (33-28).<\/p>\n<p class=\"fig-paragraph\">De son c\u00f4t\u00e9, le RC Vannes a pu compter sur l\u2019appui de son public, alors que la rencontre avait exceptionnellement lieu \u00e0 Guingamp. De plus, le club breton a \u00e9t\u00e9 port\u00e9 par sa recrue phare Anthony Bouthier. De retour apr\u00e8s un passage \u00e0 Montpellier, l\u2019international fran\u00e7ais a inscrit notamment la transformation de la gagne apr\u00e8s le dernier essai collectif de son \u00e9quipe. Un premier match prometteur pour Vannes qui \u00e9voluera en Pro D2 lors du prochain exercice.<\/p>\n","protected":false},"excerpt":{"rendered":"Pour son premier match amical de la saison, le Stade Toulousain s\u2019est cass\u00e9 les dents sur Vannes. Les&hellip;\n","protected":false},"author":2,"featured_media":334914,"comment_status":"","ping_status":"","sticky":false,"template":"","format":"standard","meta":{"footnotes":""},"categories":[2816],"tags":[1111,11,1777,674,1011,27,12,2680,3164,25,476,2312],"class_list":{"0":"post-334913","1":"post","2":"type-post","3":"status-publish","4":"format-standard","5":"has-post-thumbnail","7":"category-toulouse","8":"tag-actu","9":"tag-actualites","10":"tag-eu","11":"tag-europe","12":"tag-fr","13":"tag-france","14":"tag-news","15":"tag-occitanie","16":"tag-rc-vannes","17":"tag-republique-francaise","18":"tag-stade-toulousain","19":"tag-toulouse"},"share_on_mastodon":{"url":"https:\/\/pubeurope.com\/@fr\/115069086934190725","error":""},"_links":{"self":[{"href":"https:\/\/www.europesays.com\/fr\/wp-json\/wp\/v2\/posts\/334913","targetHints":{"allow":["GET"]}}],"collection":[{"href":"https:\/\/www.europesays.com\/fr\/wp-json\/wp\/v2\/posts"}],"about":[{"href":"https:\/\/www.europesays.com\/fr\/wp-json\/wp\/v2\/types\/post"}],"author":[{"embeddable":true,"href":"https:\/\/www.europesays.com\/fr\/wp-json\/wp\/v2\/users\/2"}],"replies":[{"embeddable":true,"href":"https:\/\/www.europesays.com\/fr\/wp-json\/wp\/v2\/comments?post=334913"}],"version-history":[{"count":0,"href":"https:\/\/www.europesays.com\/fr\/wp-json\/wp\/v2\/posts\/334913\/revisions"}],"wp:featuredmedia":[{"embeddable":true,"href":"https:\/\/www.europesays.com\/fr\/wp-json\/wp\/v2\/media\/334914"}],"wp:attachment":[{"href":"https:\/\/www.europesays.com\/fr\/wp-json\/wp\/v2\/media?parent=334913"}],"wp:term":[{"taxonomy":"category","embeddable":true,"href":"https:\/\/www.europesays.com\/fr\/wp-json\/wp\/v2\/categories?post=334913"},{"taxonomy":"post_tag","embeddable":true,"href":"https:\/\/www.europesays.com\/fr\/wp-json\/wp\/v2\/tags?post=334913"}],"curies":[{"name":"wp","href":"https:\/\/api.w.org\/{rel}","templated":true}]}}