{"id":334915,"date":"2025-08-21T22:21:25","date_gmt":"2025-08-21T22:21:25","guid":{"rendered":"https:\/\/www.europesays.com\/fr\/334915\/"},"modified":"2025-08-21T22:21:25","modified_gmt":"2025-08-21T22:21:25","slug":"ces-5-concerts-vont-electriser-votre-rentree-2025-a-lille","status":"publish","type":"post","link":"https:\/\/www.europesays.com\/fr\/334915\/","title":{"rendered":"Ces 5 concerts vont \u00e9lectriser votre rentr\u00e9e 2025 \u00e0 Lille"},"content":{"rendered":"<p class=\"intro\">Le mois de septembre 2025 \u00e0 Lille s&rsquo;annonce \u00e9lectrisant avec une programmation musicale aussi \u00e9clectique qu&rsquo;all\u00e9chante\u00a0! Des ambiances feutr\u00e9es de Candlelight aux vibrations rock de DIIV, votre agenda musical de la rentr\u00e9e va d\u00e9border. Sortez votre plus belle tenue et laissez-vous emporter par cette belle s\u00e9lection de concerts qui feront battre le c\u0153ur de la capitale des Flandres en cette rentr\u00e9e\u00a0!<\/p>\n<p class=\"intro\"><a data-lightbox=\"article\" data-title=\"5 \u00e9v\u00e9nements musicaux \u00e0 ne pas manquer cette rentr\u00e9e 2025 \u00e0 Lille \u00a9 Freepik\" class=\"image detail fullwidth\" href=\"https:\/\/www.jds.fr\/medias\/image\/ces-5-concerts-vont-electriser-votre-rentree-a-lil-698038-1200-0-F.webp\" title=\"5 \u00e9v\u00e9nements musicaux \u00e0 ne pas manquer cette rentr\u00e9e 2025 \u00e0 Lille \u00a9 Freepik\" rel=\"nofollow noopener\" target=\"_blank\"><br \/>\n<img decoding=\"async\" loading=\"lazy\" src=\"https:\/\/www.europesays.com\/fr\/wp-content\/uploads\/2025\/08\/ces-5-concerts-vont-electriser-votre-rentree-a-lil-698038-1200-0.webp.webp\"   alt=\"5 \u00e9v\u00e9nements musicaux \u00e0 ne pas manquer cette rentr\u00e9e 2025 \u00e0 Lille\" class=\"shortcode_image border\"\/><br \/>\n\u00a9 Freepik<br \/>\n5 \u00e9v\u00e9nements musicaux \u00e0 ne pas manquer cette rentr\u00e9e 2025 \u00e0 Lille<br \/>\n<\/a>\n<\/p>\n<p>1\/ Candlelight\u00a0: Hommage \u00e0 C\u00e9line Dion &#8211; Une diva \u00e0 la bougie<\/p>\n<p>Le concept\u00a0<a href=\"https:\/\/www.jds.fr\/lille\/concerts\/candlelight-hommage-a-celine-dion-1129334_A\" rel=\"nofollow noopener\" target=\"_blank\">Candlelight \u00e0 Lille<\/a>\u00a0transforme l&rsquo;H\u00f4tel Carlton en \u00e9crin intimiste pour c\u00e9l\u00e9brer la voix d&rsquo;exception de C\u00e9line Dion. \ud83c\udfbc Le Plus One Quartet revisite les plus grands succ\u00e8s de l&rsquo;ic\u00f4ne qu\u00e9b\u00e9coise, de\u00a0\u00ab\u00a0My Heart Will Go On\u00a0\u00bb \u00e0\u00a0\u00ab\u00a0Pour que tu m&rsquo;aimes encore\u00a0\u00bb, dans une atmosph\u00e8re feutr\u00e9e o\u00f9 seules les bougies illuminent cette exp\u00e9rience de 60 minutes. Cette s\u00e9lection s&rsquo;impose pour son cadre d&rsquo;exception et cette approche originale qui redonne une dimension nouvelle aux tubes de la diva. L&rsquo;acoustique particuli\u00e8re du Carlton, habituellement d\u00e9di\u00e9 aux r\u00e9ceptions mondaines, offre une r\u00e9sonance surprenante pour ce type de prestation. \ud83d\udca1\u00a0<strong>Notre conseil\u00a0:<\/strong>\u00a0Arrivez 30 minutes avant le d\u00e9but pour choisir votre place et vous impr\u00e9gner de cette ambiance unique. Les retardataires ne seront pas admis, alors mieux vaut pr\u00e9voir large\u00a0!<\/p>\n<p>\ud83d\udccd H\u00f4tel Carlton Lille | Lille<br \/>\ud83d\udcc5 Le 05\/09\/2025<\/p>\n<p class=\"mise_en_avant\">\ud83d\udc49\u00a0<a href=\"https:\/\/www.jds.fr\/lille\/concerts\/candlelight-hommage-a-celine-dion-1129334_A\" rel=\"nofollow noopener\" target=\"_blank\">Candlelight\u00a0: Hommage \u00e0 C\u00e9line Dion\u00a0: toutes les informations<\/a><\/p>\n<p><a class=\"btn btn-lg shadow-lg btn-primary rounded-pill fnac_link\" data-fnac=\"in_article\" href=\"https:\/\/pdt.tradedoubler.com\/click?a(3419081)p(354825)product(103801-259248)ttid(3)url(https%3A%2F%2Ffeverup.com%2Fm%2F259248)&amp;clickref=in_article-A-desktop\" target=\"_blank\" rel=\"nofollow noopener\"> Acheter des billets<\/a><\/p>\n<p>2\/ DIIV &#8211; Quand Brooklyn rencontre Lille<\/p>\n<p><a href=\"https:\/\/www.jds.fr\/lille\/concerts\/pop-folk\/diiv-869021_A\" rel=\"nofollow noopener\" target=\"_blank\">DIIV d\u00e9barque \u00e0 Lille<\/a>\u00a0au Splendid pour une soir\u00e9e shoegaze qui promet de faire trembler les murs. \ud83c\udfb8 Ce groupe new-yorkais, men\u00e9 par Zachary Cole Smith, ma\u00eetrise l&rsquo;art de m\u00e9langer dream-pop hypnotique et \u00e9nergie rock brute dans des performances live r\u00e9put\u00e9es immersives. Cette s\u00e9lection tient \u00e0 leur capacit\u00e9 unique \u00e0 cr\u00e9er une bulle sonore enveloppante, h\u00e9riti\u00e8re de My Bloody Valentine et Slowdive, tout en gardant une identit\u00e9 r\u00e9solument contemporaine. Le Splendid, avec sa jauge intimiste, constitue le cadre parfait pour se laisser submerger par leurs nappes guitaristiques. \ud83d\udca1\u00a0<strong>Astuce de pro\u00a0:<\/strong>\u00a0Positionnez-vous pr\u00e8s de la sc\u00e8ne pour ressentir pleinement les vibrations de leurs guitares satur\u00e9es. L&rsquo;exp\u00e9rience DIIV se vit autant qu&rsquo;elle s&rsquo;\u00e9coute\u00a0!<\/p>\n<p>\ud83d\udccd Le Splendid | Lille<br \/>\ud83d\udcc5 Le 08\/09\/2025<\/p>\n<p class=\"mise_en_avant\">\ud83d\udc49\u00a0<a href=\"https:\/\/www.jds.fr\/lille\/concerts\/pop-folk\/diiv-869021_A\" rel=\"nofollow noopener\" target=\"_blank\">DIIV\u00a0: toutes les informations<\/a><\/p>\n<p><a class=\"btn btn-lg shadow-lg btn-primary rounded-pill fnac_link\" data-fnac=\"in_article\" href=\"https:\/\/www.awin1.com\/pclick.php?p=40699322889&amp;a=634278&amp;m=12494&amp;clickref=in_article-A-desktop\" target=\"_blank\" rel=\"nofollow noopener\"> Acheter des billets<\/a><\/p>\n<p>3\/ Spectacul&rsquo;Art Chante Cloclo &#8211; La f\u00eate avec Claude Fran\u00e7ois<\/p>\n<p>Le Ch\u0153ur\u00a0<a href=\"https:\/\/www.jds.fr\/lille\/concerts\/chanson-francaise\/spectacul-art-chante-cloclo-716785_A\" rel=\"nofollow noopener\" target=\"_blank\">Spectacul&rsquo;Art revisite l&rsquo;univers de Claude Fran\u00e7ois \u00e0 Lille<\/a>\u00a0au Th\u00e9\u00e2tre S\u00e9bastopol pour plus de 2 heures de pure nostalgie festive. \ud83d\udd7a Vincent Fuchs, le directeur artistique, a concoct\u00e9 un show XXL avec danseurs,\u00a0\u00ab\u00a0claudettes\u00a0\u00bb et arrangements in\u00e9dits pour c\u00e9l\u00e9brer les 396 chansons du Moulin de Dannemois. Cette proposition m\u00e9rite le d\u00e9tour pour son approche participative o\u00f9 le public devient acteur de ce voyage musical interg\u00e9n\u00e9rationnel. Le Th\u00e9\u00e2tre S\u00e9bastopol, avec son acoustique th\u00e9\u00e2trale, amplifie parfaitement les harmonies chorales de cette formation r\u00e9put\u00e9e pour ses performances vibrantes. \ud83d\udca1\u00a0<strong>\u00c0 savoir\u00a0:<\/strong>\u00a0Pr\u00e9parez-vous \u00e0 chanter\u00a0! Ce spectacle mise sur l&rsquo;interaction avec le public, alors r\u00e9visez vos classiques de Cloclo pour participer pleinement \u00e0 la f\u00eate.<\/p>\n<p>\ud83d\udccd Th\u00e9\u00e2tre S\u00e9bastopol | Lille<br \/>\ud83d\udcc5 Le 11\/09\/2025<\/p>\n<p class=\"mise_en_avant\">\ud83d\udc49\u00a0<a href=\"https:\/\/www.jds.fr\/lille\/concerts\/chanson-francaise\/spectacul-art-chante-cloclo-716785_A\" rel=\"nofollow noopener\" target=\"_blank\">Spectacul&rsquo;Art Chante Cloclo\u00a0: toutes les informations<\/a><\/p>\n<p><a class=\"btn btn-lg shadow-lg btn-primary rounded-pill fnac_link\" data-fnac=\"in_article\" href=\"https:\/\/www.awin1.com\/pclick.php?p=39259303315&amp;a=634278&amp;m=12494&amp;clickref=in_article-A-desktop\" target=\"_blank\" rel=\"nofollow noopener\"> Acheter des billets<\/a><\/p>\n<p>4\/ Candlelight\u00a0: Coldplay vs Imagine Dragons &#8211; Battle \u00e0 la bougie<\/p>\n<p>L&rsquo;\u00c9glise Saint-Maurice accueille cette\u00a0<a href=\"https:\/\/www.jds.fr\/lille\/concerts\/candlelight-coldplay-vs-imagine-dragons-1028527_A\" rel=\"nofollow noopener\" target=\"_blank\">confrontation musicale Candlelight entre Coldplay et Imagine Dragons \u00e0 Lille<\/a>\u00a0dans une ambiance intimiste unique. \ud83d\udd25\u00a0\u00ab\u00a0Viva la Vida\u00a0\u00bb c\u00f4toie\u00a0\u00ab\u00a0Radioactive\u00a0\u00bb,\u00a0\u00ab\u00a0Fix You\u00a0\u00bb dialogue avec\u00a0\u00ab\u00a0Believer\u00a0\u00bb dans une setlist qui oppose les m\u00e9lodies planantes de Chris Martin aux rythmes percutants de Dan Reynolds. Ce concept retient l&rsquo;attention par son pari audacieux\u00a0: faire cohabiter deux univers pop-rock distincts sous la vo\u00fbte gothique de cette \u00e9glise du centre-ville. L&rsquo;acoustique naturelle du lieu sublime ces arrangements \u00e0 cordes et piano, cr\u00e9ant des versions in\u00e9dites de ces tubes plan\u00e9taires. \ud83d\udca1\u00a0<strong>Conseil pratique\u00a0:<\/strong>\u00a0Les portes ouvrent 60 minutes avant le spectacle, largement de quoi admirer l&rsquo;architecture de cette \u00e9glise du XIXe si\u00e8cle et vous installer confortablement.<\/p>\n<p>\ud83d\udccd Eglise St Maurice | Lille<br \/>\ud83d\udcc5 Du 22\/08\/2025 au 21\/11\/2025<\/p>\n<p class=\"mise_en_avant\">\ud83d\udc49\u00a0<a href=\"https:\/\/www.jds.fr\/lille\/concerts\/candlelight-coldplay-vs-imagine-dragons-1028527_A\" rel=\"nofollow noopener\" target=\"_blank\">Candlelight\u00a0: Coldplay vs Imagine Dragons\u00a0: toutes les informations<\/a><\/p>\n<p><a class=\"btn btn-lg shadow-lg btn-primary rounded-pill fnac_link\" data-fnac=\"in_article\" href=\"https:\/\/pdt.tradedoubler.com\/click?a(3419081)p(354825)product(103801-193810)ttid(3)url(https%3A%2F%2Ffeverup.com%2Fm%2F193810)&amp;clickref=in_article-A-desktop\" target=\"_blank\" rel=\"nofollow noopener\"> Acheter des billets<\/a><\/p>\n<p>5\/ Candlelight\u00a0: Hommage \u00e0 Johnny Hallyday &#8211; L&rsquo;idole \u00e9ternelle<\/p>\n<p>L&rsquo;\u00c9glise Saint-\u00c9tienne r\u00e9sonne des plus grands tubes de\u00a0<a href=\"https:\/\/www.jds.fr\/lille\/concerts\/candlelight-hommage-a-johnny-hallyday-1027824_A\" rel=\"nofollow noopener\" target=\"_blank\">Johnny Hallyday revisit\u00e9s par Candlelight \u00e0 Lille<\/a>\u00a0dans un hommage bouleversant de 60 minutes. \ud83c\udfa4\u00a0\u00ab\u00a0Allumer le feu\u00a0\u00bb,\u00a0\u00ab\u00a0Que je t&rsquo;aime\u00a0\u00bb et\u00a0\u00ab\u00a0Je te promets\u00a0\u00bb prennent une dimension nouvelle sous les arrangements du quatuor \u00e0 cordes, transformant ces hymnes rock en moments de pure \u00e9motion. Cette s\u00e9lection s&rsquo;justifie par la puissance \u00e9motionnelle de ce r\u00e9pertoire intemporel, magnifi\u00e9 par l&rsquo;acoustique exceptionnelle de cette \u00e9glise historique. L&rsquo;intimit\u00e9 du lieu, \u00e9clair\u00e9 uniquement \u00e0 la bougie, cr\u00e9e une communion particuli\u00e8re avec l&rsquo;\u0153uvre du taulier, loin de l&rsquo;exub\u00e9rance habituelle de ses concerts. \ud83d\udca1\u00a0<strong>Petit conseil\u00a0:<\/strong>\u00a0Attention, l&rsquo;acc\u00e8s n&rsquo;est pas adapt\u00e9 aux personnes \u00e0 mobilit\u00e9 r\u00e9duite en raison de quelques marches. V\u00e9rifiez bien avant votre venue\u00a0!<\/p>\n<p>\ud83d\udccd \u00c9glise Saint \u00c9tienne | Lille<br \/>\ud83d\udcc5 Du 29\/08\/2025 au 26\/09\/2025<\/p>\n<p class=\"mise_en_avant\">\ud83d\udc49\u00a0<a href=\"https:\/\/www.jds.fr\/lille\/concerts\/candlelight-hommage-a-johnny-hallyday-1027824_A\" rel=\"nofollow noopener\" target=\"_blank\">Candlelight\u00a0: Hommage \u00e0 Johnny Hallyday\u00a0: toutes les informations<\/a><\/p>\n<p><a class=\"btn btn-lg shadow-lg btn-primary rounded-pill fnac_link\" data-fnac=\"in_article\" href=\"https:\/\/pdt.tradedoubler.com\/click?a(3419081)p(354825)product(103801-361340)ttid(3)url(https%3A%2F%2Ffeverup.com%2Fm%2F361340)&amp;clickref=in_article-A-desktop\" target=\"_blank\" rel=\"nofollow noopener\"> Acheter des billets<\/a><\/p>\n<p class=\"font-size-30 fw-bold lh-1 mt-0 mb-4\">Je trouve les meilleures sorties dans ma ville<\/p>\n","protected":false},"excerpt":{"rendered":"Le mois de septembre 2025 \u00e0 Lille s&rsquo;annonce \u00e9lectrisant avec une programmation musicale aussi \u00e9clectique qu&rsquo;all\u00e9chante\u00a0! Des ambiances&hellip;\n","protected":false},"author":2,"featured_media":334916,"comment_status":"","ping_status":"","sticky":false,"template":"","format":"standard","meta":{"footnotes":""},"categories":[2815],"tags":[1111,11,1777,674,1011,27,811,1307,12,25],"class_list":{"0":"post-334915","1":"post","2":"type-post","3":"status-publish","4":"format-standard","5":"has-post-thumbnail","7":"category-lille","8":"tag-actu","9":"tag-actualites","10":"tag-eu","11":"tag-europe","12":"tag-fr","13":"tag-france","14":"tag-hauts-de-france","15":"tag-lille","16":"tag-news","17":"tag-republique-francaise"},"share_on_mastodon":{"url":"https:\/\/pubeurope.com\/@fr\/115069090745674226","error":""},"_links":{"self":[{"href":"https:\/\/www.europesays.com\/fr\/wp-json\/wp\/v2\/posts\/334915","targetHints":{"allow":["GET"]}}],"collection":[{"href":"https:\/\/www.europesays.com\/fr\/wp-json\/wp\/v2\/posts"}],"about":[{"href":"https:\/\/www.europesays.com\/fr\/wp-json\/wp\/v2\/types\/post"}],"author":[{"embeddable":true,"href":"https:\/\/www.europesays.com\/fr\/wp-json\/wp\/v2\/users\/2"}],"replies":[{"embeddable":true,"href":"https:\/\/www.europesays.com\/fr\/wp-json\/wp\/v2\/comments?post=334915"}],"version-history":[{"count":0,"href":"https:\/\/www.europesays.com\/fr\/wp-json\/wp\/v2\/posts\/334915\/revisions"}],"wp:featuredmedia":[{"embeddable":true,"href":"https:\/\/www.europesays.com\/fr\/wp-json\/wp\/v2\/media\/334916"}],"wp:attachment":[{"href":"https:\/\/www.europesays.com\/fr\/wp-json\/wp\/v2\/media?parent=334915"}],"wp:term":[{"taxonomy":"category","embeddable":true,"href":"https:\/\/www.europesays.com\/fr\/wp-json\/wp\/v2\/categories?post=334915"},{"taxonomy":"post_tag","embeddable":true,"href":"https:\/\/www.europesays.com\/fr\/wp-json\/wp\/v2\/tags?post=334915"}],"curies":[{"name":"wp","href":"https:\/\/api.w.org\/{rel}","templated":true}]}}