{"id":334917,"date":"2025-08-21T22:24:11","date_gmt":"2025-08-21T22:24:11","guid":{"rendered":"https:\/\/www.europesays.com\/fr\/334917\/"},"modified":"2025-08-21T22:24:11","modified_gmt":"2025-08-21T22:24:11","slug":"travaux-a-la-timone-adaptation-des-acces-a-partir-du-1er-septembre-2025","status":"publish","type":"post","link":"https:\/\/www.europesays.com\/fr\/334917\/","title":{"rendered":"Travaux \u00e0 la Timone : adaptation des acc\u00e8s \u00e0 partir du 1er septembre 2025"},"content":{"rendered":"<p>        &#13;<br \/>\n      Publi\u00e9 le :     <\/p>\n<p>&#13;<br \/>\n    21\/08\/2025 \u00e0 14:08  <\/p>\n<p class=\"fs-6 fst-normal fw-normal lh-base mb-3\">Dans le cadre de la construction du futur B\u00e2timent Femmes Parents Enfants (BFPE), les acc\u00e8s au site de la Timone \u00e9voluent afin de permettre l\u2019avanc\u00e9e du chantier.<\/p>\n<p>\t\t\t\tCe qui change \u00e0 partir du 1er septembre :<\/p>\n<p>\t\t\t\tEntr\u00e9e Chemin de l\u2019Arm\u00e9e de l\u2019Afrique<\/p>\n<ul class=\"my-3 list-group-flush\">\n<li class=\"list-group-item\">\n\t\t\t\t\tdevient un point de d\u00e9pose-minute patients desservi par la navette intra site.<\/li>\n<li class=\"list-group-item\">\n\t\t\t\t\tla voie traversante actuelle sera ferm\u00e9e aux autres v\u00e9hicules.<\/li>\n<\/ul>\n<p>\t\t\t\tD\u00e9ploiement de la navette intra site<\/p>\n<p class=\"fs-6 fst-normal fw-normal lh-base mb-3\">Pour faciliter les d\u00e9placements malgr\u00e9 les travaux, une navette (accessible aux personnes \u00e0 mobilit\u00e9 r\u00e9duite) dessert :<\/p>\n<ul class=\"my-3 list-group-flush\">\n<li class=\"list-group-item\">\n\t\t\t\t\tB\u00e2timent 2 : Oncologie &amp; Radioth\u00e9rapie<\/li>\n<li class=\"list-group-item\">\n\t\t\t\t\tB\u00e2timent 4 : Dermatologie<\/li>\n<li class=\"list-group-item\">\n\t\t\t\t\tB\u00e2timent 5 : Odontologie<\/li>\n<\/ul>\n<p class=\"fs-6 fst-normal fw-normal lh-base mb-3\">Points d\u2019acc\u00e8s navette : entr\u00e9e Baille et entr\u00e9e Chemin de l\u2019Arm\u00e9e de l\u2019Afrique.<\/p>\n<p>\t\t\t\tAcc\u00e8s pour les patients couch\u00e9s<\/p>\n<p class=\"fs-6 fst-normal fw-normal lh-base mb-3\">Les taxis et VSL peuvent d\u00e9poser directement les patients au plus proche des b\u00e2timents concern\u00e9s, via l\u2019entr\u00e9e des urgences adultes.<\/p>\n<p class=\"fs-6 fst-normal fw-normal lh-base mb-3\">Ces am\u00e9nagements, indispensables au chantier, participent \u00e0 la r\u00e9alisation d\u2019un projet hospitalier majeur, au service du confort et de la qualit\u00e9 de soins de demain.<\/p>\n<p class=\"fs-6 fst-normal fw-normal lh-base mb-3\">T\u00e9l\u00e9charger <a class=\"fs-6 fst-normal fw-bold text-primary\" href=\"https:\/\/fr.ap-hm.fr\/sites\/default\/files\/files\/organisation\/plaquettes\/travaux\/pdf\/travaux-timone-adaptation-acces.pdf\" rel=\"noopener nofollow\" target=\"_blank\">le flyer sur ces am\u00e9nagements<\/a><\/p>\n<p>\t\t\t\tEn savoir plus sur le projet<\/p>\n","protected":false},"excerpt":{"rendered":"&#13; Publi\u00e9 le : &#13; 21\/08\/2025 \u00e0 14:08 Dans le cadre de la construction du futur B\u00e2timent Femmes&hellip;\n","protected":false},"author":2,"featured_media":334918,"comment_status":"","ping_status":"","sticky":false,"template":"","format":"standard","meta":{"footnotes":""},"categories":[2814],"tags":[1111,11,1777,674,1011,27,884,12,882,25],"class_list":{"0":"post-334917","1":"post","2":"type-post","3":"status-publish","4":"format-standard","5":"has-post-thumbnail","7":"category-marseille","8":"tag-actu","9":"tag-actualites","10":"tag-eu","11":"tag-europe","12":"tag-fr","13":"tag-france","14":"tag-marseille","15":"tag-news","16":"tag-provence-alpes-cote-dazur","17":"tag-republique-francaise"},"share_on_mastodon":{"url":"https:\/\/pubeurope.com\/@fr\/115069102575187619","error":""},"_links":{"self":[{"href":"https:\/\/www.europesays.com\/fr\/wp-json\/wp\/v2\/posts\/334917","targetHints":{"allow":["GET"]}}],"collection":[{"href":"https:\/\/www.europesays.com\/fr\/wp-json\/wp\/v2\/posts"}],"about":[{"href":"https:\/\/www.europesays.com\/fr\/wp-json\/wp\/v2\/types\/post"}],"author":[{"embeddable":true,"href":"https:\/\/www.europesays.com\/fr\/wp-json\/wp\/v2\/users\/2"}],"replies":[{"embeddable":true,"href":"https:\/\/www.europesays.com\/fr\/wp-json\/wp\/v2\/comments?post=334917"}],"version-history":[{"count":0,"href":"https:\/\/www.europesays.com\/fr\/wp-json\/wp\/v2\/posts\/334917\/revisions"}],"wp:featuredmedia":[{"embeddable":true,"href":"https:\/\/www.europesays.com\/fr\/wp-json\/wp\/v2\/media\/334918"}],"wp:attachment":[{"href":"https:\/\/www.europesays.com\/fr\/wp-json\/wp\/v2\/media?parent=334917"}],"wp:term":[{"taxonomy":"category","embeddable":true,"href":"https:\/\/www.europesays.com\/fr\/wp-json\/wp\/v2\/categories?post=334917"},{"taxonomy":"post_tag","embeddable":true,"href":"https:\/\/www.europesays.com\/fr\/wp-json\/wp\/v2\/tags?post=334917"}],"curies":[{"name":"wp","href":"https:\/\/api.w.org\/{rel}","templated":true}]}}