{"id":334919,"date":"2025-08-21T22:25:17","date_gmt":"2025-08-21T22:25:17","guid":{"rendered":"https:\/\/www.europesays.com\/fr\/334919\/"},"modified":"2025-08-21T22:25:17","modified_gmt":"2025-08-21T22:25:17","slug":"les-galeres-continuent-a-marseille-gouiri-pourrait-manquer-la-reception-du-paris-fc","status":"publish","type":"post","link":"https:\/\/www.europesays.com\/fr\/334919\/","title":{"rendered":"les gal\u00e8res continuent \u00e0 Marseille, Gouiri pourrait manquer la r\u00e9ception du Paris FC"},"content":{"rendered":"<p>Apr\u00e8s la blessure de Facundo Medina, les gal\u00e8res s\u2019accumulent pour l\u2019OM. Amine Gouiri pourrait manquer la rencontre face au Paris FC ce week-end.<\/p>\n<p class=\"fig-paragraph\">Bless\u00e9 ce jeudi \u00e0 l\u2019entra\u00eenement de l\u2019OM,<a href=\"http:\/\/www.lefigaro.fr\/sports\/football\/ligue-1\/om-brest-en-video-le-but-somptueux-d-amine-gouiri-qui-a-fait-chavirer-le-velodrome-20250428\" data-fig-type=\"NewsFlash\" data-gtm-custom-categorie=\"navigation\" data-gtm-custom-action=\"crossclick\" data-gtm-custom-label=\"Contextuel\" data-gtm-event=\"customEventSPE\" data-fig-domain=\"LEFIGARO\" target=\"_blank\" rel=\"noopener\">\u00a0Amine Gouiri<\/a>\u00a0pourrait selon les informations\u00a0<a href=\"https:\/\/www.lephoceen.fr\/infos-om\/autour-de-l-om\/om-gouiri-blesse-a-l-entrainement-228104\" target=\"_blank\" rel=\"sponsored noopener\" data-gtm-custom-categorie=\"navigation\" data-gtm-custom-action=\"crossclick\" data-gtm-custom-label=\"Contextuel\" data-gtm-event=\"customEventSPE\">du Phoc\u00e9en<\/a>\u00a0maquer la rencontre contre le Paris FC dans le cadre de la deuxi\u00e8me journ\u00e9e de Ligue 1 ce samedi (17h). Sorti du terrain par pr\u00e9caution, il doit passer des examens compl\u00e9mentaires afin de d\u00e9terminer la gravit\u00e9 de la l\u00e9sion et la dur\u00e9e \u00e9ventuelle de son indisponibilit\u00e9.<\/p>\n<p class=\"fig-paragraph\">Une nouvelle blessure qui va probablement pousser Roberto De Zerbi \u00e0 composer une \u00e9quipe diff\u00e9rente de celle qu\u2019il avait dans la t\u00eate.<a href=\"http:\/\/www.lefigaro.fr\/flash-sport\/foot-blesse-a-la-cheville-facundo-medina-sera-de-retour-apres-la-treve-internationale-20250821\" data-fig-type=\"NewsFlash\" data-gtm-custom-categorie=\"navigation\" data-gtm-custom-action=\"crossclick\" data-gtm-custom-label=\"Contextuel\" data-gtm-event=\"customEventSPE\" data-fig-domain=\"LEFIGARO\" target=\"_blank\" rel=\"noopener\">\u00a0Apr\u00e8s Facundo Medina\u00a0<\/a>touch\u00e9 \u00e0 la cheville, l\u2019OM va donc s\u00fbrement devoir se passer d\u2019un nouveau joueur pour affronter le Paris FC.<\/p>\n","protected":false},"excerpt":{"rendered":"Apr\u00e8s la blessure de Facundo Medina, les gal\u00e8res s\u2019accumulent pour l\u2019OM. Amine Gouiri pourrait manquer la rencontre face&hellip;\n","protected":false},"author":2,"featured_media":334920,"comment_status":"","ping_status":"","sticky":false,"template":"","format":"standard","meta":{"footnotes":""},"categories":[2814],"tags":[1111,11,1777,674,1011,27,66,884,12,1176,882,25],"class_list":{"0":"post-334919","1":"post","2":"type-post","3":"status-publish","4":"format-standard","5":"has-post-thumbnail","7":"category-marseille","8":"tag-actu","9":"tag-actualites","10":"tag-eu","11":"tag-europe","12":"tag-fr","13":"tag-france","14":"tag-ligue-1","15":"tag-marseille","16":"tag-news","17":"tag-olympique-de-marseille","18":"tag-provence-alpes-cote-dazur","19":"tag-republique-francaise"},"share_on_mastodon":{"url":"https:\/\/pubeurope.com\/@fr\/115069106572681070","error":""},"_links":{"self":[{"href":"https:\/\/www.europesays.com\/fr\/wp-json\/wp\/v2\/posts\/334919","targetHints":{"allow":["GET"]}}],"collection":[{"href":"https:\/\/www.europesays.com\/fr\/wp-json\/wp\/v2\/posts"}],"about":[{"href":"https:\/\/www.europesays.com\/fr\/wp-json\/wp\/v2\/types\/post"}],"author":[{"embeddable":true,"href":"https:\/\/www.europesays.com\/fr\/wp-json\/wp\/v2\/users\/2"}],"replies":[{"embeddable":true,"href":"https:\/\/www.europesays.com\/fr\/wp-json\/wp\/v2\/comments?post=334919"}],"version-history":[{"count":0,"href":"https:\/\/www.europesays.com\/fr\/wp-json\/wp\/v2\/posts\/334919\/revisions"}],"wp:featuredmedia":[{"embeddable":true,"href":"https:\/\/www.europesays.com\/fr\/wp-json\/wp\/v2\/media\/334920"}],"wp:attachment":[{"href":"https:\/\/www.europesays.com\/fr\/wp-json\/wp\/v2\/media?parent=334919"}],"wp:term":[{"taxonomy":"category","embeddable":true,"href":"https:\/\/www.europesays.com\/fr\/wp-json\/wp\/v2\/categories?post=334919"},{"taxonomy":"post_tag","embeddable":true,"href":"https:\/\/www.europesays.com\/fr\/wp-json\/wp\/v2\/tags?post=334919"}],"curies":[{"name":"wp","href":"https:\/\/api.w.org\/{rel}","templated":true}]}}