{"id":33492,"date":"2025-04-18T07:18:30","date_gmt":"2025-04-18T07:18:30","guid":{"rendered":"https:\/\/www.europesays.com\/fr\/33492\/"},"modified":"2025-04-18T07:18:30","modified_gmt":"2025-04-18T07:18:30","slug":"un-temps-de-parisiens-quand-marseille-deprime-et-maronne-sur-un-printemps-pourri-2","status":"publish","type":"post","link":"https:\/\/www.europesays.com\/fr\/33492\/","title":{"rendered":"\u00ab\u00a0Un temps de Parisiens\u00a0\u00bb\u2026 Quand Marseille d\u00e9prime et maronne sur un printemps pourri"},"content":{"rendered":"<p> \u00abUn temps de Parisiens\u00a0\u00bb\u2026 Comprenez merdique, pourri et d\u00e9primant. Dans les troquets, chez des amis ou m\u00eame au bureau, les conversations depuis le d\u00e9but \u00e0 l\u2019ann\u00e9e \u00e0 <a href=\"https:\/\/www.20minutes.fr\/marseille\/\" class=\"color-ultramarine c-link\" rel=\"nofollow noopener\" target=\"_blank\">Marseille<\/a>, et encore plus depuis le printemps, tournent r\u00e9guli\u00e8rement autour de la <a href=\"https:\/\/www.20minutes.fr\/dossier\/meteo\" class=\"color-ultramarine c-link\" rel=\"nofollow noopener\" target=\"_blank\">m\u00e9t\u00e9o <\/a>qui se fait remarquer par son record de <a href=\"https:\/\/www.20minutes.fr\/dossier\/pluie\" class=\"color-ultramarine c-link\" rel=\"nofollow noopener\" target=\"_blank\">pluie <\/a>et un d\u00e9ficit historique d\u2019ensoleillement. Un sujet qui d\u2019ordinaire n\u2019en est pas un \u00e0 Marseille, plus habitu\u00e9e au beau fixe qu\u2019au plafond nuageux bas.<\/p>\n<p>\u00ab\u00a0J\u2019ai voulu faire comme si c\u2019\u00e9tait l\u2019\u00e9t\u00e9 hier en allant me baigner et en restant lire \u00e0 la plage, r\u00e9sultat je suis malade\u00a0\u00bb, constate am\u00e8rement Manon. \u00ab\u00a0C\u2019est d\u00e9primant d\u2019ouvrir ses volets le matin et de constater un temps de parisien\u00a0\u00bb, maronne la jeune trentenaire. Un sentiment que confirme Paul Marquis, m\u00e9t\u00e9orologue qui anime notamment le compte la<a href=\"https:\/\/x.com\/La_Meteo_du_13\" rel=\"nofollow\" target=\"_blank\" class=\"color-ultramarine c-link\">@M\u00e9t\u00e9o_du_13,<\/a> qui remarque\u00a0: \u00ab\u00a0C\u2019est un sujet quotidien, mes amis, ma famille, ne me parle que de \u00e7a\u00a0\u00bb, avant d\u2019illustrer son propos en chiffres.<\/p>\n<p>La France \u00e0 l\u2019envers<\/p>\n<p>\u00ab\u00a0Selon les relev\u00e9s de la station m\u00e9t\u00e9o de Marignane install\u00e9e en\u00a01920, jamais un mois de mars n\u2019avait \u00e9t\u00e9 aussi pluvieux, avec un exc\u00e9dent de 500\u00a0%.\u00a0\u00bb Le corollaire \u00e0 cela est un d\u00e9ficit historique d\u2019ensoleillement, avec \u00ab\u00a0434 heures de soleil seulement entre le 1er\u00a0janvier et le 31\u00a0mars. Du jamais vu depuis trente-quatre ans\u00a0\u00bb, pr\u00e9cise Paul Marquis. Et si l\u2019on ajoute les 73 heures de <a href=\"https:\/\/www.20minutes.fr\/dossier\/soleil\" class=\"color-ultramarine c-link\" rel=\"nofollow noopener\" target=\"_blank\">soleil <\/a>cumul\u00e9es lors de la premi\u00e8re quinzaine d\u2019avril, le total n\u2019est gu\u00e8re meilleur et affiche un d\u00e9ficit depuis ce d\u00e9but d\u2019ann\u00e9e de 90 heures de soleil par rapport \u00e0\u00a02024 et de 120 heures par rapport \u00e0\u00a02023, <a href=\"https:\/\/www.infoclimat.fr\/climatologie\/annee\/2025\/marseille-corniche\/valeurs\/000C4.html\" rel=\"nofollow noopener\" target=\"_blank\" class=\"color-ultramarine c-link\">selon des donn\u00e9es d\u2019Info climat<\/a>. Cela fait pr\u00e8s de 30\u00a0% de temps de soleil en moins. De quoi devenir fada.<\/p>\n<p>Plus inqui\u00e9tant, cette tendance aux \u00ab\u00a0printemps compliqu\u00e9s perdure depuis deux\/trois ans. On encha\u00eene trois semaines de mauvais temps pour une semaine de temps sec, alors que d\u2019ordinaire c\u2019est plut\u00f4t l\u2019inverse\u00a0\u00bb, observe le m\u00e9t\u00e9orologue. Un ph\u00e9nom\u00e8ne qui ne se limite pas qu\u2019au printemps, bien que cette saison soit propice \u00e0 le remarquer.<\/p>\n<\/p>\n<p>La faute \u00e0 un anticyclone qui se fait rare depuis \u00ab\u00a0octobre\u00a02023\u00a0\u00bb, retrace Paul Marquis. \u00ab\u00a0M\u00eame lors de l\u2019\u00e9t\u00e9\u00a02024, la moyenne des pressions est rest\u00e9e plut\u00f4t basse\u00a0\u00bb. Et cette absence d\u2019anticyclone favorise \u00ab\u00a0le vent du sud, le Sirocco, qui am\u00e8ne les pluies sableuses du Sahara et vient avec ce ciel laiteux\u00a0\u00bb. Pire encore, pour les Marseillais prompts \u00e0 \u00eatre si fiers de l\u2019habituelle douceur de vivre en Provence\u00a0: le nord de la France et de l\u2019Europe a connu un temps plus sec et plus ensoleill\u00e9 qu\u2019ici. <a href=\"https:\/\/france3-regions.francetvinfo.fr\/hauts-de-france\/nord-0\/lille\/meteo-avec-40-de-soleil-de-plus-que-d-habitude-le-nord-est-plus-ensoleille-que-le-sud-au-mois-de-mars-2025-3129943.html\" rel=\"nofollow noopener\" target=\"_blank\" class=\"color-ultramarine c-link\">Valencienne (Nord) compte plus d\u2019heures de soleil que Marseille<\/a>. \u00ab\u00a0La carte de France est invers\u00e9e\u00a0\u00bb, souligne le m\u00e9t\u00e9orologue.<\/p>\n<p>Des parasols en parapluies<\/p>\n<p>Du coup, aux terrasses de caf\u00e9s, les parasols sont de sortie, mais ils ne servent pas \u00e0 s\u2019abriter du soleil. \u00ab\u00a0On en a marre\u00a0\u00bb, r\u00e2le Maria qui indique en \u00eatre venue \u00e0 prendre des compl\u00e9mentaires alimentaires, notamment de la vitamine D, que cr\u00e9e naturellement le corps avec l\u2019exposition au soleil. Ce mercredi encore, les shorts et les robes de saisons sont rest\u00e9s aux placards. Sous une bruine toute bretonne, le thermom\u00e8tre n\u2019exc\u00e8de pas les 15\u00a0\u00b0C. Jeudi, le Mistral arrive et fait chuter la t\u00e9mp\u00e9rature \u00e0 9\u00b0C. <a href=\"https:\/\/x.com\/MtoMediterrane\/status\/1912438508666434032\" rel=\"nofollow\" target=\"_blank\" class=\"color-ultramarine c-link\">Une moyenne digne du mois de f\u00e9vrier<\/a> qui surprend les touristes ou nouveaux venus. A l\u2019image de Th\u00e9o, d\u00e9barqu\u00e9 en f\u00e9vrier de Bruxelles avec sa compagne pour s\u2019installer au Panier, et \u00ab\u00a0qui ne s\u2019attendait pas \u00e0 \u00e7a\u00a0\u00bb.<\/p>\n<p>Une indigence m\u00e9t\u00e9orologique qui ne devrait pas changer dans l\u2019imm\u00e9diat. Vous pouvez remballer vos envies de bains de soleil pour <a href=\"https:\/\/www.20minutes.fr\/dossier\/paques\" class=\"color-ultramarine c-link\" rel=\"nofollow noopener\" target=\"_blank\">P\u00e2ques<\/a>. \u00ab\u00a0Le temps restera perturb\u00e9 encore jusqu\u2019\u00e0 fin avril et j\u2019ai du mal \u00e0 croire qu\u2019un temps sec et stable revienne pour mai, qui sera toutefois plus sec\u00a0\u00bb, pr\u00e9voit Paul Marquis sur ses tendances de moyens termes. Avant d\u2019annoncer la couleur\u00a0: \u00ab\u00a0Comme ces derni\u00e8res ann\u00e9es, il faudra attendre mi-juin pour que l\u2019\u00e9t\u00e9 s\u2019installe.\u00a0\u00bb<\/p>\n","protected":false},"excerpt":{"rendered":"\u00abUn temps de Parisiens\u00a0\u00bb\u2026 Comprenez merdique, pourri et d\u00e9primant. Dans les troquets, chez des amis ou m\u00eame au&hellip;\n","protected":false},"author":2,"featured_media":33493,"comment_status":"","ping_status":"","sticky":false,"template":"","format":"standard","meta":{"footnotes":""},"categories":[2814],"tags":[1111,47,11,885,1777,674,1011,27,884,2487,8527,12,883,4769,52,4459,2119,4767,1186,882,25,104,4904],"class_list":{"0":"post-33492","1":"post","2":"type-post","3":"status-publish","4":"format-standard","5":"has-post-thumbnail","7":"category-marseille","8":"tag-actu","9":"tag-actualite","10":"tag-actualites","11":"tag-bouches-du-rhone","12":"tag-eu","13":"tag-europe","14":"tag-fr","15":"tag-france","16":"tag-marseille","17":"tag-meteo","18":"tag-meteorologie","19":"tag-news","20":"tag-paca","21":"tag-paques","22":"tag-planete","23":"tag-pluie","24":"tag-previsions-meteo","25":"tag-printemps","26":"tag-provence","27":"tag-provence-alpes-cote-dazur","28":"tag-republique-francaise","29":"tag-societe","30":"tag-soleil"},"share_on_mastodon":{"url":"https:\/\/pubeurope.com\/@fr\/114357751249046129","error":""},"_links":{"self":[{"href":"https:\/\/www.europesays.com\/fr\/wp-json\/wp\/v2\/posts\/33492","targetHints":{"allow":["GET"]}}],"collection":[{"href":"https:\/\/www.europesays.com\/fr\/wp-json\/wp\/v2\/posts"}],"about":[{"href":"https:\/\/www.europesays.com\/fr\/wp-json\/wp\/v2\/types\/post"}],"author":[{"embeddable":true,"href":"https:\/\/www.europesays.com\/fr\/wp-json\/wp\/v2\/users\/2"}],"replies":[{"embeddable":true,"href":"https:\/\/www.europesays.com\/fr\/wp-json\/wp\/v2\/comments?post=33492"}],"version-history":[{"count":0,"href":"https:\/\/www.europesays.com\/fr\/wp-json\/wp\/v2\/posts\/33492\/revisions"}],"wp:featuredmedia":[{"embeddable":true,"href":"https:\/\/www.europesays.com\/fr\/wp-json\/wp\/v2\/media\/33493"}],"wp:attachment":[{"href":"https:\/\/www.europesays.com\/fr\/wp-json\/wp\/v2\/media?parent=33492"}],"wp:term":[{"taxonomy":"category","embeddable":true,"href":"https:\/\/www.europesays.com\/fr\/wp-json\/wp\/v2\/categories?post=33492"},{"taxonomy":"post_tag","embeddable":true,"href":"https:\/\/www.europesays.com\/fr\/wp-json\/wp\/v2\/tags?post=33492"}],"curies":[{"name":"wp","href":"https:\/\/api.w.org\/{rel}","templated":true}]}}