{"id":334921,"date":"2025-08-21T22:26:10","date_gmt":"2025-08-21T22:26:10","guid":{"rendered":"https:\/\/www.europesays.com\/fr\/334921\/"},"modified":"2025-08-21T22:26:10","modified_gmt":"2025-08-21T22:26:10","slug":"caluire-repond-a-lappel-dalain-jakubowicz-et-plantera-un-arbre-pour-ilan-halimi","status":"publish","type":"post","link":"https:\/\/www.europesays.com\/fr\/334921\/","title":{"rendered":"Caluire r\u00e9pond \u00e0 l&rsquo;appel d&rsquo;Alain Jakubowicz et plantera un arbre pour Ilan Halimi"},"content":{"rendered":"<p itemprop=\"description\"><strong>Il y a quelques jours, l&rsquo;olivier plant\u00e9 \u00e0 Epinay-sur-Seine en m\u00e9moire d&rsquo;Ilan Halimi a \u00e9t\u00e9 abattu.<\/strong><\/p>\n<p>Un acte antis\u00e9mite largement d\u00e9nonc\u00e9, et qui a inspir\u00e9 <a href=\"https:\/\/www.marianne.net\/agora\/tribunes-libres\/alain-jakubowicz-je-demande-a-chaque-maire-de-france-de-planter-un-arbre-pour-ilan-halimi\" target=\"_blank\" rel=\"noopener nofollow\">une tribune<\/a> \u00e0 l&rsquo;avocat lyonnais <a href=\"https:\/\/www.lyonmag.com\/profil-personnalite-lyonnaise\/458\/alain-jakubowicz\" target=\"_blank\" rel=\"noopener nofollow\">Alain Jakubowicz<\/a>. L&rsquo;ancien pr\u00e9sident de la Licra y encourage chaque maire de France \u00e0 planter un arbre pour le jeune homme, enlev\u00e9, tortur\u00e9 et s\u00e9questr\u00e9 en 2006 parce que juif.<\/p>\n<p>L&rsquo;appel a trouv\u00e9 \u00e9cho \u00e0 Caluire-et-Cuire. Le maire nouvellement \u00e9lu <a href=\"https:\/\/www.lyonmag.com\/profil-personnalite-lyonnaise\/690\/bastien-joint\" target=\"_blank\" rel=\"noopener nofollow\">Bastien Joint<\/a> a annonc\u00e9 vouloir planter un arbre en hommage \u00e0 Ilan Halimi sur sa commune. \u00ab\u00a0Car ici, \u00e0 Caluire, ville o\u00f9 fut arr\u00eat\u00e9e la r\u00e9union clandestine de Jean Moulin et de ses compagnons de R\u00e9sistance, ville de Jean Nallit, Juste parmi les Nations, nous savons ce que signifient le courage et la fid\u00e9lit\u00e9 \u00e0 nos valeurs\u00a0\u00bb, argumente l&rsquo;\u00e9dile LR.<\/p>\n<p>\u00ab\u00a0Face \u00e0 celui qui a tron\u00e7onn\u00e9 l\u2019arbre plant\u00e9 \u00e0 \u00c9pinay-sur-Seine en hommage \u00e0 Ilan Halimi, je veux croire que cette profanation, \u00e0 la fois indicible et criminelle, de notre m\u00e9moire collective, tout comme la recrudescence de ces actes odieux, appelle une r\u00e9ponse p\u00e9nale ferme et exemplaire. Car une soci\u00e9t\u00e9 apais\u00e9e ne peut exister sans le respect de la r\u00e8gle de droit\u2026 Face \u00e0 la haine, notre m\u00e9moire sera toujours vivante. Car rien n\u2019est jamais plus fort que ce qui nous rassemble: la R\u00e9publique !\u00a0\u00bb, poursuit Bastien Joint.<\/p>\n<p><strong>A Lyon aussi, mais peut-\u00eatre en 2026<\/strong><\/p>\n<p>Un candidat qui vise la mairie de Lyon a aussi r\u00e9pondu favorablement \u00e0 l&rsquo;appel. Un certain <a href=\"https:\/\/www.lyonmag.com\/profil-personnalite-lyonnaise\/8\/jean-michel-aulas\" target=\"_blank\" rel=\"noopener nofollow\">Jean-Michel Aulas<\/a>, qui plantera donc \u00e0 son tour un arbre s&rsquo;il est \u00e9lu en 2026, \u00ab\u00a0parce que l\u2019antis\u00e9mitisme est une insulte \u00e0 la R\u00e9publique et une blessure \u00e0 l\u2019\u00e2me de Lyon, terre de m\u00e9moire, de r\u00e9sistance et de fraternit\u00e9\u00a0\u00bb.<\/p>\n<p>De quoi ravir Alain Jakubowicz, qui a remerci\u00e9 les deux personnalit\u00e9s politiques.<\/p>\n<blockquote class=\"twitter-tweet\"><p>&#13;<\/p>\n<p dir=\"ltr\" lang=\"fr\">Cher Jean-Michel, <br \/>Voyons ce que fera et, je le crains, ce que ne fera pas <a href=\"https:\/\/twitter.com\/Gregorydoucet?ref_src=twsrc%5Etfw\" rel=\"nofollow noopener\" target=\"_blank\">@Gregorydoucet<\/a>. Dans ce cas qui mieux que notre futur Maire pour en prendre l\u2019initiative ? Yes we can !<\/p>\n<p>&#13;<br \/>\n\u2014 Alain Jakubowicz (@JakubowiczA) <a href=\"https:\/\/twitter.com\/JakubowiczA\/status\/1958252229284257850?ref_src=twsrc%5Etfw\" rel=\"nofollow noopener\" target=\"_blank\">August 20, 2025<\/a><\/p><\/blockquote>\n<p>\t\t  <script async src=\"https:\/\/platform.twitter.com\/widgets.js\" charset=\"utf-8\"><\/script><\/p>\n","protected":false},"excerpt":{"rendered":"Il y a quelques jours, l&rsquo;olivier plant\u00e9 \u00e0 Epinay-sur-Seine en m\u00e9moire d&rsquo;Ilan Halimi a \u00e9t\u00e9 abattu. Un acte&hellip;\n","protected":false},"author":2,"featured_media":334922,"comment_status":"","ping_status":"","sticky":false,"template":"","format":"standard","meta":{"footnotes":""},"categories":[1889],"tags":[1111,11,2813,2190,2430,1109,251,1112,2811,1777,674,118,1011,27,1922,1110,1114,2428,2810,12,241,316,25,2812,517,800],"class_list":{"0":"post-334921","1":"post","2":"type-post","3":"status-publish","4":"format-standard","5":"has-post-thumbnail","7":"category-lyon","8":"tag-actu","9":"tag-actualites","10":"tag-article","11":"tag-asvel","12":"tag-auvergne-rhone-alpes","13":"tag-breves","14":"tag-culture","15":"tag-depeches","16":"tag-economique","17":"tag-eu","18":"tag-europe","19":"tag-faits-divers","20":"tag-fr","21":"tag-france","22":"tag-info","23":"tag-informations","24":"tag-infos","25":"tag-lyon","26":"tag-lyonmag","27":"tag-news","28":"tag-ol","29":"tag-politique","30":"tag-republique-francaise","31":"tag-sociale","32":"tag-sport","33":"tag-transports"},"share_on_mastodon":{"url":"https:\/\/pubeurope.com\/@fr\/115069110417783295","error":""},"_links":{"self":[{"href":"https:\/\/www.europesays.com\/fr\/wp-json\/wp\/v2\/posts\/334921","targetHints":{"allow":["GET"]}}],"collection":[{"href":"https:\/\/www.europesays.com\/fr\/wp-json\/wp\/v2\/posts"}],"about":[{"href":"https:\/\/www.europesays.com\/fr\/wp-json\/wp\/v2\/types\/post"}],"author":[{"embeddable":true,"href":"https:\/\/www.europesays.com\/fr\/wp-json\/wp\/v2\/users\/2"}],"replies":[{"embeddable":true,"href":"https:\/\/www.europesays.com\/fr\/wp-json\/wp\/v2\/comments?post=334921"}],"version-history":[{"count":0,"href":"https:\/\/www.europesays.com\/fr\/wp-json\/wp\/v2\/posts\/334921\/revisions"}],"wp:featuredmedia":[{"embeddable":true,"href":"https:\/\/www.europesays.com\/fr\/wp-json\/wp\/v2\/media\/334922"}],"wp:attachment":[{"href":"https:\/\/www.europesays.com\/fr\/wp-json\/wp\/v2\/media?parent=334921"}],"wp:term":[{"taxonomy":"category","embeddable":true,"href":"https:\/\/www.europesays.com\/fr\/wp-json\/wp\/v2\/categories?post=334921"},{"taxonomy":"post_tag","embeddable":true,"href":"https:\/\/www.europesays.com\/fr\/wp-json\/wp\/v2\/tags?post=334921"}],"curies":[{"name":"wp","href":"https:\/\/api.w.org\/{rel}","templated":true}]}}