{"id":334923,"date":"2025-08-21T22:27:10","date_gmt":"2025-08-21T22:27:10","guid":{"rendered":"https:\/\/www.europesays.com\/fr\/334923\/"},"modified":"2025-08-21T22:27:10","modified_gmt":"2025-08-21T22:27:10","slug":"ol-lyon-recale-le-bayern-munich-pour-malick-fofana","status":"publish","type":"post","link":"https:\/\/www.europesays.com\/fr\/334923\/","title":{"rendered":"OL : Lyon recale le Bayern Munich pour Malick Fofana"},"content":{"rendered":"<p><strong>Courtis\u00e9 par le Bayern Munich, qui vient de proposer un pr\u00eat \u00e0 l\u2019Olympique Lyonnais, Malick Fofana est pour l\u2019instant retenu par son club. L&rsquo;ailier belge semble bien parti pour rester, sauf en cas d\u2019\u00e9norme offre de derni\u00e8re minute.<\/strong><\/p>\n<p>Histoire d\u2019\u00eatre parfaitement dans les clous du fair-play financier, le club rhodanien a encore besoin de r\u00e9aliser une belle vente avant la fin de ce mercato d\u2019\u00e9t\u00e9. Est-ce que celle-ci sera avec Malick Fofana ? La question peut se poser, sachant que l\u2019attaquant belge est probablement le joueur le plus courtis\u00e9 de l\u2019effectif de Paulo Fonseca. Auteur d\u2019une tr\u00e8s belle saison derni\u00e8re, le joueur de 20 ans dispose d\u2019un grand avenir devant lui. Si bien que les grands clubs europ\u00e9ens toquent d\u00e9j\u00e0 \u00e0 la porte de l\u2019<a href=\"https:\/\/www.foot01.com\/equipe\/ol\/\" rel=\"nofollow noopener\" target=\"_blank\">OL<\/a>. En effet, ces derni\u00e8res heures, le Bayern Munich a par exemple propos\u00e9 une offre de pr\u00eat pour Fofana. Sauf que d\u2019apr\u00e8s les informations du Progr\u00e8s, les Gones ont tout simplement repouss\u00e9 l\u2019approche des Munichois. Si le Bayern n\u2019a pas les moyens de proposer un transfert sec de 40 millions d\u2019euros, le prix demand\u00e9 pour l\u2019espoir belge, Fofana ne quittera pas Lyon sous cette forme. D\u00e9j\u00e0 parce que l\u2019OL ne gagnerait pas d\u2019argent sur le court terme, mais perdrait surtout tr\u00e8s gros au niveau sportif, vu que l\u2019ancien de La Gantoise est consid\u00e9r\u00e9 comme un titulaire indiscutable chez les Gones.<\/p>\n<p><strong>40 ME sur Fofana, c\u2019est trop cher pour les grands clubs europ\u00e9ens<\/strong><\/p>\n<blockquote class=\"twitter-tweet\"><p>&#13;<\/p>\n<p lang=\"fr\" dir=\"ltr\">\ud83d\udea8 \ud835\udddf\ud835\uddd8 \ud835\uddd5\ud835\uddd4\ud835\uddec\ud835\uddd8\ud835\udde5\ud835\udde1 \ud835\uddd4 \ud835\udde7\ud835\uddd8\ud835\udde1\ud835\udde7\ud835\uddd8\u0301 \ud835\uddd7\ud835\uddd8 \ud835\udde5\ud835\uddd8\u0301\ud835\uddd6\ud835\udde8\ud835\udde3\ud835\uddd8\u0301\ud835\udde5\ud835\uddd8\ud835\udde5 \ud835\udde0\ud835\uddd4\ud835\udddf\ud835\udddc\ud835\uddd6\ud835\uddde \ud835\uddd9\ud835\udde2\ud835\uddd9\ud835\uddd4\ud835\udde1\ud835\uddd4 \ud83c\udde7\ud83c\uddea \ud835\uddd8\ud835\udde1 \ud835\udde3\ud835\udde5\ud835\uddd8\u0302\ud835\udde7 ! \ud83d\ude33<\/p>\n<p>L\u2019OL a tout de suite dit \u201c\ud835\udde1\ud835\udde2\ud835\udde1\u201d. \u274c<\/p>\n<p>(<a href=\"https:\/\/twitter.com\/LeProgresOL?ref_src=twsrc%5Etfw\" rel=\"nofollow noopener\" target=\"_blank\">@LeProgresOL<\/a>) <a href=\"https:\/\/t.co\/EOyaZovreU\" rel=\"nofollow\">pic.twitter.com\/EOyaZovreU<\/a><\/p>\n<p>&#13;<br \/>\n\u2014 BeFootball (@_BeFootball) <a href=\"https:\/\/twitter.com\/_BeFootball\/status\/1958511631740076330?ref_src=twsrc%5Etfw\" rel=\"nofollow noopener\" target=\"_blank\">August 21, 2025<\/a><\/p><\/blockquote>\n<p>Annonc\u00e9 sur le d\u00e9part depuis le d\u00e9but du mercato, Malick Fofana pourrait donc finalement rester du c\u00f4t\u00e9 du Groupama Stadium, sauf en cas d\u2019offre \u00ab \u00e9norme \u00bb. Mais sachant que la barre des 40 ME demand\u00e9e pour un joueur aussi jeune freine les ardeurs des courtisans, Fofana a des chances de poursuivre sa progression en France. Pas vraiment un souci pour lui, car m\u00eame s\u2019il est bien entendu ouvert \u00e0 l\u2019id\u00e9e de rejoindre un grand club europ\u00e9en, Fofana se sent bien \u00e0 Lyon, o\u00f9 il esp\u00e8re progresser pour gagner sa place en s\u00e9lection belge en vue de la Coupe du Monde 2026. Un bel objectif qui passera forc\u00e9ment par une saison pleine sous le maillot de l\u2019OL, avec de grands objectifs en championnat mais aussi en Europa League.<\/p>\n<p>          <script async src=\"https:\/\/platform.twitter.com\/widgets.js\" charset=\"utf-8\"><\/script><\/p>\n","protected":false},"excerpt":{"rendered":"Courtis\u00e9 par le Bayern Munich, qui vient de proposer un pr\u00eat \u00e0 l\u2019Olympique Lyonnais, Malick Fofana est pour&hellip;\n","protected":false},"author":2,"featured_media":334924,"comment_status":"","ping_status":"","sticky":false,"template":"","format":"standard","meta":{"footnotes":""},"categories":[1889],"tags":[1111,11,2430,1777,674,1011,27,2428,12,25],"class_list":{"0":"post-334923","1":"post","2":"type-post","3":"status-publish","4":"format-standard","5":"has-post-thumbnail","7":"category-lyon","8":"tag-actu","9":"tag-actualites","10":"tag-auvergne-rhone-alpes","11":"tag-eu","12":"tag-europe","13":"tag-fr","14":"tag-france","15":"tag-lyon","16":"tag-news","17":"tag-republique-francaise"},"share_on_mastodon":{"url":"https:\/\/pubeurope.com\/@fr\/115069114313239882","error":""},"_links":{"self":[{"href":"https:\/\/www.europesays.com\/fr\/wp-json\/wp\/v2\/posts\/334923","targetHints":{"allow":["GET"]}}],"collection":[{"href":"https:\/\/www.europesays.com\/fr\/wp-json\/wp\/v2\/posts"}],"about":[{"href":"https:\/\/www.europesays.com\/fr\/wp-json\/wp\/v2\/types\/post"}],"author":[{"embeddable":true,"href":"https:\/\/www.europesays.com\/fr\/wp-json\/wp\/v2\/users\/2"}],"replies":[{"embeddable":true,"href":"https:\/\/www.europesays.com\/fr\/wp-json\/wp\/v2\/comments?post=334923"}],"version-history":[{"count":0,"href":"https:\/\/www.europesays.com\/fr\/wp-json\/wp\/v2\/posts\/334923\/revisions"}],"wp:featuredmedia":[{"embeddable":true,"href":"https:\/\/www.europesays.com\/fr\/wp-json\/wp\/v2\/media\/334924"}],"wp:attachment":[{"href":"https:\/\/www.europesays.com\/fr\/wp-json\/wp\/v2\/media?parent=334923"}],"wp:term":[{"taxonomy":"category","embeddable":true,"href":"https:\/\/www.europesays.com\/fr\/wp-json\/wp\/v2\/categories?post=334923"},{"taxonomy":"post_tag","embeddable":true,"href":"https:\/\/www.europesays.com\/fr\/wp-json\/wp\/v2\/tags?post=334923"}],"curies":[{"name":"wp","href":"https:\/\/api.w.org\/{rel}","templated":true}]}}