{"id":334925,"date":"2025-08-21T22:29:16","date_gmt":"2025-08-21T22:29:16","guid":{"rendered":"https:\/\/www.europesays.com\/fr\/334925\/"},"modified":"2025-08-21T22:29:16","modified_gmt":"2025-08-21T22:29:16","slug":"la-police-municipale-avait-loeil","status":"publish","type":"post","link":"https:\/\/www.europesays.com\/fr\/334925\/","title":{"rendered":"la police municipale avait l\u2019\u0153il"},"content":{"rendered":"<p>            Par<br \/>\n        <strong><br \/>\n            <a href=\"https:\/\/actu.fr\/auteur\/david-goudey\" title=\"Consulter tous les articles de David Goudey\" rel=\"nofollow noopener\" target=\"_blank\">David Goudey<\/a><br \/>\n        <\/strong><\/p>\n<p>        Publi\u00e9 le<\/p>\n<p>            21 ao\u00fbt 2025 \u00e0 6h16        <\/p>\n<p>L\u2019affaire fait grand bruit \u00e0 <a href=\"https:\/\/actu.fr\/ile-de-france\/saint-arnoult-en-yvelines_78537\" rel=\"nofollow noopener\" target=\"_blank\">Saint-Arnoult-en-Yvelines<\/a> depuis le samedi 16\u00a0ao\u00fbt 2025. Ce jour-l\u00e0, <a href=\"https:\/\/actu.fr\/ile-de-france\/saint-arnoult-en-yvelines_78537\/yvelines-ici-cetait-open-bar-il-faisait-son-business-illicite-sous-les-yeux-de-la-police-municipale_63040674.html\" rel=\"nofollow noopener\" target=\"_blank\">78 actu r\u00e9v\u00e9lait qu\u2019un commerce de la commune<\/a>, dont l\u2019activit\u00e9, tout \u00e0 fait l\u00e9gale sur le papier, \u00e9tait de vendre du CBD, avait \u00e9t\u00e9 vis\u00e9, cinq jours plus t\u00f4t, par un arr\u00eat\u00e9 de fermeture administrative de trois mois ordonn\u00e9e par la pr\u00e9fecture \u00ab\u2009en raison de son <b>lien avec le trafic de stup\u00e9fiants<\/b>\u2009\u00bb, soulignait l\u2019autorit\u00e9 de l\u2019\u00c9tat.<br \/>Ici, c\u2019\u00e9tait<b> \u00ab\u2009open bar\u2009\u00bb<\/b>.\u00a0Dans cette boutique de la rue Eug\u00e8ne-Renault, on trouvait bien du CBD. Sauf que sa teneur en\u00a0t\u00e9trahydrocannabinol<b> <\/b>(THC) d\u00e9passait largement le seuil autoris\u00e9 (inf\u00e9rieure \u00e0 0,3\u2009%). L\u2019analyse de la marchandise saisie par la gendarmerie a mis en \u00e9vidence une concentration allant de 9 et 25\u2009%.<\/p>\n<p>\u00ab\u2009Un travail de l\u2019ombre\u2009\u00bb de la police municipale<\/p>\n<p class=\" wall-content\">Dans ce dossier, la police municipale (PM), dont les locaux sont situ\u00e9s juste en face de ce<b> point de deal <\/b>qui avait pignon sur rue, a jou\u00e9 un r\u00f4le de premier plan, \u00ab\u2009un travail de l\u2019ombre\u2009\u00bb, insiste la maire Jo\u00eblle J\u00e9gat, contact\u00e9e par la r\u00e9daction.<\/p>\n<p class=\" wall-content\">Le petit business illicite se passait sous les yeux de la PM, mais elle avait l\u2019\u0153il, et depuis un bon moment d\u00e9j\u00e0. Cette boutique, en fait, est ouverte \u00ab\u2009depuis environ un an\u2009\u00bb, signale le chef de la police municipale, qui a trois agents sous ses ordres. Elle a pris la suite d\u2019un magasin de d\u00e9coration qui a d\u00e9m\u00e9nag\u00e9 ailleurs en ville. <b>\u00ab\u2009Elle ne posait aucun probl\u00e8me jusqu\u2019en mars\u00a02025\u2026\u2009\u00bb<\/b><\/p>\n<p>Tout a chang\u00e9 \u00e0 partir de mars\u00a02025<\/p>\n<p class=\" wall-content\">Tout a \u00e9t\u00e9 bien diff\u00e9rent \u00e0 partir de cette date, quand le commerce a chang\u00e9 de <b>g\u00e9rance<\/b>, tout en proc\u00e9dant \u00e0 l\u2019immatriculation d\u2019une nouvelle soci\u00e9t\u00e9, alors m\u00eame que son activit\u00e9 restait identique. Louche\u2009?<\/p>\n<p class=\" wall-content\">La police municipale s\u2019est vite aper\u00e7ue en tout cas que de l\u2019<b>alcool<\/b> \u00e9tait vendue \u00ab\u2009sans autorisation\u2009\u00bb. \u00ab\u2009Le g\u00e9rant n\u2019est jamais venu faire le n\u00e9cessaire malgr\u00e9 mes relances pour obtenir une licence II\u2009\u00bb, raconte le directeur de la police municipale.<\/p>\n<p>Un dr\u00f4le de man\u00e8ge<\/p>\n<p class=\" wall-content\">Un autre man\u00e8ge a attir\u00e9 l\u2019attention. Il y avait <b>beaucoup d\u2019all\u00e9es et venues<\/b>, jusque tr\u00e8s tard, et tr\u00e8s bruyantes pour les riverains. \u00ab\u2009Et des odeurs\u2009\u00bb, facilement identifiables pour des nez avis\u00e9s.<\/p>\n<p>Votre r\u00e9gion, votre actu !<\/p>\n<p>Recevez chaque jour les infos qui comptent pour vous.<\/p>\n<p>\t<a href=\"https:\/\/actu.fr\/newsletter\" class=\"ac-btn ac-btn--corner ac-btn--medium ac-btn--blue800\" rel=\"nofollow noopener\" target=\"_blank\">S&rsquo;incrire<\/a><\/p>\n<p class=\" wall-content\">\u00ab\u2009Il y a une \u00e9cole, une cr\u00e8che et la biblioth\u00e8que pas loin, localise aussi le chef de la PM de Saint-Arnoult-en-Yvelines. Des parents nous ont rapport\u00e9 des choses, et <b>ce n\u2019\u00e9tait pas du CBD<\/b>.\u2009\u00bb<\/p>\n<p>Une surveillance discr\u00e8te<\/p>\n<p class=\" wall-content\">Un signalement a d\u00e9j\u00e0 \u00e9t\u00e9 fait depuis un moment \u00e0 la brigade de gendarmerie territoriale. Une <b>enqu\u00eate <\/b>est ouverte et une surveillance discr\u00e8te se met en place. La police municipale y prend toute sa part.<\/p>\n<p class=\" wall-content\">Gr\u00e2ce notamment au dispositif de <b>cam\u00e9ras<\/b> de la municipalit\u00e9, il s\u2019av\u00e8re rapidement qu\u2019un trafic pas tr\u00e8s clair se passe dans le commerce. La perquisition le confirmera. Selon nos informations, le g\u00e9rant a \u00e9t\u00e9 plac\u00e9 en d\u00e9tention provisoire.<\/p>\n<p>    <img   decoding=\"async\" loading=\"lazy\" class=\"size-large\" src=\"https:\/\/www.europesays.com\/fr\/wp-content\/uploads\/2025\/08\/fed3fdbe0e986e2e3fdbe0e98b6e3fv-1-960x640.jpeg\" alt=\"boutique cbd saint arnoult en yvelines\" width=\"960\" height=\"640\"\/><br \/>\n    La boutique de Saint-Arnoult-en-Yvelines dont l\u2019activit\u00e9 \u00e9tait de vendre du CBD est situ\u00e9e Eug\u00e8ne-Renault. \u00a9Adrien Le Ray\u00ab\u2009Tout a finalement \u00e9t\u00e9 tr\u00e8s vite\u2009\u00bb<\/p>\n<p class=\" wall-content\">Jo\u00eblle J\u00e9gat aurait pu prendre un arr\u00eat\u00e9 municipal afin d\u2019interdire les regroupements devant la boutique et chasser les ind\u00e9sirables. Elle ne l\u2019a pas fait pour une tr\u00e8s bonne raison.<b> \u00ab\u2009On m\u2019a demand\u00e9 de laisser faire\u2009\u00bb<\/b>, explique la maire.<\/p>\n<p class=\" wall-content\">On, c\u2019est la gendarmerie. Il fallait en effet r\u00e9unir un maximum d\u2019indices et de <b>preuves<\/b> sans \u00e9veiller les soup\u00e7ons, du g\u00e9rant comme des clients. \u00ab\u2009Tout a finalement \u00e9t\u00e9 tr\u00e8s vite\u2009\u00bb, se f\u00e9licite le chef de la PM.<\/p>\n<blockquote class=\"ac-article-quote wall-content\">\n<p>\u00ab\u2009La police municipale, \u00e7a ne sert pas qu\u2019\u00e0 mettre des PV (de stationnement \u2013 N.D.L.R.). Elle a beaucoup travaill\u00e9 sur cette affaire. Les agents n\u2019auront pas de m\u00e9daille, mais ils en m\u00e9riteraient une. Chapeau \u00e0 tout le monde, aux agents et \u00e0 la gendarmerie.\u2009\u00bb<\/p>\n<p>Jo\u00eblle J\u00e9gat, maire de Saint-Arnoult-en-Yvelines<\/p><\/blockquote>\n<p class=\" wall-content\">Personnalisez votre actualit\u00e9 en ajoutant vos villes et m\u00e9dias en favori avec <a href=\"https:\/\/moncompte.actu.fr\" title=\"D\u00e9couvez Mon Actu\" rel=\"nofollow noopener\" data-trk=\"{&quot;cta&quot;:{&quot;action&quot;:&quot;https:\\\/\\\/moncompte.actu.fr&quot;,&quot;category&quot;:&quot;mon compte&quot;,&quot;from&quot;:&quot;article footer&quot;,&quot;name&quot;:&quot;Mon actu&quot;,&quot;type&quot;:&quot;cta&quot;}}\" target=\"_blank\">Mon Actu<\/a>.<\/p>\n","protected":false},"excerpt":{"rendered":"Par David Goudey Publi\u00e9 le 21 ao\u00fbt 2025 \u00e0 6h16 L\u2019affaire fait grand bruit \u00e0 Saint-Arnoult-en-Yvelines depuis le&hellip;\n","protected":false},"author":2,"featured_media":334926,"comment_status":"","ping_status":"","sticky":false,"template":"","format":"standard","meta":{"footnotes":""},"categories":[1592],"tags":[1111,11,1052,1777,674,118,1011,27,3381,662,12,626,25],"class_list":{"0":"post-334925","1":"post","2":"type-post","3":"status-publish","4":"format-standard","5":"has-post-thumbnail","7":"category-ile-de-france","8":"tag-actu","9":"tag-actualites","10":"tag-drogue","11":"tag-eu","12":"tag-europe","13":"tag-faits-divers","14":"tag-fr","15":"tag-france","16":"tag-gendarmerie","17":"tag-ile-de-france","18":"tag-news","19":"tag-paris","20":"tag-republique-francaise"},"share_on_mastodon":{"url":"https:\/\/pubeurope.com\/@fr\/115069122981785735","error":""},"_links":{"self":[{"href":"https:\/\/www.europesays.com\/fr\/wp-json\/wp\/v2\/posts\/334925","targetHints":{"allow":["GET"]}}],"collection":[{"href":"https:\/\/www.europesays.com\/fr\/wp-json\/wp\/v2\/posts"}],"about":[{"href":"https:\/\/www.europesays.com\/fr\/wp-json\/wp\/v2\/types\/post"}],"author":[{"embeddable":true,"href":"https:\/\/www.europesays.com\/fr\/wp-json\/wp\/v2\/users\/2"}],"replies":[{"embeddable":true,"href":"https:\/\/www.europesays.com\/fr\/wp-json\/wp\/v2\/comments?post=334925"}],"version-history":[{"count":0,"href":"https:\/\/www.europesays.com\/fr\/wp-json\/wp\/v2\/posts\/334925\/revisions"}],"wp:featuredmedia":[{"embeddable":true,"href":"https:\/\/www.europesays.com\/fr\/wp-json\/wp\/v2\/media\/334926"}],"wp:attachment":[{"href":"https:\/\/www.europesays.com\/fr\/wp-json\/wp\/v2\/media?parent=334925"}],"wp:term":[{"taxonomy":"category","embeddable":true,"href":"https:\/\/www.europesays.com\/fr\/wp-json\/wp\/v2\/categories?post=334925"},{"taxonomy":"post_tag","embeddable":true,"href":"https:\/\/www.europesays.com\/fr\/wp-json\/wp\/v2\/tags?post=334925"}],"curies":[{"name":"wp","href":"https:\/\/api.w.org\/{rel}","templated":true}]}}