{"id":334927,"date":"2025-08-21T22:30:12","date_gmt":"2025-08-21T22:30:12","guid":{"rendered":"https:\/\/www.europesays.com\/fr\/334927\/"},"modified":"2025-08-21T22:30:12","modified_gmt":"2025-08-21T22:30:12","slug":"aca-ajaccio-une-reunion-de-la-derniere-chance-a-la-bodega-et-un-nouveau-bureau-annonce-une-enquete-en-cours-apres-plusieurs-signalements-tracfin","status":"publish","type":"post","link":"https:\/\/www.europesays.com\/fr\/334927\/","title":{"rendered":"ACA Ajaccio. Une r\u00e9union de la \u00ab\u00a0derni\u00e8re chance\u00a0\u00bb \u00e0 la Bod\u00e9ga et un nouveau bureau annonc\u00e9, une enqu\u00eate en cours apr\u00e8s plusieurs signalements Tracfin"},"content":{"rendered":"<p class=\"article__intro\">Ce 21 ao\u00fbt 2025, l\u2019AC Ajaccio a saisi le comit\u00e9 ex\u00e9cutif de la FFF pour permettre la sauvegarde des \u00e9quipes de moins de 17 ans et moins de 19 ans, afin de permettre la p\u00e9rennit\u00e9 de l&rsquo;association ACA. Une assembl\u00e9e g\u00e9n\u00e9rale extraordinaire s&rsquo;est tenue hier au stade Michel Moretti pour pr\u00e9parer cet appel et passer la main \u00e0 une nouvelle \u00e9quipe. Apr\u00e8s plusieurs signalements Tracfin, une enqu\u00eate sur les finances du club est en cours.<\/p>\n<p>\n      L\u2019actu des r\u00e9gions\n    <\/p>\n<p>\n      Chaque jour, un tour d\u2019horizon des principales infos de toutes les r\u00e9gions.\n    <\/p>\n<p>    France T\u00e9l\u00e9visions utilise votre adresse e-mail afin de vous envoyer la newsletter \u00ab\u00a0L\u2019actu des r\u00e9gions\u00a0\u00bb. Vous pouvez vous d\u00e9sinscrire \u00e0 tout moment via le lien en bas de cette newsletter. <a target=\"_blank\" href=\"https:\/\/www.francetelevisions.fr\/groupe\/confidentialite\/politique-de-confidentialite\/politique-de-confidentialite-de-france-televisions-6503\" rel=\"nofollow noopener\">Notre politique de confidentialit\u00e9<\/a><\/p>\n<p>Derni\u00e8re \u00e9volution en date dans les dossiers tumultueux de l&rsquo;ACA : l&rsquo;AFP r\u00e9v\u00e8le ce jeudi qu&rsquo;une enqu\u00eate est en cours concernant la gestion et les finances du club, apr\u00e8s plusieurs signalements Tracfin, la cellule de renseignement financier de Bercy.<\/p>\n<p>La discussion aura dur\u00e9 deux heures. L&rsquo;association de l&rsquo;AC Ajaccio a organis\u00e9, ce mercredi 20 ao\u00fbt, une assembl\u00e9e g\u00e9n\u00e9rale extraordinaire dans laquelle s&rsquo;est jou\u00e9 l&rsquo;avenir du club.<\/p>\n<p><a data-article-figure=\"\" href=\"https:\/\/france3-regions.franceinfo.fr\/image\/ZWIELGFtDEdrnX8thLGBYAOCT0Y\/1920x1080\/regions\/2025\/08\/21\/398-0620-00-00-03-18-68a72920a2129809862184.jpg\" data-pswp-width=\"1920\" data-pswp-height=\"1080\" target=\"_blank\" rel=\"nofollow noopener\"><\/p>\n<p>          <img width=\"600\" height=\"400\" class=\"article-image lazy\" data-src=\"https:\/\/www.europesays.com\/fr\/wp-content\/uploads\/2025\/08\/398-0620-00-00-03-18-68a72920a2129809862184.jpg\" alt=\"La r\u00e9union \u00e9tait aussi suivie en visioconf\u00e9rence depuis les locaux de La Bodega.\" fetchpriority=\"high\" as=\"image\"\/><\/p>\n<p>\n            La r\u00e9union \u00e9tait aussi suivie en visioconf\u00e9rence depuis les locaux de La Bodega.<br \/>\n                           \u2022<br \/>\n                                      \u00a9 H\u00e9loise Drouet\/ France T\u00e9l\u00e9visions\n                      <\/p>\n<p><\/a><\/p>\n<p>Un enseignement principal a \u00e9t\u00e9 tir\u00e9 de cette r\u00e9union, qui s&rsquo;est d\u00e9roul\u00e9e dans la soir\u00e9e, au sein de La salle Bodega du stade Michel Moretti : l\u2019association fait table rase du pass\u00e9 et tous les membres du bureau vont passer la main.<\/p>\n<blockquote class=\"ftvi_content_quote\">\n<p class=\"ftvi_citation_quote\">Dans un premier temps, l&rsquo;assembl\u00e9e g\u00e9n\u00e9rale a permis de faire un bilan financier et de dresser un \u00e9tat des lieux sur l&rsquo;association. Elle est compos\u00e9e de d\u00e9missionnaires dont je fais partie puisque je suis pr\u00e9sident de la ligue corse de football, il y a donc conflit d&rsquo;int\u00e9r\u00eats et c&rsquo;est normal que je parte.\u00a0<\/p>\n<p>St\u00e9phane Vannucci<\/p>\n<p class=\"ftvi_citation_source\">Vice-pr\u00e9sident d\u00e9missionnaire de l&rsquo;ACA<\/p>\n<\/blockquote>\n<p>Tous les membres du bureau de l&rsquo;association de l&rsquo;ACA sont sur le point \u00ab\u00a0de d\u00e9missionner et une nouvelle \u00e9quipe viendra pour relancer cette dynamique qu&rsquo;a besoin le club\u00a0\u00bb relate St\u00e9phane Vannucci, le vice-pr\u00e9sident d\u00e9missionnaire de l&rsquo;ACA.\u00a0<\/p>\n<p>Une nouvelle \u00e9quipe sera compos\u00e9e des socios du club, mais aussi de chefs d\u2019entreprises pr\u00eats \u00e0 investir de l\u2019argent dans le futur budget. Un nouveau bureau devrait \u00e9galement \u00eatre \u00e9lu d\u00e8s la semaine prochaine.<\/p>\n<p>En vertu de la d\u00e9cision du tribunal de commerce d&rsquo;Ajaccio, qui a prononc\u00e9 la liquidation judiciaire du club, l&rsquo;ACA ne pourra d\u00e9sormais \u00e9voluer qu&rsquo;en r\u00e9gionale. La reprise des championnats r\u00e9gionaux en Corse se fera le 21 septembre.<\/p>\n","protected":false},"excerpt":{"rendered":"Ce 21 ao\u00fbt 2025, l\u2019AC Ajaccio a saisi le comit\u00e9 ex\u00e9cutif de la FFF pour permettre la sauvegarde&hellip;\n","protected":false},"author":2,"featured_media":334928,"comment_status":"","ping_status":"","sticky":false,"template":"","format":"standard","meta":{"footnotes":""},"categories":[1888],"tags":[1111,1928,11,1927,1777,674,1011,27,12,1926,626,1925,25],"class_list":{"0":"post-334927","1":"post","2":"type-post","3":"status-publish","4":"format-standard","5":"has-post-thumbnail","7":"category-paris","8":"tag-actu","9":"tag-actu-paris","10":"tag-actualites","11":"tag-actualites-paris","12":"tag-eu","13":"tag-europe","14":"tag-fr","15":"tag-france","16":"tag-news","17":"tag-news-paris","18":"tag-paris","19":"tag-paris-news","20":"tag-republique-francaise"},"share_on_mastodon":{"url":"https:\/\/pubeurope.com\/@fr\/115069126218778596","error":""},"_links":{"self":[{"href":"https:\/\/www.europesays.com\/fr\/wp-json\/wp\/v2\/posts\/334927","targetHints":{"allow":["GET"]}}],"collection":[{"href":"https:\/\/www.europesays.com\/fr\/wp-json\/wp\/v2\/posts"}],"about":[{"href":"https:\/\/www.europesays.com\/fr\/wp-json\/wp\/v2\/types\/post"}],"author":[{"embeddable":true,"href":"https:\/\/www.europesays.com\/fr\/wp-json\/wp\/v2\/users\/2"}],"replies":[{"embeddable":true,"href":"https:\/\/www.europesays.com\/fr\/wp-json\/wp\/v2\/comments?post=334927"}],"version-history":[{"count":0,"href":"https:\/\/www.europesays.com\/fr\/wp-json\/wp\/v2\/posts\/334927\/revisions"}],"wp:featuredmedia":[{"embeddable":true,"href":"https:\/\/www.europesays.com\/fr\/wp-json\/wp\/v2\/media\/334928"}],"wp:attachment":[{"href":"https:\/\/www.europesays.com\/fr\/wp-json\/wp\/v2\/media?parent=334927"}],"wp:term":[{"taxonomy":"category","embeddable":true,"href":"https:\/\/www.europesays.com\/fr\/wp-json\/wp\/v2\/categories?post=334927"},{"taxonomy":"post_tag","embeddable":true,"href":"https:\/\/www.europesays.com\/fr\/wp-json\/wp\/v2\/tags?post=334927"}],"curies":[{"name":"wp","href":"https:\/\/api.w.org\/{rel}","templated":true}]}}