{"id":334939,"date":"2025-08-21T22:36:13","date_gmt":"2025-08-21T22:36:13","guid":{"rendered":"https:\/\/www.europesays.com\/fr\/334939\/"},"modified":"2025-08-21T22:36:13","modified_gmt":"2025-08-21T22:36:13","slug":"ladministration-trump-dit-examiner-les-dossiers-de-55-millions-de-personnes-titulaires-dun-visa-americain","status":"publish","type":"post","link":"https:\/\/www.europesays.com\/fr\/334939\/","title":{"rendered":"L\u2019administration Trump dit examiner les dossiers de 55\u00a0millions de personnes titulaires d\u2019un visa am\u00e9ricain"},"content":{"rendered":"<p>                          <img loading=\"lazy\" decoding=\"async\" src=\"https:\/\/www.europesays.com\/fr\/wp-content\/uploads\/2025\/08\/bda165c_upload-1-x8bsozqs4r57-000-1uq6zv-1.jpg\" alt=\"Une photo d\u2019illustration d\u2019un visa pour les Etats-Unis tampon\u00e9 \u00e0 Los Angeles, en juin 2020.\"   width=\"664\" height=\"443\"\/>    Une photo d\u2019illustration d\u2019un visa pour les Etats-Unis tampon\u00e9 \u00e0 Los Angeles, en juin 2020.  CHRIS DELMAS\/AFP                          <\/p>\n<p class=\"article__paragraph  \">Le d\u00e9partement d\u2019Etat a d\u00e9clar\u00e9, jeudi 21\u00a0ao\u00fbt, qu\u2019il examinait les dossiers de plus de 55\u00a0millions d\u2019\u00e9trangers titulaires d\u2019un visa am\u00e9ricain valide afin de d\u00e9terminer s\u2019ils \u00e9taient susceptibles d\u2019\u00eatre expuls\u00e9s pour violation des r\u00e8gles d\u2019immigration.<\/p>\n<p class=\"article__paragraph  \">Dans une r\u00e9ponse \u00e9crite \u00e0 une question de l\u2019agence am\u00e9ricaine Associated Press, le d\u00e9partement d\u2019Etat d\u00e9clare que tous les titulaires de visas am\u00e9ricains, y compris les touristes de nombreux pays, font l\u2019objet d\u2019un \u00ab\u00a0contr\u00f4le continu\u00a0\u00bb afin de d\u00e9tecter tout signe montrant qu\u2019ils pourraient ne pas \u00eatre \u00e9ligibles \u00e0 l\u2019autorisation d\u2019entrer ou de s\u00e9journer aux \u00c9tats-Unis. Dans un tel cas, le visa sera r\u00e9voqu\u00e9 et, si le titulaire du visa se trouve aux Etats-Unis, il sera passible d\u2019expulsion.<\/p>\n<p class=\"article__paragraph  \">Parmi les indicateurs d\u2019in\u00e9ligibilit\u00e9 recherch\u00e9s figurent notamment les d\u00e9passements de la date de validit\u00e9 du visa, les infractions \u00e0 la loi, les activit\u00e9s criminelles, les menaces pour la s\u00e9curit\u00e9 publique, la participation \u00e0 toute forme d\u2019activit\u00e9 terroriste ou le soutien \u00e0 une organisation terroriste.<\/p>\n<p>                                       Lire aussi |  <a href=\"https:\/\/www.lemonde.fr\/international\/article\/2025\/08\/05\/etats-unis-pour-entrer-dans-le-pays-certains-etrangers-reclamant-un-visa-devront-payer-jusqu-a-15-000-dollars_6626625_3210.html\" class=\"js-article-read-also catcher--favoris__link\" data-premium=\"\" id=\"article-title-3433678\" rel=\"nofollow noopener\" target=\"_blank\">Pour entrer aux Etats-Unis, des ressortissants de certains pays r\u00e9clamant un visa devront payer jusqu\u2019\u00e0 15\u00a0000\u00a0dollars de caution<\/a>    <\/p>\n<p>   Lire plus tard  <\/p>\n<p>                          Les comptes de r\u00e9seaux sociaux scrut\u00e9s                    <\/p>\n<p class=\"article__paragraph  \">\u00ab\u00a0Nous examinons toutes les informations disponibles dans le cadre de notre processus de v\u00e9rification, y compris les dossiers des forces de l\u2019ordre ou de l\u2019immigration ou toute autre information qui appara\u00eet apr\u00e8s la d\u00e9livrance du visa et qui indique une \u00e9ventuelle in\u00e9ligibilit\u00e9\u00a0\u00bb, a d\u00e9clar\u00e9 le d\u00e9partement d\u2019Etat.<\/p>\n<p class=\"article__paragraph  \">Seront scrut\u00e9s les comptes de r\u00e9seaux sociaux des titulaires de visa, leurs ant\u00e9c\u00e9dents judiciaires et migratoires dans leur pays d\u2019origine, ainsi que toute violation passible de poursuites de la loi am\u00e9ricaine commise pendant leur s\u00e9jour aux Etats-Unis.<\/p>\n<p class=\"article__paragraph  \">Depuis l\u2019entr\u00e9e en fonction du pr\u00e9sident Donald Trump en janvier, son administration s\u2019est jusqu\u2019\u00e0 pr\u00e9sent concentr\u00e9e sur l\u2019expulsion des migrants en situation irr\u00e9guli\u00e8re dans le pays, ainsi que sur des titulaires de visas d\u2019\u00e9tudiants. Elle a progressivement impos\u00e9 de plus en plus de restrictions et d\u2019exigences aux demandeurs de visa, notamment en exigeant des entretiens en personne.<\/p>\n<p class=\"article__paragraph  \">Mais l\u2019annonce de l\u2019examen de tous les titulaires de visa \u2013 une op\u00e9ration que les responsables reconnaissent comme \u00e9tant longue \u2013 semble constituer une extension significative de ce qui \u00e9tait, \u00e0 l\u2019origine, un processus de r\u00e9examen ax\u00e9 principalement sur les \u00e9tudiants ayant particip\u00e9 \u00e0 des activit\u00e9s propalestiniennes ou anti-isra\u00e9liennes.<\/p>\n<p>                                       Lire aussi l\u2019interview |  Article r\u00e9serv\u00e9 \u00e0 nos abonn\u00e9s  <a href=\"https:\/\/www.lemonde.fr\/campus\/article\/2025\/05\/22\/le-deuxieme-mandat-de-trump-introduit-de-l-incertitude-sur-la-question-des-visas-et-des-conditions-de-sejour-pour-les-etudiants-etrangers_6607787_4401467.html\" class=\"js-article-read-also catcher--favoris__link\" data-premium=\"1\" id=\"article-title-3423290\" rel=\"nofollow noopener\" target=\"_blank\">\u00ab\u00a0Le deuxi\u00e8me mandat de Trump introduit de l\u2019incertitude sur la question des visas et des conditions de s\u00e9jour pour les \u00e9tudiants \u00e9trangers\u00a0\u00bb<\/a>    <\/p>\n<p>   Lire plus tard  <\/p>\n<p>                          La d\u00e9livrance de visas aux chauffeurs routiers \u00e9trangers suspendue imm\u00e9diatement                    <\/p>\n<p class=\"article__paragraph  \">\u00ab\u00a0Dans le cadre de l\u2019engagement de l\u2019administration Trump \u00e0 prot\u00e9ger la s\u00e9curit\u00e9 nationale et la s\u00e9curit\u00e9 publique des Etats-Unis, depuis le jour de l\u2019investiture\u00a0\u00bb, les Etats-Unis ont r\u00e9voqu\u00e9 \u00ab\u00a0plus de deux fois plus de visas, dont pr\u00e8s de quatre fois plus de visas \u00e9tudiants, qu\u2019au cours de la m\u00eame p\u00e9riode l\u2019ann\u00e9e derni\u00e8re\u00a0\u00bb sous l\u2019administration du pr\u00e9sident d\u00e9mocrate Joe Biden, a fait savoir le d\u00e9partement d\u2019Etat.<\/p>\n<p> Le Monde M\u00e9morable  <\/p>\n<p> <a href=\"https:\/\/www.lemonde.fr\/memorable\/?rfextension=inread\" class=\"inread__link js-services-inread-link\" target=\"_blank\" rel=\"nofollow noopener\">  <\/p>\n<p>Testez votre culture g\u00e9n\u00e9rale avec la r\u00e9daction du \u00ab Monde \u00bb<\/p>\n<p>Testez votre culture g\u00e9n\u00e9rale avec la r\u00e9daction du \u00ab Monde \u00bb<\/p>\n<p>D\u00e9couvrir<\/p>\n<p> <\/a>      <\/p>\n<p> Newsletter  <\/p>\n<p> <a href=\"https:\/\/www.lemonde.fr\/newsletters\/a-la-une\/\" class=\"inread__link js-services-inread-link\" target=\"_blank\" rel=\"nofollow noopener\">  <\/p>\n<p>\u00ab A la une \u00bb<\/p>\n<p>Chaque matin, parcourez l&rsquo;essentiel de l&rsquo;actualit\u00e9 du jour avec les derniers titres du \u00ab Monde \u00bb<\/p>\n<p>S&rsquo;inscrire<\/p>\n<p> <\/a>          <\/p>\n<p> Le Monde Application  <\/p>\n<p> <a href=\"https:\/\/lamatinale.onelink.me\/gKMy\/ahw2ubr3\" class=\"inread__link js-services-inread-link\" target=\"_blank\" rel=\"nofollow noopener\">  <\/p>\n<p>La Matinale du Monde<\/p>\n<p>Chaque matin, retrouvez notre s\u00e9lection de 20 articles \u00e0 ne pas manquer <\/p>\n<p>T\u00e9l\u00e9charger l&rsquo;application<\/p>\n<p> <\/a>      <\/p>\n<p> Newsletter abonn\u00e9s  <\/p>\n<p> <a href=\"https:\/\/www.lemonde.fr\/newsletters\/international\/\" class=\"inread__link js-services-inread-link\" target=\"_blank\" rel=\"nofollow noopener\">  <\/p>\n<p>\u00ab International \u00bb<\/p>\n<p>L\u2019essentiel de l\u2019actualit\u00e9 internationale de la semaine<\/p>\n<p>S&rsquo;inscrire<\/p>\n<p> <\/a>             <\/p>\n<p class=\"article__paragraph  \">Au d\u00e9but de la semaine, il avait d\u00e9clar\u00e9 que, depuis le retour de Donald Trump \u00e0 la Maison Blanche, plus de 6\u00a0000 visas \u00e9tudiants avaient \u00e9t\u00e9 r\u00e9voqu\u00e9s pour d\u00e9passement de la dur\u00e9e de s\u00e9jour autoris\u00e9e et pour violations des lois locales, \u00e9tatiques et f\u00e9d\u00e9rales, la grande majorit\u00e9 d\u2019entre elles \u00e9tant des agressions, des conduites sous l\u2019influence de l\u2019alcool ou de drogues et un soutien au terrorisme.<\/p>\n<p class=\"article__paragraph  \">Le d\u00e9partement d\u2019Etat a pr\u00e9cis\u00e9 qu\u2019environ 4\u00a0000 de ces 6\u00a0000 visas avaient \u00e9t\u00e9 r\u00e9voqu\u00e9s pour des infractions \u00e9tablies et qu\u2019environ 200 \u00e0 300 visas avaient \u00e9t\u00e9 r\u00e9voqu\u00e9s pour des questions li\u00e9es au terrorisme, notamment pour avoir apport\u00e9 un soutien \u00e0 des organisations terroristes d\u00e9sign\u00e9es ou \u00e0 des Etats soutenant le terrorisme.<\/p>\n<p>                                       Lire aussi |  <a href=\"https:\/\/www.lemonde.fr\/pixels\/article\/2025\/08\/21\/aux-etats-unis-des-outils-dopes-a-l-ia-pour-surveiller-migrants-et-etudiants-etrangers-propalestiniens_6633102_4408996.html\" class=\"js-article-read-also catcher--favoris__link\" data-premium=\"\" id=\"article-title-3435003\" rel=\"nofollow noopener\" target=\"_blank\">Aux Etats-Unis, des outils dop\u00e9s \u00e0 l\u2019IA pour surveiller migrants et \u00e9tudiants \u00e9trangers propalestiniens<\/a>    <\/p>\n<p>   Lire plus tard  <\/p>\n<p class=\"article__paragraph  \">Par ailleurs, le gouvernement am\u00e9ricain a annonc\u00e9, jeudi, suspendre, avec effet imm\u00e9diat, la d\u00e9livrance de visas aux chauffeurs routiers \u00e9trangers, accus\u00e9s de \u00ab\u00a0mettre en danger la vie des Am\u00e9ricains\u00a0\u00bb sur les routes aux Etats-Unis.<\/p>\n<p class=\"article__paragraph  \">\u00ab\u00a0Le nombre croissant de chauffeurs \u00e9trangers conduisant de gros camions semi-remorques sur les routes am\u00e9ricaines met en danger la vie des Am\u00e9ricains et compromet les moyens de subsistance des camionneurs am\u00e9ricains\u00a0\u00bb, a d\u00e9clar\u00e9 le secr\u00e9taire d\u2019\u00c9tat, Marco Rubio, sur X.<\/p>\n<p class=\"author__detail\">  Le Monde avec AP  <\/p>\n<p>                  <a href=\"https:\/\/www.lemonde.fr\/syndication\/\" class=\"reuse__content\" title=\"R\u00e9utiliser ce contenu\" target=\"_blank\" rel=\"nofollow noopener\">R\u00e9utiliser ce contenu<\/a>      <\/p>\n","protected":false},"excerpt":{"rendered":"Une photo d\u2019illustration d\u2019un visa pour les Etats-Unis tampon\u00e9 \u00e0 Los Angeles, en juin 2020. CHRIS DELMAS\/AFP Le&hellip;\n","protected":false},"author":2,"featured_media":334940,"comment_status":"","ping_status":"","sticky":false,"template":"","format":"standard","meta":{"footnotes":""},"categories":[1589],"tags":[11,73,1866,12,1864,1865,1863,308],"class_list":{"0":"post-334939","1":"post","2":"type-post","3":"status-publish","4":"format-standard","5":"has-post-thumbnail","7":"category-etats-unis","8":"tag-actualites","9":"tag-etats-unis","10":"tag-etats-unis-damerique","11":"tag-news","12":"tag-united-states","13":"tag-united-states-of-america","14":"tag-us","15":"tag-usa"},"share_on_mastodon":{"url":"https:\/\/pubeurope.com\/@fr\/115069149787065219","error":""},"_links":{"self":[{"href":"https:\/\/www.europesays.com\/fr\/wp-json\/wp\/v2\/posts\/334939","targetHints":{"allow":["GET"]}}],"collection":[{"href":"https:\/\/www.europesays.com\/fr\/wp-json\/wp\/v2\/posts"}],"about":[{"href":"https:\/\/www.europesays.com\/fr\/wp-json\/wp\/v2\/types\/post"}],"author":[{"embeddable":true,"href":"https:\/\/www.europesays.com\/fr\/wp-json\/wp\/v2\/users\/2"}],"replies":[{"embeddable":true,"href":"https:\/\/www.europesays.com\/fr\/wp-json\/wp\/v2\/comments?post=334939"}],"version-history":[{"count":0,"href":"https:\/\/www.europesays.com\/fr\/wp-json\/wp\/v2\/posts\/334939\/revisions"}],"wp:featuredmedia":[{"embeddable":true,"href":"https:\/\/www.europesays.com\/fr\/wp-json\/wp\/v2\/media\/334940"}],"wp:attachment":[{"href":"https:\/\/www.europesays.com\/fr\/wp-json\/wp\/v2\/media?parent=334939"}],"wp:term":[{"taxonomy":"category","embeddable":true,"href":"https:\/\/www.europesays.com\/fr\/wp-json\/wp\/v2\/categories?post=334939"},{"taxonomy":"post_tag","embeddable":true,"href":"https:\/\/www.europesays.com\/fr\/wp-json\/wp\/v2\/tags?post=334939"}],"curies":[{"name":"wp","href":"https:\/\/api.w.org\/{rel}","templated":true}]}}