{"id":334956,"date":"2025-08-21T22:46:11","date_gmt":"2025-08-21T22:46:11","guid":{"rendered":"https:\/\/www.europesays.com\/fr\/334956\/"},"modified":"2025-08-21T22:46:11","modified_gmt":"2025-08-21T22:46:11","slug":"rugby-vrdr-on-aurait-dit-un-enterrement-une-claque-une-semaine-avant-la-pro-d2-le-dauphine-libere","status":"publish","type":"post","link":"https:\/\/www.europesays.com\/fr\/334956\/","title":{"rendered":"Rugby. VRDR : \u00ab On aurait dit un enterrement \u00bb&#8230; Une claque une semaine avant la Pro D2 &#8211; Le Dauphin\u00e9 Lib\u00e9r\u00e9"},"content":{"rendered":"<ol>\n<li><a href=\"https:\/\/news.google.com\/rss\/articles\/CBMimAFBVV95cUxPdlZxU1UxRk04Y0tBdlpXd1k2Y1NKLXl5bFU3RHJzeUpnSWhOZi1uSFBWWGV6VlVRYlgwbjZqMG9kZm4zckpYTzk1UDBUc0YxdTVSb1V0ajJzNDBWTUhmbU1YeTJJWEY3cnhUcUVvZG9nWHh2XzZVZUhZVS1RcFFFWE5CT21QVEpQck9QUjcxa3k4WDNQU0RFOA?oc=5\" target=\"_blank\" rel=\"noopener\">Rugby. VRDR : \u00ab On aurait dit un enterrement \u00bb&#8230; Une claque une semaine avant la Pro D2<\/a>&nbsp;&nbsp;Le Dauphin\u00e9 Lib\u00e9r\u00e9<\/li>\n<li><a href=\"https:\/\/news.google.com\/rss\/articles\/CBMinwFBVV95cUxPMFVmemYxX0Uwd1ZWbk9qVW1WVzVCYjdYWC1PQW01cFJ0dDZUa1ZxVTJ2c2J2N0JLaXJ4R24xcm1nbEFzdUpLc2Vwa1hGcmFQTm5XSEhCRTlVWG5BaUtVYktSNG5QdkUwaHZRaVo0amZGbVpHTXNZOVNnQ1ZyLW5NLW42OXg0NURFaVNTb01DZ2xIaTBqRl82WUQ2Y3JtUkk?oc=5\" target=\"_blank\" rel=\"noopener\">Rugby. En amical, Oyonnax confirme son \u00e9tat de forme face \u00e0 Valence-Romans<\/a>&nbsp;&nbsp;Le Progr\u00e8s<\/li>\n<li><a href=\"https:\/\/news.google.com\/rss\/articles\/CBMickFVX3lxTE9fdTZ5bjFXQmxyTloxek1USEhGRWNYeUpZZlo1NFlDaXFWLWRxNXBwdFFPSDdpRjJNWDVYMElfWWR6Nk9ELTVrTkVNbXd0Z0xRX3FIa1FJb1lBS0ZwaER0VnZZeFotSWd6cDRWRVVDQjJZdw?oc=5\" target=\"_blank\" rel=\"noopener\">LES OYOMEN EN STAGE \u00c0 DIVONNE-LES-BAINS<\/a>&nbsp;&nbsp;Oyonnax Rugby<\/li>\n<li><a href=\"https:\/\/news.google.com\/rss\/articles\/CBMilwFBVV95cUxNMExNc2hWbmxKWVB5RHhSWldqOEVlaTM0QkZGQ3RpdlgxRjVKb1U3ZUJLNGh1aXFTRTdNTWRHeE1EWXdaaGtjMlpEYkhqVTg0QmI5WWVGN3QyQnVXN2JJRjlKSlczYjFSajVNenNRWkNmRHd6NWNRQThVa0xZc2VXYl9DWVFxdk4yOWZMM1ExS0I5cFlKWktv?oc=5\" target=\"_blank\" rel=\"noopener\">Rugby. Oyonnax : un second test-match face \u00e0 Valence-Romans<\/a>&nbsp;&nbsp;Le Progr\u00e8s<\/li>\n<li><a href=\"https:\/\/news.google.com\/rss\/articles\/CBMiqwFBVV95cUxPcVRXQ0t5TExFRTdLUGpVUFFOTkhPNnVKT3ExV1RIVGpLVE5MRDN3OGRjMllSdDB2WGM4TjV6ZHZBX2I2eUdnalE3WmxtUG1BcmN2YVdqLXJWTnVZd0J0R1oyWGo4eGtJcFFKVUVpeEhtdUd3MEUyWFhJUEJtb1JLVkJPc1MtUFJ1YmdGbGRzMjNWOXg5cGxMMGxpcEJqQllKUzdVZ05oSnZjREU?oc=5\" target=\"_blank\" rel=\"noopener\">\u00ab Ils annoncent 18 degr\u00e9s \u00bb : sur synth\u00e9tique et sous la pluie, le VRDR va tester son effectif contre Oyonnax<\/a>&nbsp;&nbsp;Le Dauphin\u00e9 Lib\u00e9r\u00e9<\/li>\n<\/ol>\n","protected":false},"excerpt":{"rendered":"Rugby. VRDR : \u00ab On aurait dit un enterrement \u00bb&#8230; Une claque une semaine avant la Pro D2&nbsp;&nbsp;Le&hellip;\n","protected":false},"author":2,"featured_media":334957,"comment_status":"","ping_status":"","sticky":false,"template":"","format":"standard","meta":{"footnotes":""},"categories":[1416],"tags":[2730,2737,1701,1011,27,2308,1479,2736,479,1468,517,1947,60,2733,2734,2728],"class_list":{"0":"post-334956","1":"post","2":"type-post","3":"status-publish","4":"format-standard","5":"has-post-thumbnail","7":"category-rugby","8":"tag-drome","9":"tag-edition-romans-nord-drome","10":"tag-fil-info-sport","11":"tag-fr","12":"tag-france","13":"tag-pro-d2","14":"tag-romans","15":"tag-romans-sur-isere","16":"tag-rugby","17":"tag-rugby-football","18":"tag-sport","19":"tag-sport-national","20":"tag-sports","21":"tag-valence","22":"tag-valence-bassin","23":"tag-vrdr-valence-romans-drome-rugby"},"share_on_mastodon":{"url":"https:\/\/pubeurope.com\/@fr\/115069189041654095","error":""},"_links":{"self":[{"href":"https:\/\/www.europesays.com\/fr\/wp-json\/wp\/v2\/posts\/334956","targetHints":{"allow":["GET"]}}],"collection":[{"href":"https:\/\/www.europesays.com\/fr\/wp-json\/wp\/v2\/posts"}],"about":[{"href":"https:\/\/www.europesays.com\/fr\/wp-json\/wp\/v2\/types\/post"}],"author":[{"embeddable":true,"href":"https:\/\/www.europesays.com\/fr\/wp-json\/wp\/v2\/users\/2"}],"replies":[{"embeddable":true,"href":"https:\/\/www.europesays.com\/fr\/wp-json\/wp\/v2\/comments?post=334956"}],"version-history":[{"count":0,"href":"https:\/\/www.europesays.com\/fr\/wp-json\/wp\/v2\/posts\/334956\/revisions"}],"wp:featuredmedia":[{"embeddable":true,"href":"https:\/\/www.europesays.com\/fr\/wp-json\/wp\/v2\/media\/334957"}],"wp:attachment":[{"href":"https:\/\/www.europesays.com\/fr\/wp-json\/wp\/v2\/media?parent=334956"}],"wp:term":[{"taxonomy":"category","embeddable":true,"href":"https:\/\/www.europesays.com\/fr\/wp-json\/wp\/v2\/categories?post=334956"},{"taxonomy":"post_tag","embeddable":true,"href":"https:\/\/www.europesays.com\/fr\/wp-json\/wp\/v2\/tags?post=334956"}],"curies":[{"name":"wp","href":"https:\/\/api.w.org\/{rel}","templated":true}]}}