{"id":334958,"date":"2025-08-21T22:47:11","date_gmt":"2025-08-21T22:47:11","guid":{"rendered":"https:\/\/www.europesays.com\/fr\/334958\/"},"modified":"2025-08-21T22:47:11","modified_gmt":"2025-08-21T22:47:11","slug":"des-qualifications-aux-quarts-de-finale-elsa-jacquemot-poursuit-son-beau-parcours-a-cleveland-lequipe","status":"publish","type":"post","link":"https:\/\/www.europesays.com\/fr\/334958\/","title":{"rendered":"Des qualifications aux quarts de finale : Elsa Jacquemot poursuit son beau parcours \u00e0 Cleveland &#8211; L&#039;\u00c9quipe"},"content":{"rendered":"<ol>\n<li><a href=\"https:\/\/news.google.com\/rss\/articles\/CBMi2gFBVV95cUxQLUJhSWszQ2JWSVpRNnBPVUlWeVVmTVE3Rm50Umh4VWNhU3BPX3piNzhSN3d1UnZUR2hKUEpfWmxKQU1YNm5PU0ZjWUs1blRPT29pWVdhRG5fRU0yLU5QNDk0d0haa2ZZcXozRVlYVkphWkJDTlRtdW5sLW5zM0tEcWd6aVBIMkVjdFN1Y1RYTk1sZUxpZHZja2pHSGwzTC1IVGg5T0ZvU2xCaTFqemF2Qi1pU3FsMXJDbEw4RFVKMEpVQWlJelZmUEtLVjQ5LUtqSV93UlVGMlJYZw?oc=5\" target=\"_blank\" rel=\"nofollow noopener\">Des qualifications aux quarts de finale : Elsa Jacquemot poursuit son beau parcours \u00e0 Cleveland<\/a>&nbsp;&nbsp;L&rsquo;\u00c9quipe<\/li>\n<li><a href=\"https:\/\/news.google.com\/rss\/articles\/CBMi9AFBVV95cUxPQURBY1FMUHhqaldSUmVGS2doaXh6M1RTMVc0amJRMkRXS3FHZWhtWG1EMXRPc1JlNk9sNXBLalVvSHh0WFVpNkY4RlRzWTRZTy0yb1cwcmt6Y05tUU8ycnlmVHBUMk1rR2dISDRtc1pqaGhwUW5DQzkxeV9nMXl2dHlUbnEzaXZ2M3Z3UXhRU0MwZUN5aC1PUlVCQzZHWENxbG1aM1Q4UWNPU3JRVjRfUWxnUnV6cFplWWFUdXo1OWppQkZHLThNMlZaZU1jdGlJRUxiRnhaOHN5TFZzUkNoRXd0MzE2ZzEwQnJSbGotSUxUZXZJ?oc=5\" target=\"_blank\" rel=\"nofollow noopener\">WTA 250 de Cleveland. La Fran\u00e7aise Elsa Jacquemot qualifi\u00e9e pour les quarts de finale<\/a>&nbsp;&nbsp;Ouest-France<\/li>\n<li><a href=\"https:\/\/news.google.com\/rss\/articles\/CBMiwwFBVV95cUxNWUpiTElocnczTlU5TVpUcUU3RjdDaFE4UHVrc2dVUUpsR1Axbmg1a0liSV9XOHNFdk1zSkRjbm5qVkVNa3JCNzg0dEtTYXo0NFRqYjFJcGVGLTVVZFlaaFRaaHc3NTZ0eTljelF0NzBpV3ZrUUluMjFMZFlwWkFQTDg4QXBOVEpTUFpFZjFNR01oblh0RzNsa25nWFVqdVVMZW5YMzlWWUw0T2lSOFR4VXRzSnNaUnpmRWZRZGg0VDZaMlU?oc=5\" target=\"_blank\" rel=\"nofollow noopener\">R\u00e9sultat : Solana Sierra &#8211; Elsa Jacquemot, WTA 250, Cleveland, Deuxi\u00e8me tour, Jeudi 21 ao\u00fbt 2025<\/a>&nbsp;&nbsp;L&rsquo;\u00c9quipe<\/li>\n<li><a href=\"https:\/\/news.google.com\/rss\/articles\/CBMiqAFBVV95cUxPeUZSck9oT3AyR3NSVDNXQ1g1Q19ucXE1eXJSR1c0UmxCX0tPUVZSN0l4bExFU3NldW1yQVR0MlBSaVFHNENNd1BsZzVuWGlzMnhFbXpnS3ZVdXkwWUFkSFZieFo2LXZGUUZvbEFrbGZVVVQ2ZTQ4LUNCS3pwMi1RQ0hHRUVZNzVCcHBuRnBsWVhjWEFTM2U5dTRfRUk1ZHBJa0xzeTFEM3M?oc=5\" target=\"_blank\" rel=\"nofollow noopener\">WTA 250 de Cleveland: Jacquemot en quarts de finale<\/a>&nbsp;&nbsp;RMC Sport<\/li>\n<li><a href=\"https:\/\/news.google.com\/rss\/articles\/CBMitwFBVV95cUxQTGJzUmhPMHpwWTRJWUJRTW15RnU3VmlRRWVVX1ZpVTQ2b1NZWGtXdDdKSGdoN1ZvbnUzS19VQXBfUktLbGFENUtkYTZiOF9aSUlVUTVTeEFKTmdUWXM2Z2l4TFRGNGxvaXhReHpSVU1ocEhQSjdkeVhEWnRscTI4UkxmSE5rYXZkZmVIVEo3N3VtT1dacG1tcm9hUzdjM1hVaERheHdtX0gxTFkzaFd6MnYwa2pPOVk?oc=5\" target=\"_blank\" rel=\"nofollow noopener\">Cleveland &#8211; Elsa Jacquemot n&rsquo;a toujours pas pu finir son deuxi\u00e8me tour&#8230;<\/a>&nbsp;&nbsp;Tennis Actu<\/li>\n<\/ol>\n","protected":false},"excerpt":{"rendered":"Des qualifications aux quarts de finale : Elsa Jacquemot poursuit son beau parcours \u00e0 Cleveland&nbsp;&nbsp;L&rsquo;\u00c9quipe WTA 250 de&hellip;\n","protected":false},"author":2,"featured_media":334959,"comment_status":"","ping_status":"","sticky":false,"template":"","format":"standard","meta":{"footnotes":""},"categories":[1415],"tags":[1011,27,60,1467],"class_list":{"0":"post-334958","1":"post","2":"type-post","3":"status-publish","4":"format-standard","5":"has-post-thumbnail","7":"category-tennis","8":"tag-fr","9":"tag-france","10":"tag-sports","11":"tag-tennis"},"share_on_mastodon":{"url":"https:\/\/pubeurope.com\/@fr\/115069192927133479","error":""},"_links":{"self":[{"href":"https:\/\/www.europesays.com\/fr\/wp-json\/wp\/v2\/posts\/334958","targetHints":{"allow":["GET"]}}],"collection":[{"href":"https:\/\/www.europesays.com\/fr\/wp-json\/wp\/v2\/posts"}],"about":[{"href":"https:\/\/www.europesays.com\/fr\/wp-json\/wp\/v2\/types\/post"}],"author":[{"embeddable":true,"href":"https:\/\/www.europesays.com\/fr\/wp-json\/wp\/v2\/users\/2"}],"replies":[{"embeddable":true,"href":"https:\/\/www.europesays.com\/fr\/wp-json\/wp\/v2\/comments?post=334958"}],"version-history":[{"count":0,"href":"https:\/\/www.europesays.com\/fr\/wp-json\/wp\/v2\/posts\/334958\/revisions"}],"wp:featuredmedia":[{"embeddable":true,"href":"https:\/\/www.europesays.com\/fr\/wp-json\/wp\/v2\/media\/334959"}],"wp:attachment":[{"href":"https:\/\/www.europesays.com\/fr\/wp-json\/wp\/v2\/media?parent=334958"}],"wp:term":[{"taxonomy":"category","embeddable":true,"href":"https:\/\/www.europesays.com\/fr\/wp-json\/wp\/v2\/categories?post=334958"},{"taxonomy":"post_tag","embeddable":true,"href":"https:\/\/www.europesays.com\/fr\/wp-json\/wp\/v2\/tags?post=334958"}],"curies":[{"name":"wp","href":"https:\/\/api.w.org\/{rel}","templated":true}]}}