{"id":334960,"date":"2025-08-21T22:49:14","date_gmt":"2025-08-21T22:49:14","guid":{"rendered":"https:\/\/www.europesays.com\/fr\/334960\/"},"modified":"2025-08-21T22:49:14","modified_gmt":"2025-08-21T22:49:14","slug":"quartararo-veut-un-electrochoc-apres-le-resultat-ridicule-en-autriche","status":"publish","type":"post","link":"https:\/\/www.europesays.com\/fr\/334960\/","title":{"rendered":"Quartararo veut un \u00e9lectrochoc apr\u00e8s le r\u00e9sultat \u00ab\u00a0ridicule\u00a0\u00bb en Autriche"},"content":{"rendered":"<p>Quatre jours apr\u00e8s un week-end d\u00e9sastreux en Autriche, <a href=\"https:\/\/fr.motorsport.com\/driver\/fabio-quartararo\/109400\/\" target=\"_blank\" rel=\"noopener nofollow\">Fabio Quartararo<\/a> s&rsquo;appr\u00eate \u00e0 plonger dans l&rsquo;inconnu en enfourchant sa Yamaha sur le nouveau circuit du Balaton Park, au Grand Prix de Hongrie.\u00a0\u00ab\u00a0Je veux prendre du plaisir, parce que ne pas en prendre, c&rsquo;est la pire chose, et en Autriche c&rsquo;\u00e9tait clairement un cauchemar\u00a0\u00bb, assure-t-il. Entre-temps, il s&rsquo;est vid\u00e9 la t\u00eate \u00e0 sa mani\u00e8re\u00a0:\u00a0\u00ab\u00a0Je m&rsquo;entra\u00eene beaucoup. Ces trois derniers jours, j&rsquo;ai couru 47 km. Pour moi, c&rsquo;est une mani\u00e8re d&rsquo;oublier ce genre de r\u00e9sultat.\u00a0\u00bb<\/p>\n<p>Ce droit \u00e0 l&rsquo;oubli, le Fran\u00e7ais en exempte toutefois son \u00e9quipe et ses ing\u00e9nieurs. D\u00e9crivant une moto dont le mode d&#8217;emploi semble invariablement \u00e9chapper \u00e0 Yamaha, il veut que l&rsquo;\u00e9pisode du Red Bull Ring serve de le\u00e7on, et m\u00eame mieux, d&rsquo;\u00e9lectrochoc.<\/p>\n<p>\u00ab\u00a0Je dois oublier, pas les ing\u00e9nieurs\u00a0\u00bb, pr\u00e9vient-il. \u00ab\u00a0Les ing\u00e9nieurs, j&rsquo;esp\u00e8re qu&rsquo;ils ne vont pas oublier de l&rsquo;ann\u00e9e ce qui s&rsquo;est pass\u00e9 en Autriche, parce que je ne veux pas que \u00e7a se reproduise. Le r\u00e9sultat qu&rsquo;on a fait en Autriche est ridicule, et nous voulons tous les quatre [les pilotes Yamaha et Pramac] une explication. Mais je pense que c&rsquo;\u00e9tait bien pour les ing\u00e9nieurs de voir le r\u00e9sultat en Autriche.\u00a0\u00bb<\/p>\n<p>\u00ab\u00a0Ce n&rsquo;est pas seulement le fait d&rsquo;avoir termin\u00e9 aux quatre derni\u00e8res places, mais aussi le fait que celui qui \u00e9tait devant nous avait sept secondes d&rsquo;avance. Donc j&rsquo;esp\u00e8re vraiment qu&rsquo;ils comprennent \u00e0 quel point notre moto est difficile et \u00e0 quel point nous devons mieux travailler.\u00a0Je veux bien s\u00fbr que notre moto actuelle progresse. Je veux aussi sentir qu&rsquo;ils comprennent comment elle fonctionne, parce que j&rsquo;ai l&rsquo;impression que l&rsquo;on ne sait pas comment la moto fonctionne et comment elle r\u00e9agit.\u00a0\u00bb<\/p>\n<p>\u00ab\u00a0On ne sait pas vraiment ce qui se passe. Il nous manque de la puissance, mais on n&rsquo;est pas capables non plus de l&rsquo;utiliser, comme en Autriche, o\u00f9 l&rsquo;on a d\u00fb renoncer \u00e0 beaucoup de puissance pour ne pas patiner, et malgr\u00e9 \u00e7a on patinait \u00e9norm\u00e9ment. On ne sait pas encore vraiment comment cette moto fonctionne, et j&rsquo;esp\u00e8re qu&rsquo;entre maintenant et la fin de la saison, on va pouvoir davantage comprendre.\u00a0\u00bb<\/p>\n<p>Quartararo voulait tester le V4 plus t\u00f4t<br \/>\n   <img decoding=\"async\" draggable=\"false\" src=\"https:\/\/www.europesays.com\/fr\/wp-content\/uploads\/2025\/08\/1755816554_730_fabio-quartararo-yamaha-factor.jpg\" alt=\"Quartararo veut une moto pour se battre en course.\" width=\"1200\" height=\"800\" loading=\"lazy\"\/> <\/p>\n<p class=\"title\">Quartararo veut une moto pour se battre en course.<\/p>\n<p class=\"photographer\">Photo de: Gold and Goose Photography \/ LAT Images \/ via Getty Images<\/p>\n<p>Encore patient, Fabio Quartararo attend un bond en avant pour 2026 et, \u00e0 ce titre, des r\u00e9ponses importantes tomberont le mois prochain, quand il pourra tester le prototype de sa future machine \u00e0 Misano, vraisemblablement dot\u00e9e du V4. Ce dernier, le Fran\u00e7ais n&rsquo;y a pas encore go\u00fbt\u00e9. Pour quelle raison\u00a0?\u00a0\u00ab\u00a0C&rsquo;est aussi une question que je me pose\u00a0\u00bb, admet-il.<\/p>\n<p>\u00ab\u00a0Je voulais le tester avant, mais je pense qu&rsquo;ils sont en retard dans le d\u00e9veloppement de la moto\u00a0\u00bb, avance-t-il encore. \u00ab\u00a0Mon sentiment, c&rsquo;est qu&rsquo;il fallait le tester avant, mais ce n&rsquo;est pas moi qui choisis si je dois piloter la moto ou pas. Mon sentiment, c&rsquo;\u00e9tait que je devais le tester avant, mais je ne sais pas. Je pense qu&rsquo;ils ont peur que la moto ne soit pas encore pr\u00eate, qu&rsquo;elle ne le soit pas suffisamment pour que je la teste. J&rsquo;aurais pr\u00e9f\u00e9r\u00e9 la tester avant.\u00a0\u00bb<\/p>\n<p>\u00ab\u00a0M\u00eame si la moto est rapide, j&rsquo;ai besoin d&rsquo;une moto qui est capable de se battre en course, et si je n&rsquo;ai pas la vitesse de pointe, ce ne sera pas une moto qui en sera capable\u00a0\u00bb, conclut-il.<\/p>\n<p>Lire aussi :<\/p>\n<p>Dans cet article<\/p>\n<p>Soyez le premier inform\u00e9 et souscrivez aux alertes mails pour recevoir les infos en temps r\u00e9el<\/p>\n<p>    S&rsquo;abonner aux alertes de news<\/p>\n","protected":false},"excerpt":{"rendered":"Quatre jours apr\u00e8s un week-end d\u00e9sastreux en Autriche, Fabio Quartararo s&rsquo;appr\u00eate \u00e0 plonger dans l&rsquo;inconnu en enfourchant sa&hellip;\n","protected":false},"author":2,"featured_media":334961,"comment_status":"","ping_status":"","sticky":false,"template":"","format":"standard","meta":{"footnotes":""},"categories":[1413],"tags":[21747,1680,1011,27,21746,1457,1456,1458,47216,60,3796],"class_list":{"0":"post-334960","1":"post","2":"type-post","3":"status-publish","4":"format-standard","5":"has-post-thumbnail","7":"category-moto","8":"tag-balaton-park","9":"tag-fabio-quartararo","10":"tag-fr","11":"tag-france","12":"tag-gp-de-hongrie","13":"tag-moto","14":"tag-motocycle","15":"tag-motogp","16":"tag-quartararo-veut-un-u00e9lectrochoc-apru00e8s-le-ru00e9sultat-ridicule-en-autriche","17":"tag-sports","18":"tag-yamaha-factory-racing"},"share_on_mastodon":{"url":"https:\/\/pubeurope.com\/@fr\/115069201194394891","error":""},"_links":{"self":[{"href":"https:\/\/www.europesays.com\/fr\/wp-json\/wp\/v2\/posts\/334960","targetHints":{"allow":["GET"]}}],"collection":[{"href":"https:\/\/www.europesays.com\/fr\/wp-json\/wp\/v2\/posts"}],"about":[{"href":"https:\/\/www.europesays.com\/fr\/wp-json\/wp\/v2\/types\/post"}],"author":[{"embeddable":true,"href":"https:\/\/www.europesays.com\/fr\/wp-json\/wp\/v2\/users\/2"}],"replies":[{"embeddable":true,"href":"https:\/\/www.europesays.com\/fr\/wp-json\/wp\/v2\/comments?post=334960"}],"version-history":[{"count":0,"href":"https:\/\/www.europesays.com\/fr\/wp-json\/wp\/v2\/posts\/334960\/revisions"}],"wp:featuredmedia":[{"embeddable":true,"href":"https:\/\/www.europesays.com\/fr\/wp-json\/wp\/v2\/media\/334961"}],"wp:attachment":[{"href":"https:\/\/www.europesays.com\/fr\/wp-json\/wp\/v2\/media?parent=334960"}],"wp:term":[{"taxonomy":"category","embeddable":true,"href":"https:\/\/www.europesays.com\/fr\/wp-json\/wp\/v2\/categories?post=334960"},{"taxonomy":"post_tag","embeddable":true,"href":"https:\/\/www.europesays.com\/fr\/wp-json\/wp\/v2\/tags?post=334960"}],"curies":[{"name":"wp","href":"https:\/\/api.w.org\/{rel}","templated":true}]}}