{"id":334966,"date":"2025-08-21T22:52:09","date_gmt":"2025-08-21T22:52:09","guid":{"rendered":"https:\/\/www.europesays.com\/fr\/334966\/"},"modified":"2025-08-21T22:52:09","modified_gmt":"2025-08-21T22:52:09","slug":"kounde-a-choisi-entre-lamine-yamal-et-dembele","status":"publish","type":"post","link":"https:\/\/www.europesays.com\/fr\/334966\/","title":{"rendered":"Kound\u00e9 a choisi entre Lamine Yamal et Demb\u00e9l\u00e9"},"content":{"rendered":"<p>M\u00eame si Achraf Hakimi a r\u00e9cemment repos\u00e9 sa candidature, il n\u2019y a plus trop de doutes sur l\u2019identit\u00e9 des deux favoris pour le Ballon d\u2019Or 2025 : <a href=\"https:\/\/www.footmercato.net\/joueur\/ousmane-dembele\/\" rel=\"nofollow noopener\" target=\"_blank\">Ousmane Demb\u00e9l\u00e9<\/a> et <a href=\"https:\/\/www.footmercato.net\/joueur\/lamine-yamal-nasraoui-ebana\/\" rel=\"nofollow noopener\" target=\"_blank\">Lamine Yamal<\/a>. Tout devrait se jouer entre les deux hommes, et lors d\u2019un \u00e9v\u00e8nement organis\u00e9 pour sa prolongation : <a href=\"https:\/\/www.footmercato.net\/joueur\/jules-kounde\/\" rel=\"nofollow noopener\" target=\"_blank\">Jules Kound\u00e9<\/a> a d\u00e9voil\u00e9 son favori.<\/p>\n<p>            La suite apr\u00e8s cette publicit\u00e9<\/p>\n<p>\u00ab Tu me mets dans une situation difficile car il y a aussi Demb\u00e9l\u00e9 (rires). Mais je vais dire que si Lamine Yamal gagne, c\u2019est m\u00e9rit\u00e9 \u00bb, a indiqu\u00e9 le d\u00e9fenseur barcelonais, qui mise donc sur son co\u00e9quipier en club plut\u00f4t que sur son compatriote.<\/p>\n<p>\n    Pub. le 22\/08\/2025 00:00<br \/>\n            &#8211; MAJ le 22\/08\/2025 00:49\n    <\/p>\n","protected":false},"excerpt":{"rendered":"M\u00eame si Achraf Hakimi a r\u00e9cemment repos\u00e9 sa candidature, il n\u2019y a plus trop de doutes sur l\u2019identit\u00e9&hellip;\n","protected":false},"author":2,"featured_media":334967,"comment_status":"","ping_status":"","sticky":false,"template":"","format":"standard","meta":{"footnotes":""},"categories":[1410],"tags":[63,1011,27,60],"class_list":{"0":"post-334966","1":"post","2":"type-post","3":"status-publish","4":"format-standard","5":"has-post-thumbnail","7":"category-football","8":"tag-football","9":"tag-fr","10":"tag-france","11":"tag-sports"},"share_on_mastodon":{"url":"https:\/\/pubeurope.com\/@fr\/115069212714161328","error":""},"_links":{"self":[{"href":"https:\/\/www.europesays.com\/fr\/wp-json\/wp\/v2\/posts\/334966","targetHints":{"allow":["GET"]}}],"collection":[{"href":"https:\/\/www.europesays.com\/fr\/wp-json\/wp\/v2\/posts"}],"about":[{"href":"https:\/\/www.europesays.com\/fr\/wp-json\/wp\/v2\/types\/post"}],"author":[{"embeddable":true,"href":"https:\/\/www.europesays.com\/fr\/wp-json\/wp\/v2\/users\/2"}],"replies":[{"embeddable":true,"href":"https:\/\/www.europesays.com\/fr\/wp-json\/wp\/v2\/comments?post=334966"}],"version-history":[{"count":0,"href":"https:\/\/www.europesays.com\/fr\/wp-json\/wp\/v2\/posts\/334966\/revisions"}],"wp:featuredmedia":[{"embeddable":true,"href":"https:\/\/www.europesays.com\/fr\/wp-json\/wp\/v2\/media\/334967"}],"wp:attachment":[{"href":"https:\/\/www.europesays.com\/fr\/wp-json\/wp\/v2\/media?parent=334966"}],"wp:term":[{"taxonomy":"category","embeddable":true,"href":"https:\/\/www.europesays.com\/fr\/wp-json\/wp\/v2\/categories?post=334966"},{"taxonomy":"post_tag","embeddable":true,"href":"https:\/\/www.europesays.com\/fr\/wp-json\/wp\/v2\/tags?post=334966"}],"curies":[{"name":"wp","href":"https:\/\/api.w.org\/{rel}","templated":true}]}}