{"id":334968,"date":"2025-08-21T22:53:15","date_gmt":"2025-08-21T22:53:15","guid":{"rendered":"https:\/\/www.europesays.com\/fr\/334968\/"},"modified":"2025-08-21T22:53:15","modified_gmt":"2025-08-21T22:53:15","slug":"millie-bobby-brown-la-star-de-stranger-things-est-devenue-maman-dans-le-plus-grand-des-secrets","status":"publish","type":"post","link":"https:\/\/www.europesays.com\/fr\/334968\/","title":{"rendered":"Millie Bobby Brown : la star de \u00ab\u00a0Stranger Things\u00a0\u00bb est devenue maman dans le plus grand des secrets"},"content":{"rendered":"<p>      R\u00e9sum\u00e9<\/p>\n<p>Millie Bobby Brown et son mari Jake Bongiovi ont accueilli une petite fille adopt\u00e9e, marquant un nouveau chapitre parental dans leur vie discr\u00e8te et heureuse.<\/p>\n<p>        Sommaire<\/p>\n<p>Une ann\u00e9e 2025 qui comble de bonheur <a href=\"https:\/\/www.public.fr\/millie-bobby-brown-decouvrez-les-76-pieces-de-sa-collection-avec-about-you\" target=\"_blank\" rel=\"noopener\">Millie Bobby Brown<\/a>. Si 2024 \u00e9tait d\u00e9j\u00e0 une ann\u00e9e merveilleuse pour la star de la s\u00e9rie Netflix, <strong>\u00ab\u00a0Stranger Things\u00a0\u00bb<\/strong>, 2025 s\u2019av\u00e8re encore plus belle. En effet, il y a quelques semaines, <strong>la com\u00e9dienne de 21 ans est devenue maman<\/strong> d\u2019une petite fille et, ce, dans le plus grand des secrets.<\/p>\n<p>Car <a href=\"https:\/\/www.public.fr\/millie-bobby-brown-la-star-de-stranger-things-se-lance-dans-un-projet-surprenant\" target=\"_blank\" rel=\"noopener\">la jeune actrice<\/a> n\u2019a jamais annonc\u00e9 sa grossesse sur les r\u00e9seaux sociaux. <a href=\"https:\/\/www.public.fr\/a-seulement-19-ans-la-star-de-la-serie-netflix-stranger-things-millie-bobby-brown-est-en-route-pour-le-mariage\" target=\"_blank\" rel=\"noopener\">Mari\u00e9e depuis 2024 \u00e0 son compagnon Jake Bongiovi<\/a>, le duo n\u2019a en effet jamais pris la parole pour annoncer la bonne nouvelle. Et cela pour une raison \u00e9vidente.<\/p>\n<p>La star de \u00ab\u00a0Stranger Things\u00a0\u00bb, jeune maman<\/p>\n<p>Millie Bobby Brown n\u2019a en r\u00e9alit\u00e9 jamais \u00e9t\u00e9 enceinte de la petite fille qui vient d\u2019agrandir sa famille. La com\u00e9dienne, star de <strong>\u00ab\u00a0Stranger Things\u00a0\u00bb<\/strong>, vient tout juste d\u2019adopter comme la principale int\u00e9ress\u00e9e l\u2019a elle-m\u00eame annonc\u00e9 sur <a href=\"https:\/\/www.instagram.com\/p\/DNn4rTIuCLR\/?utm_source=ig_embed\" target=\"_blank\" rel=\"noopener\">son compte Instagram<\/a> ce jeudi 21 ao\u00fbt 2025.<\/p>\n<p>\u00ab\u00a0Cet \u00e9t\u00e9, nous avons adopt\u00e9 notre adorable petite fille. Nous sommes infiniment heureux de commencer ce magnifique nouveau chapitre de parentalit\u00e9, dans la paix et l&rsquo;intimit\u00e9. Et maintenant nous sommes trois\u00a0\u00bb, a fi\u00e8rement annonc\u00e9 la jeune maman de 21 ans.\u00a0<\/p>\n<p>Cette parentalit\u00e9, les tourtereaux l\u2019attendaient avec impatience. En mars 2025, Millie Bobby Brown et son compagnon Jake Bongiovi \u00e9voquaient d\u00e9j\u00e0 cette \u00e9ventualit\u00e9 lors de leur passage dans le podcast Smartless.\u00a0<\/p>\n<p>Millie Bobby Brown souhaite construire une \u00ab\u00a0grande famille\u00a0\u00bb<\/p>\n<p>D\u00e9j\u00e0, lors de son intervention dans le podcast, la star de la s\u00e9rie <strong>\u00ab\u00a0Stranger Things\u00a0\u00bb<\/strong> faisait part de son enthousiasme \u00e0 l\u2019id\u00e9e d\u2019avoir un b\u00e9b\u00e9, et assurait n\u2019avoir pas n\u00e9cessairement de pr\u00e9f\u00e9rence entre avoir un enfant biologique et l\u2019adopter. De fait, nous pourrions nous attendre \u00e0 d\u2019autres b\u00e9b\u00e9s venant agrandir la famille \u00e0 l\u2019avenir.<\/p>\n<p>D\u2019autant plus qu\u2019elle faisait \u00e9galement part de son souhait de <strong>b\u00e2tir une famille nombreuse<\/strong>. Avec son mari Jake Bongiovi, ils ont tous les deux grandi avec une famille nombreuse, et souhaitent donc reproduire ce contexte pour leur propre vie de parents.<\/p>\n<p>N\u00e9anmoins, avant l\u2019arriv\u00e9e d\u2019un <strong>\u00e9ventuel deuxi\u00e8me b\u00e9b\u00e9<\/strong>, Millie Bobby Brown fera r\u00e9agir lors de la sortie de l\u2019ultime saison de <strong>\u00ab\u00a0Stranger Things\u00a0\u00bb<\/strong>. La saison 5 du show Netflix sera d\u00e9coup\u00e9e en trois parties. Un premier volume de 4 \u00e9pisodes sortira le 27 novembre 2025 \u00e0 2h du matin. Un volume 2 compos\u00e9 de 3 \u00e9pisodes sortira le 26 d\u00e9cembre 2025 \u00e0 2h du matin (lendemain de No\u00ebl). Avant qu\u2019un ultime \u00e9pisode ne soit disponible le 1er janvier 2026 \u00e0 2h du matin.<\/p>\n<p>      Mentionn\u00e9s dans cet article<\/p>\n<p>      Sur le m\u00eame sujet<\/p>\n<p>  <script async src=\"\/\/www.instagram.com\/embed.js\"><\/script><\/p>\n","protected":false},"excerpt":{"rendered":"R\u00e9sum\u00e9 Millie Bobby Brown et son mari Jake Bongiovi ont accueilli une petite fille adopt\u00e9e, marquant un nouveau&hellip;\n","protected":false},"author":2,"featured_media":334969,"comment_status":"","ping_status":"","sticky":false,"template":"","format":"standard","meta":{"footnotes":""},"categories":[1359],"tags":[36113,58,59,1011,27,7629,47200,127,973,19536],"class_list":{"0":"post-334968","1":"post","2":"type-post","3":"status-publish","4":"format-standard","5":"has-post-thumbnail","7":"category-people","8":"tag-adoption","9":"tag-divertissement","10":"tag-entertainment","11":"tag-fr","12":"tag-france","13":"tag-maman","14":"tag-millie-bobby-brown","15":"tag-netflix","16":"tag-people","17":"tag-stranger-things"},"share_on_mastodon":{"url":"https:\/\/pubeurope.com\/@fr\/115069216543783128","error":""},"_links":{"self":[{"href":"https:\/\/www.europesays.com\/fr\/wp-json\/wp\/v2\/posts\/334968","targetHints":{"allow":["GET"]}}],"collection":[{"href":"https:\/\/www.europesays.com\/fr\/wp-json\/wp\/v2\/posts"}],"about":[{"href":"https:\/\/www.europesays.com\/fr\/wp-json\/wp\/v2\/types\/post"}],"author":[{"embeddable":true,"href":"https:\/\/www.europesays.com\/fr\/wp-json\/wp\/v2\/users\/2"}],"replies":[{"embeddable":true,"href":"https:\/\/www.europesays.com\/fr\/wp-json\/wp\/v2\/comments?post=334968"}],"version-history":[{"count":0,"href":"https:\/\/www.europesays.com\/fr\/wp-json\/wp\/v2\/posts\/334968\/revisions"}],"wp:featuredmedia":[{"embeddable":true,"href":"https:\/\/www.europesays.com\/fr\/wp-json\/wp\/v2\/media\/334969"}],"wp:attachment":[{"href":"https:\/\/www.europesays.com\/fr\/wp-json\/wp\/v2\/media?parent=334968"}],"wp:term":[{"taxonomy":"category","embeddable":true,"href":"https:\/\/www.europesays.com\/fr\/wp-json\/wp\/v2\/categories?post=334968"},{"taxonomy":"post_tag","embeddable":true,"href":"https:\/\/www.europesays.com\/fr\/wp-json\/wp\/v2\/tags?post=334968"}],"curies":[{"name":"wp","href":"https:\/\/api.w.org\/{rel}","templated":true}]}}