{"id":334970,"date":"2025-08-21T22:55:14","date_gmt":"2025-08-21T22:55:14","guid":{"rendered":"https:\/\/www.europesays.com\/fr\/334970\/"},"modified":"2025-08-21T22:55:14","modified_gmt":"2025-08-21T22:55:14","slug":"le-livre-quebecois-au-sommet-des-ventes-le-12-aout","status":"publish","type":"post","link":"https:\/\/www.europesays.com\/fr\/334970\/","title":{"rendered":"Le livre qu\u00e9b\u00e9cois au sommet des ventes le 12\u00a0ao\u00fbt"},"content":{"rendered":"<p class=\"lead textModule textModule--type-lead \" style=\"\">L\u2019\u00e9v\u00e8nement Le 12\u00a0ao\u00fbt, j\u2019ach\u00e8te un livre qu\u00e9b\u00e9cois\u00a0! continue de stimuler les ventes de romans qu\u00e9b\u00e9cois en librairie.<\/p>\n<p>                    Publi\u00e9 \u00e0 16\u00a0h\u00a014<\/p>\n<p>    <a class=\"print\" href=\"https:\/\/www.lapresse.ca\/arts\/litterature\/2025-08-21\/javascript:window.print();\" title=\"Imprimer la page\" rel=\"nofollow noopener\" target=\"_blank\"><\/p>\n<p>        <img loading=\"lazy\" decoding=\"async\" width=\"16\" height=\"18\" src=\"https:\/\/www.europesays.com\/fr\/wp-content\/uploads\/2025\/04\/share-icon.png\" alt=\"Partager\"\/><\/p>\n<p class=\"paragraph textModule textModule--type-paragraph \" style=\"\">Selon les chiffres recueillis aux caisses des librairies ind\u00e9pendantes par la Soci\u00e9t\u00e9 de gestion de la banque de titres de langue fran\u00e7aise (BTLF), cette 12e\u00a0\u00e9dition a permis de multiplier les ventes de fiction des \u00e9diteurs qu\u00e9b\u00e9cois par 12,5 par rapport aux ventes moyennes des quatre mardis pr\u00e9c\u00e9dents.<\/p>\n<p class=\"paragraph textModule textModule--type-paragraph \" style=\"\">Durant la journ\u00e9e du 12\u00a0ao\u00fbt, 85\u00a0% de tous les livres vendus (en fiction) dans les librairies ind\u00e9pendantes \u00e9taient des livres d\u2019\u00e9diteurs qu\u00e9b\u00e9cois. En ce qui concerne la litt\u00e9rature qu\u00e9b\u00e9coise (romans), les ventes ont \u00e9t\u00e9 de 18,5\u00a0fois sup\u00e9rieures. En BD, elles ont \u00e9t\u00e9 multipli\u00e9es par 9, tandis que du c\u00f4t\u00e9 du livre jeunesse, par 6,5.<\/p>\n<p class=\"paragraph textModule textModule--type-paragraph \" style=\"\">Cet engouement a par ailleurs eu un effet sur les ventes de livres autant en r\u00e9gion que dans les grands centres urbains comme Montr\u00e9al et Qu\u00e9bec. Les chiffres de la BTLF montrent \u00e9galement que l\u2019initiative fait non seulement bondir les ventes en quantit\u00e9, mais elle fait augmenter la vari\u00e9t\u00e9 des titres de fiction achet\u00e9s.<\/p>\n<p class=\"chapter textModule textModule--type-chapter&#10;    \" style=\"\">Top\u00a010 des meilleures ventes de romans qu\u00e9b\u00e9cois le 12\u00a0ao\u00fbt\u00a02025 dans les librairies ind\u00e9pendantes<\/p>\n<ul style=\"list-style-type: disc;\" class=\"listModule\">\n<li style=\"\">1. Oasis, Marie-Christine Chartier (Hurtubise)<\/li>\n<li style=\"\">2. Eka ashate\u00a0: ne flanche pas, Naomi Fontaine (M\u00e9moire d\u2019encrier)<\/li>\n<li style=\"\">3. Le chien ne meurt pas \u00e0 la fin, Jo\u00ebl Martel (La M\u00e8che)<\/li>\n<li style=\"\">4. Plage Laval, Rafa\u00eble Germain (Libre Expression)<\/li>\n<li style=\"\">5. La fille de la foudre, Gabrielle Boulianne-Tremblay (Marchand de feuilles)<\/li>\n<li style=\"\">6. Baignades, Andr\u00e9e A. Michaud (Qu\u00e9bec Am\u00e9rique)<\/li>\n<li style=\"\">7. Le bonheur, Paul Kawczak (La Peuplade)<\/li>\n<li style=\"\">8. Je m\u2019appelle L\u00e9o, Louise Tremblay-D\u2019Essiambre (Saint-Jean)<\/li>\n<li style=\"\">9. Amiante, S\u00e9bastien Dulude (La Peuplade)<\/li>\n<li style=\"\">10. Ne pas aimer les hommes, Marie-Sissi Labr\u00e8che (Qu\u00e9bec Am\u00e9rique)<\/li>\n<\/ul>\n","protected":false},"excerpt":{"rendered":"L\u2019\u00e9v\u00e8nement Le 12\u00a0ao\u00fbt, j\u2019ach\u00e8te un livre qu\u00e9b\u00e9cois\u00a0! continue de stimuler les ventes de romans qu\u00e9b\u00e9cois en librairie. Publi\u00e9&hellip;\n","protected":false},"author":2,"featured_media":334971,"comment_status":"","ping_status":"","sticky":false,"template":"","format":"standard","meta":{"footnotes":""},"categories":[1357],"tags":[1379,58,59,1011,27,1380],"class_list":{"0":"post-334970","1":"post","2":"type-post","3":"status-publish","4":"format-standard","5":"has-post-thumbnail","7":"category-livres","8":"tag-books","9":"tag-divertissement","10":"tag-entertainment","11":"tag-fr","12":"tag-france","13":"tag-livres"},"share_on_mastodon":{"url":"https:\/\/pubeurope.com\/@fr\/115069224507948115","error":""},"_links":{"self":[{"href":"https:\/\/www.europesays.com\/fr\/wp-json\/wp\/v2\/posts\/334970","targetHints":{"allow":["GET"]}}],"collection":[{"href":"https:\/\/www.europesays.com\/fr\/wp-json\/wp\/v2\/posts"}],"about":[{"href":"https:\/\/www.europesays.com\/fr\/wp-json\/wp\/v2\/types\/post"}],"author":[{"embeddable":true,"href":"https:\/\/www.europesays.com\/fr\/wp-json\/wp\/v2\/users\/2"}],"replies":[{"embeddable":true,"href":"https:\/\/www.europesays.com\/fr\/wp-json\/wp\/v2\/comments?post=334970"}],"version-history":[{"count":0,"href":"https:\/\/www.europesays.com\/fr\/wp-json\/wp\/v2\/posts\/334970\/revisions"}],"wp:featuredmedia":[{"embeddable":true,"href":"https:\/\/www.europesays.com\/fr\/wp-json\/wp\/v2\/media\/334971"}],"wp:attachment":[{"href":"https:\/\/www.europesays.com\/fr\/wp-json\/wp\/v2\/media?parent=334970"}],"wp:term":[{"taxonomy":"category","embeddable":true,"href":"https:\/\/www.europesays.com\/fr\/wp-json\/wp\/v2\/categories?post=334970"},{"taxonomy":"post_tag","embeddable":true,"href":"https:\/\/www.europesays.com\/fr\/wp-json\/wp\/v2\/tags?post=334970"}],"curies":[{"name":"wp","href":"https:\/\/api.w.org\/{rel}","templated":true}]}}