{"id":334974,"date":"2025-08-21T22:57:10","date_gmt":"2025-08-21T22:57:10","guid":{"rendered":"https:\/\/www.europesays.com\/fr\/334974\/"},"modified":"2025-08-21T22:57:10","modified_gmt":"2025-08-21T22:57:10","slug":"sheila-fait-de-rares-revelations-sur-ses-revenus-dartiste-on-ne-gagne-plus","status":"publish","type":"post","link":"https:\/\/www.europesays.com\/fr\/334974\/","title":{"rendered":"Sheila fait de rares r\u00e9v\u00e9lations sur ses revenus d\u2019artiste : \u00ab\u00a0On ne gagne plus\u2026\u00a0\u00bb"},"content":{"rendered":"<p>Il y a encore quelques jours, Sheila \u00e9tait sur le devant de la sc\u00e8ne \u00e0 l\u2019occasion de son anniversaire \u2013 puisqu\u2019elle a f\u00eat\u00e9 ses 80 ans, le 16 ao\u00fbt dernier. Et si elle   <a href=\"https:\/\/www.programme-television.org\/news\/people\/vie-privee\/ne-me-parlez-pas-de-sheila-refuse-d-aborder-un-sujet-sensible-4744227\" target=\"_self\" rel=\"nofollow noopener\">ne veut pas qu\u2019on la r\u00e9sume uniquement \u00e0 son \u00e2ge<\/a>, la c\u00e9l\u00e8bre interpr\u00e8te de Bang Bang a ainsi pu retrouver son public, lors de son passage au Festival de Prades, organis\u00e9 dans le parc du Ch\u00e2teau Pams. Sur place, elle a \u00e9galement pu retrouver plusieurs m\u00e9dias, notamment nos confr\u00e8res de France 3 \u00e0 qui elle a fait de rares confidences sur ses finances !<\/p>\n<p><a id=\"eztoc103271992_1\"\/>Sheila se livre sur ses revenus : \u00ab\u00a0On ne gagne plus\u2026\u00a0\u00bb<\/p>\n<p>Fi\u00e8re de pouvoir remonter sur sc\u00e8ne et de retrouver son public, Sheila a ainsi expliqu\u00e9 que c\u2019est pour ses belles raisons qu\u2019elle a accept\u00e9 de remonter sur sc\u00e8ne. \u00ab\u00a0Vous savez, c&rsquo;est un peu particulier : je n&rsquo;ai plus de famille, je suis fille unique. J&rsquo;ai perdu l&rsquo;essence de ma vie, qui \u00e9tait mon fils. Donc, j&rsquo;ai une approche de la vie qui est diff\u00e9rente. Donc, je ne suis entour\u00e9e que de gens que je sens, parce que je suis un animal, avec qui j&rsquo;ai envie de partager du temps, de la vie, de l&rsquo;amour, des rires, des pleurs. C&rsquo;est \u00e7a la vie\u00a0\u00bb, a-t-elle ainsi assur\u00e9, avant d\u2019en d\u00e9voiler un peu plus sur ses revenus : \u00ab\u00a0Je ne fais pas ce m\u00e9tier pour l&rsquo;argent, parce qu&rsquo;on n&rsquo;en gagne plus malheureusement, mais je fais ce m\u00e9tier pour le partage. Mais je partage sur sc\u00e8ne, avec tout ce qu&rsquo;on fait l\u00e0. C&rsquo;est une tr\u00e8s belle histoire.\u00a0\u00bb La passion pour la sc\u00e8ne avant tout !<\/p>\n<p><a id=\"eztoc103271992_2\"\/>Sheila sur la sc\u00e8ne du Festival de Prades : cet incident survenu dans les coulisses<\/p>\n<p>Si elle \u00e9tait ravie de retrouver ses fans, sur l\u2019une des sc\u00e8nes du Festival de Prades, Sheila a failli ne pas performer du tout. Pour cause, le 16 ao\u00fbt dernier, la chanteuse avait alors confi\u00e9, sur son compte Instagram, que les fortes chaleurs avaient touch\u00e9 le mat\u00e9riel \u2013   <a href=\"https:\/\/www.programme-television.org\/news\/musique\/concerts\/sheila-prend-la-parole-apres-une-catastrophe-evitee-de-justesse-avant-son-concert-pour-ses-80-ans-4744269\" target=\"_self\" rel=\"nofollow noopener\">et risquaient d\u2019\u00eatre un frein \u00e0 son passage<\/a>. \u00ab\u00a046 degr\u00e9s, 40 degr\u00e9s sur sc\u00e8ne, une catastrophe \u00e9pouvantable a \u00e9t\u00e9 \u00e9vit\u00e9e de justesse&#8230; Les fils fondent, la console implose mais normalement on devrait pouvoir le faire ! \u00c0 ce soir !\u00a0\u00bb, avait alors d\u00e9clar\u00e9. Mais fort heureusement, quelques heures plus tard, elle a pu remonter sur sc\u00e8ne sans probl\u00e8me.<\/p>\n","protected":false},"excerpt":{"rendered":"Il y a encore quelques jours, Sheila \u00e9tait sur le devant de la sc\u00e8ne \u00e0 l\u2019occasion de son&hellip;\n","protected":false},"author":2,"featured_media":334975,"comment_status":"","ping_status":"","sticky":false,"template":"","format":"standard","meta":{"footnotes":""},"categories":[1355],"tags":[58,59,1011,27,1361,873],"class_list":{"0":"post-334974","1":"post","2":"type-post","3":"status-publish","4":"format-standard","5":"has-post-thumbnail","7":"category-musique","8":"tag-divertissement","9":"tag-entertainment","10":"tag-fr","11":"tag-france","12":"tag-music","13":"tag-musique"},"share_on_mastodon":{"url":"https:\/\/pubeurope.com\/@fr\/115069232409337709","error":""},"_links":{"self":[{"href":"https:\/\/www.europesays.com\/fr\/wp-json\/wp\/v2\/posts\/334974","targetHints":{"allow":["GET"]}}],"collection":[{"href":"https:\/\/www.europesays.com\/fr\/wp-json\/wp\/v2\/posts"}],"about":[{"href":"https:\/\/www.europesays.com\/fr\/wp-json\/wp\/v2\/types\/post"}],"author":[{"embeddable":true,"href":"https:\/\/www.europesays.com\/fr\/wp-json\/wp\/v2\/users\/2"}],"replies":[{"embeddable":true,"href":"https:\/\/www.europesays.com\/fr\/wp-json\/wp\/v2\/comments?post=334974"}],"version-history":[{"count":0,"href":"https:\/\/www.europesays.com\/fr\/wp-json\/wp\/v2\/posts\/334974\/revisions"}],"wp:featuredmedia":[{"embeddable":true,"href":"https:\/\/www.europesays.com\/fr\/wp-json\/wp\/v2\/media\/334975"}],"wp:attachment":[{"href":"https:\/\/www.europesays.com\/fr\/wp-json\/wp\/v2\/media?parent=334974"}],"wp:term":[{"taxonomy":"category","embeddable":true,"href":"https:\/\/www.europesays.com\/fr\/wp-json\/wp\/v2\/categories?post=334974"},{"taxonomy":"post_tag","embeddable":true,"href":"https:\/\/www.europesays.com\/fr\/wp-json\/wp\/v2\/tags?post=334974"}],"curies":[{"name":"wp","href":"https:\/\/api.w.org\/{rel}","templated":true}]}}