{"id":334988,"date":"2025-08-21T23:04:09","date_gmt":"2025-08-21T23:04:09","guid":{"rendered":"https:\/\/www.europesays.com\/fr\/334988\/"},"modified":"2025-08-21T23:04:09","modified_gmt":"2025-08-21T23:04:09","slug":"paris-exprime-sa-consternation-apres-les-sanctions-americaines-contre-quatre-magistrats-de-la-cpi-dont-un-francais","status":"publish","type":"post","link":"https:\/\/www.europesays.com\/fr\/334988\/","title":{"rendered":"Paris exprime sa \u00ab\u00a0consternation\u00a0\u00bb apr\u00e8s les sanctions am\u00e9ricaines contre quatre magistrats de la CPI dont un Fran\u00e7ais"},"content":{"rendered":"<p>Les \u00c9tats-Unis ont annonc\u00e9 mercredi de nouvelles sanctions contre la Cour p\u00e9nale internationale, qu&rsquo;ils accusent de \u00ab\u00a0politisation\u00a0\u00bb.<\/p>\n<p>La France a exprim\u00e9 mercredi 20 ao\u00fbt sa \u00ab\u00a0consternation\u00a0\u00bb apr\u00e8s la d\u00e9cision des \u00c9tats-Unis de prendre de nouvelles sanctions contre quatre magistrats de la <a href=\"https:\/\/www.bfmtv.com\/international\/le-procureur-de-la-cour-penale-internationale-se-met-en-retrait-face-a-une-procedure-pour-faute-presumee_AD-202505160667.html\" title=\"Le procureur de la Cour p\u00e9nale internationale se met en retrait face \u00e0 une proc\u00e9dure pour &quot;faute pr\u00e9sum\u00e9e&quot;\" class=\"internal_link\" rel=\"nofollow noopener\" target=\"_blank\">Cour p\u00e9nale internationale (CPI)<\/a>, dont un juge fran\u00e7ais, selon un communiqu\u00e9 du minist\u00e8re fran\u00e7ais des Affaires \u00e9trang\u00e8res.<\/p>\n<p>La France \u00ab\u00a0exprime sa solidarit\u00e9 \u00e0 l&rsquo;\u00e9gard des magistrats vis\u00e9s par cette d\u00e9cision\u00a0\u00bb, parmi lesquels le juge fran\u00e7ais Nicolas Guillou, et estime que les sanctions am\u00e9ricaines sont \u00ab\u00a0contraires au principe d&rsquo;ind\u00e9pendance de la justice\u00a0\u00bb, a soulign\u00e9 un porte-parole du minist\u00e8re, alors que les \u00c9tats-Unis les justifient par \u00ab\u00a0une politisation\u00a0\u00bb de la CPI.<\/p>\n<p>Les \u00c9tats-Unis ont annonc\u00e9 mercredi de nouvelles sanctions contre la Cour p\u00e9nale internationale (CPI), qu&rsquo;ils accusent de \u00ab\u00a0politisation\u00a0\u00bb. Ces sanctions viennent apr\u00e8s des mesures similaires contre des magistrats et le procureur de la CPI, respectivement en juin et f\u00e9vrier.<\/p>\n<p>\u00ab\u00a0Intensifier leurs efforts pour d\u00e9fendre les institutions\u00a0\u00bb<\/p>\n<p>\u00ab\u00a0L&rsquo;intensification incessante des repr\u00e9sailles des \u00c9tats-Unis contre les institutions internationales et leur personnel doit cesser\u00a0\u00bb, a exhort\u00e9 jeudi <a href=\"https:\/\/www.bfmtv.com\/international\/europe\/suisse\/le-haut-commissaire-aux-droits-de-l-homme-de-l-onu-alerte-sur-les-coupes-budgetaires_VN-202506160594.html\" title=\"Le Haut-Commissaire aux droits de l&#039;homme de l&#039;ONU alerte sur les coupes budg\u00e9taires\" class=\"internal_link\" rel=\"nofollow noopener\" target=\"_blank\">Volker T\u00fcrk,<\/a> le Haut-Commissaire des Nations unies aux droits de l&rsquo;homme, au lendemain de nouvelles sanctions contre des membres de la Cour p\u00e9nale internationale.<\/p>\n<p>Il a appel\u00e9 les autres \u00c9tats \u00e0 faire en sorte que ces sanctions ne puissent \u00eatre concr\u00e8tement appliqu\u00e9es et \u00e0 \u00ab\u00a0intensifier leurs efforts pour d\u00e9fendre les institutions qu&rsquo;ils ont cr\u00e9\u00e9es pour promouvoir et prot\u00e9ger les droits de l&rsquo;homme et l&rsquo;\u00e9tat de droit\u00a0\u00bb, selon un communiqu\u00e9.<\/p>\n<p>\u00ab\u00a0Sanctionner des juges et des procureurs au niveau national, r\u00e9gional ou international pour avoir accompli leur mandat conform\u00e9ment aux normes du droit international constitue une attaque contre l\u2019\u00c9tat de droit et corrompt la justice\u00a0\u00bb, a accus\u00e9 Volker T\u00fcrk, le Haut-Commissaire des Nations unies aux droits de l&rsquo;homme.<\/p>\n<p>Demande de retrait des sanctions contre les magistrats<\/p>\n<p>Le Haut-Commissaire a demand\u00e9 le retrait des sanctions contre les quatre magistrats vis\u00e9s par l&rsquo;annonce am\u00e9ricaine de mercredi (deux juges et deux procureurs adjoints), ainsi celles visant d\u00e9j\u00e0 quatre autres juges et le procureur de la CPI, Karim Khan, pr\u00e9c\u00e9demment nomm\u00e9s.<\/p>\n<p>Il a aussi r\u00e9clam\u00e9 que soient lev\u00e9es les sanctions visant la Rapporteuse sp\u00e9ciale d\u00e9sign\u00e9e par le Conseil des droits de l&rsquo;homme des Nations unies sur la situation dans les Territoires palestiniens occup\u00e9s, Francesca Albanese.<\/p>\n","protected":false},"excerpt":{"rendered":"Les \u00c9tats-Unis ont annonc\u00e9 mercredi de nouvelles sanctions contre la Cour p\u00e9nale internationale, qu&rsquo;ils accusent de \u00ab\u00a0politisation\u00a0\u00bb. La&hellip;\n","protected":false},"author":2,"featured_media":288547,"comment_status":"","ping_status":"","sticky":false,"template":"","format":"standard","meta":{"footnotes":""},"categories":[5],"tags":[11,1011,27,14,12,28],"class_list":{"0":"post-334988","1":"post","2":"type-post","3":"status-publish","4":"format-standard","5":"has-post-thumbnail","7":"category-international","8":"tag-actualites","9":"tag-fr","10":"tag-france","11":"tag-international","12":"tag-news","13":"tag-world"},"share_on_mastodon":{"url":"https:\/\/pubeurope.com\/@fr\/115069259843878890","error":""},"_links":{"self":[{"href":"https:\/\/www.europesays.com\/fr\/wp-json\/wp\/v2\/posts\/334988","targetHints":{"allow":["GET"]}}],"collection":[{"href":"https:\/\/www.europesays.com\/fr\/wp-json\/wp\/v2\/posts"}],"about":[{"href":"https:\/\/www.europesays.com\/fr\/wp-json\/wp\/v2\/types\/post"}],"author":[{"embeddable":true,"href":"https:\/\/www.europesays.com\/fr\/wp-json\/wp\/v2\/users\/2"}],"replies":[{"embeddable":true,"href":"https:\/\/www.europesays.com\/fr\/wp-json\/wp\/v2\/comments?post=334988"}],"version-history":[{"count":0,"href":"https:\/\/www.europesays.com\/fr\/wp-json\/wp\/v2\/posts\/334988\/revisions"}],"wp:featuredmedia":[{"embeddable":true,"href":"https:\/\/www.europesays.com\/fr\/wp-json\/wp\/v2\/media\/288547"}],"wp:attachment":[{"href":"https:\/\/www.europesays.com\/fr\/wp-json\/wp\/v2\/media?parent=334988"}],"wp:term":[{"taxonomy":"category","embeddable":true,"href":"https:\/\/www.europesays.com\/fr\/wp-json\/wp\/v2\/categories?post=334988"},{"taxonomy":"post_tag","embeddable":true,"href":"https:\/\/www.europesays.com\/fr\/wp-json\/wp\/v2\/tags?post=334988"}],"curies":[{"name":"wp","href":"https:\/\/api.w.org\/{rel}","templated":true}]}}