{"id":334993,"date":"2025-08-21T23:07:11","date_gmt":"2025-08-21T23:07:11","guid":{"rendered":"https:\/\/www.europesays.com\/fr\/334993\/"},"modified":"2025-08-21T23:07:11","modified_gmt":"2025-08-21T23:07:11","slug":"firminy-accueille-le-festival-region-des-lumieres","status":"publish","type":"post","link":"https:\/\/www.europesays.com\/fr\/334993\/","title":{"rendered":"Firminy accueille le Festival R\u00e9gion des Lumi\u00e8res"},"content":{"rendered":"<p>Apr\u00e8s Roanne, c\u2019est au tour de Firminy de proposer le spectacle estival son et lumi\u00e8re de la R\u00e9gion Auvergne Rh\u00f4ne-Alpes.<\/p>\n<p>C\u2019est<strong> le Ch\u00e2teau des Bruneaux de Firminy<\/strong> qui devient le th\u00e9\u00e2tre d\u2019un spectacle de mapping vid\u00e9o spectaculaire, m\u00ealant art, histoire et \u00e9motion, <strong>du 23 ao\u00fbt au 14 septembre<\/strong>.<\/p>\n<p>Le parcours visuel d\u00e9bute avec le pass\u00e9 industriel de la ville, mettant en lumi\u00e8re ses forges, ses aci\u00e9ries et les hommes et femmes qui ont fa\u00e7onn\u00e9 son histoire. La nature, le parc class\u00e9 qui entourent le ch\u00e2teau et les paysages du bassin de la Loire s\u2019invitent en images, ponctu\u00e9s de sc\u00e8nes de vie locale et de coutumes for\u00e9ziennes.<\/p>\n<p>C\u2019est <strong>gratuit<\/strong> et vous pouvez pique-niquer dans le parc du ch\u00e2teau de Firminy.<\/p>\n<p>Cette projection tourne en boucle <strong>tous les soirs d\u00e8s la nuit tomb\u00e9e jusqu\u2019\u00e0 23h<\/strong>, avec un accueil sp\u00e9cifique pour les personnes en situation de handicap.<\/p>\n<p>ZF<\/p>\n","protected":false},"excerpt":{"rendered":"Apr\u00e8s Roanne, c\u2019est au tour de Firminy de proposer le spectacle estival son et lumi\u00e8re de la R\u00e9gion&hellip;\n","protected":false},"author":2,"featured_media":334994,"comment_status":"","ping_status":"","sticky":false,"template":"","format":"standard","meta":{"footnotes":""},"categories":[9653],"tags":[1111,11,2430,1777,674,1011,27,12,25,4001],"class_list":{"0":"post-334993","1":"post","2":"type-post","3":"status-publish","4":"format-standard","5":"has-post-thumbnail","7":"category-saint-etienne","8":"tag-actu","9":"tag-actualites","10":"tag-auvergne-rhone-alpes","11":"tag-eu","12":"tag-europe","13":"tag-fr","14":"tag-france","15":"tag-news","16":"tag-republique-francaise","17":"tag-saint-etienne"},"share_on_mastodon":{"url":"https:\/\/pubeurope.com\/@fr\/115069271615610896","error":""},"_links":{"self":[{"href":"https:\/\/www.europesays.com\/fr\/wp-json\/wp\/v2\/posts\/334993","targetHints":{"allow":["GET"]}}],"collection":[{"href":"https:\/\/www.europesays.com\/fr\/wp-json\/wp\/v2\/posts"}],"about":[{"href":"https:\/\/www.europesays.com\/fr\/wp-json\/wp\/v2\/types\/post"}],"author":[{"embeddable":true,"href":"https:\/\/www.europesays.com\/fr\/wp-json\/wp\/v2\/users\/2"}],"replies":[{"embeddable":true,"href":"https:\/\/www.europesays.com\/fr\/wp-json\/wp\/v2\/comments?post=334993"}],"version-history":[{"count":0,"href":"https:\/\/www.europesays.com\/fr\/wp-json\/wp\/v2\/posts\/334993\/revisions"}],"wp:featuredmedia":[{"embeddable":true,"href":"https:\/\/www.europesays.com\/fr\/wp-json\/wp\/v2\/media\/334994"}],"wp:attachment":[{"href":"https:\/\/www.europesays.com\/fr\/wp-json\/wp\/v2\/media?parent=334993"}],"wp:term":[{"taxonomy":"category","embeddable":true,"href":"https:\/\/www.europesays.com\/fr\/wp-json\/wp\/v2\/categories?post=334993"},{"taxonomy":"post_tag","embeddable":true,"href":"https:\/\/www.europesays.com\/fr\/wp-json\/wp\/v2\/tags?post=334993"}],"curies":[{"name":"wp","href":"https:\/\/api.w.org\/{rel}","templated":true}]}}