{"id":334995,"date":"2025-08-21T23:08:21","date_gmt":"2025-08-21T23:08:21","guid":{"rendered":"https:\/\/www.europesays.com\/fr\/334995\/"},"modified":"2025-08-21T23:08:21","modified_gmt":"2025-08-21T23:08:21","slug":"asse-les-verts-surfent-sur-leur-confiance-face-au-novice-boulonnais","status":"publish","type":"post","link":"https:\/\/www.europesays.com\/fr\/334995\/","title":{"rendered":"ASSE : LES VERTS SURFENT SUR LEUR CONFIANCE FACE AU NOVICE BOULONNAIS"},"content":{"rendered":"<p>                <a href=\"https:\/\/cadenceradio.fr\" target=\"_blank\" aria-label=\"Banni\u00e8re Cadence 2025\" rel=\"nofollow noopener\"><img loading=\"lazy\" decoding=\"async\" src=\"https:\/\/www.europesays.com\/fr\/wp-content\/uploads\/2025\/07\/Banniere-Cadence-2025-scaled.jpg\" alt=\"\"   width=\"2560\" height=\"738\"\/><\/a><\/p>\n<p>Apr\u00e8s leur d\u00e9monstration face \u00e0 Rodez au Chaudron (4-0), les St\u00e9phanois abordent cette \u00e9ch\u00e9ance avec la ferme intention de confirmer leur mont\u00e9e en puissance et d\u2019installer leur leadership dans la course \u00e0 la mont\u00e9e.<\/p>\n<p>Les Boulonnais vivent une situation in\u00e9dite avec cette premi\u00e8re r\u00e9ception en Ligue 2. Fra\u00eechement promus, ils n\u2019ont disput\u00e9 qu\u2019une seule rencontre cette saison en raison de leur int\u00e9gration tardive dans la division.<\/p>\n<p>Cette particularit\u00e9 calendaire place l\u2019\u00e9quipe locale dans une position d\u00e9licate face \u00e0 des Verts d\u00e9j\u00e0 rod\u00e9s et en confiance. L\u2019inexp\u00e9rience du haut niveau pourrait peser face \u00e0 une formation st\u00e9phanoise habitu\u00e9e aux enjeux de Ligue 2.<\/p>\n<p>Les Verts en pleine bourre<\/p>\n<p>La performance \u00e9clatante contre Rodez a d\u00e9montr\u00e9 toute l\u2019\u00e9tendue du potentiel offensif st\u00e9phanois. Cette victoire autoritaire a valid\u00e9 les choix tactiques d\u2019Horneland et rassur\u00e9 sur la capacit\u00e9 de l\u2019\u00e9quipe \u00e0 dominer ses adversaires.<\/p>\n<p>Cette dynamique positive constitue un atout majeur pour aborder un d\u00e9placement toujours d\u00e9licat. L\u2019\u00e9tat d\u2019esprit conqu\u00e9rant affich\u00e9 au Chaudron devra se transposer sur un terrain adverse pour confirmer les ambitions vertes.<\/p>\n<p>Un effectif quasi au complet<\/p>\n<p>L\u2019ASSE peut compter sur un groupe pratiquement au complet pour ce d\u00e9placement crucial. Cette situation optimale permet \u00e0 l\u2019entra\u00eeneur norv\u00e9gien de disposer de toutes ses options tactiques et d\u2019op\u00e9rer les rotations n\u00e9cessaires.<\/p>\n<p>L\u2019occasion de prendre le large<\/p>\n<p>Ce match repr\u00e9sente une opportunit\u00e9 en or pour les St\u00e9phanois de creuser l\u2019\u00e9cart avec leurs concurrents directs. Une victoire dans le Nord permettrait de conforter la premi\u00e8re place et d\u2019envoyer un message fort aux autres pr\u00e9tendants.<\/p>\n<p>L\u2019\u00e9quipe d\u2019Horneland a tous les atouts en main pour n\u00e9gocier positivement ce premier v\u00e9ritable test ext\u00e9rieur de la saison. La diff\u00e9rence d\u2019exp\u00e9rience et de niveau pourrait faire la diff\u00e9rence.<\/p>\n<p>Un pi\u00e8ge \u00e0 \u00e9viter malgr\u00e9 tout<\/p>\n<p>Malgr\u00e9 le statut de favori, l\u2019ASSE devra se m\u00e9fier de la motivation particuli\u00e8re d\u2019une \u00e9quipe qui joue gros pour sa premi\u00e8re \u00e0 domicile. L\u2019\u00e9motion du moment peut parfois sublimer les performances et cr\u00e9er la surprise.<\/p>\n<p>Les Verts devront faire preuve de maturit\u00e9 et de pragmatisme pour \u00e9viter tout rel\u00e2chement face \u00e0 un adversaire qui n\u2019a rien \u00e0 perdre et tout \u00e0 prouver devant son public.<\/p>\n","protected":false},"excerpt":{"rendered":"Apr\u00e8s leur d\u00e9monstration face \u00e0 Rodez au Chaudron (4-0), les St\u00e9phanois abordent cette \u00e9ch\u00e9ance avec la ferme intention&hellip;\n","protected":false},"author":2,"featured_media":334996,"comment_status":"","ping_status":"","sticky":false,"template":"","format":"standard","meta":{"footnotes":""},"categories":[9653],"tags":[1111,11,461,2430,1777,674,1011,27,3367,12,25,4001,517],"class_list":{"0":"post-334995","1":"post","2":"type-post","3":"status-publish","4":"format-standard","5":"has-post-thumbnail","7":"category-saint-etienne","8":"tag-actu","9":"tag-actualites","10":"tag-asse","11":"tag-auvergne-rhone-alpes","12":"tag-eu","13":"tag-europe","14":"tag-fr","15":"tag-france","16":"tag-loire","17":"tag-news","18":"tag-republique-francaise","19":"tag-saint-etienne","20":"tag-sport"},"share_on_mastodon":{"url":"https:\/\/pubeurope.com\/@fr\/115069275550762712","error":""},"_links":{"self":[{"href":"https:\/\/www.europesays.com\/fr\/wp-json\/wp\/v2\/posts\/334995","targetHints":{"allow":["GET"]}}],"collection":[{"href":"https:\/\/www.europesays.com\/fr\/wp-json\/wp\/v2\/posts"}],"about":[{"href":"https:\/\/www.europesays.com\/fr\/wp-json\/wp\/v2\/types\/post"}],"author":[{"embeddable":true,"href":"https:\/\/www.europesays.com\/fr\/wp-json\/wp\/v2\/users\/2"}],"replies":[{"embeddable":true,"href":"https:\/\/www.europesays.com\/fr\/wp-json\/wp\/v2\/comments?post=334995"}],"version-history":[{"count":0,"href":"https:\/\/www.europesays.com\/fr\/wp-json\/wp\/v2\/posts\/334995\/revisions"}],"wp:featuredmedia":[{"embeddable":true,"href":"https:\/\/www.europesays.com\/fr\/wp-json\/wp\/v2\/media\/334996"}],"wp:attachment":[{"href":"https:\/\/www.europesays.com\/fr\/wp-json\/wp\/v2\/media?parent=334995"}],"wp:term":[{"taxonomy":"category","embeddable":true,"href":"https:\/\/www.europesays.com\/fr\/wp-json\/wp\/v2\/categories?post=334995"},{"taxonomy":"post_tag","embeddable":true,"href":"https:\/\/www.europesays.com\/fr\/wp-json\/wp\/v2\/tags?post=334995"}],"curies":[{"name":"wp","href":"https:\/\/api.w.org\/{rel}","templated":true}]}}