{"id":334997,"date":"2025-08-21T23:10:21","date_gmt":"2025-08-21T23:10:21","guid":{"rendered":"https:\/\/www.europesays.com\/fr\/334997\/"},"modified":"2025-08-21T23:10:21","modified_gmt":"2025-08-21T23:10:21","slug":"le-billet-de-pierre-taribo-grand-hotel-a-nancy-cap-sur-2027","status":"publish","type":"post","link":"https:\/\/www.europesays.com\/fr\/334997\/","title":{"rendered":"Le billet de Pierre Taribo. Grand H\u00f4tel \u00e0 Nancy\u00a0: cap sur 2027"},"content":{"rendered":"<p>La p\u00e9riode est propice aux rumeurs et au mythe de l\u2019homme qui a vu l\u2019homme qui visitait la partie arri\u00e8re du <a href=\"https:\/\/www.lasemaine.fr\/commerce\/hotellerie\/nancy-le-grand-hotel-de-la-reine-ferme-ses-portes-et-vend-ses-meubles\/\" data-type=\"post\" data-id=\"247085\" rel=\"nofollow noopener\" target=\"_blank\">Grand H\u00f4tel<\/a>. Un film qui s\u2019impose comme une surprise au mitan des vacances o\u00f9 tout ralentit mais parfois s\u2019acc\u00e9l\u00e8re. Sur ce chemin, mieux vaut avancer \u00e0 pas compt\u00e9s et aller \u00e0 la source au lieu de se fouetter l\u2019esprit avec des suppositions.<\/p>\n<p>La panoplie est au rendez-vous des racontars qui ne tirent pas \u00e0 cons\u00e9quence. Tant\u00f4t, c\u2019est le groupe Ferr\u00e9 qui vend son joyau. Accommod\u00e9e \u00e0 la sauce v\u00e9rit\u00e9, l\u2019histoire se d\u00e9gonfle\u00a0; Charles Simpson, gendre de Didier Ferr\u00e9 et directeur du Grand H\u00f4tel d\u00e9samor\u00e7ant en personne ce p\u00e9tard mouill\u00e9. Mais comme il est dit qu\u2019il se passe toujours quelque chose au royaume de la place Stanislas, voici que s\u2019ouvre un nouveau volet. Le groupe Ferr\u00e9 \u00e9tudierait avec la Ville l\u2019hypoth\u00e8se\u00a0d\u2019un autre avenir\u00a0: agrandir l\u2019\u00e9tablissement et cr\u00e9er des chambres \u00e0 l\u2019arri\u00e8re. Se tramerait-il des choses dans le plus grand secret\u00a0?<\/p>\n<p>Tout ou\u00efe mais pas bouche b\u00e9e<\/p>\n<p>Tout ou\u00efe mais pas bouche b\u00e9e, nous d\u00e9cidons d\u2019\u00e9tayer cette chronique en contactant Franck Muratet l\u2019adjoint qui g\u00e8re le dossier. L\u2019enqu\u00eate est lanc\u00e9e, elle ne va pas tr\u00e8s loin. \u00ab\u00a0Ce n\u2019est pas le sujet qui est mis en avant aujourd\u2019hui. La personne qui est int\u00e9ress\u00e9e\u00a0est nanc\u00e9ienne. Elle envisage d\u2019utiliser les \u00e9tages pour des activit\u00e9s tertiaires. Il n\u2019y a pas d\u2019autres projets\u00a0\u00bb, conclut l\u2019\u00e9lu qui confirme ne pas avoir pour l\u2019instant des atouts de rechange dans sa manche. Rappelons que les \u00e9tages du b\u00e2timent Lyautey sont \u00e0 l\u2019usage de la mairie \u00e0 moins qu\u2019un investisseur ne jette son d\u00e9volu sur cet emplacement qui tr\u00f4ne dans un site majestueux. Reste l\u2019inconnu du calendrier. Les travaux de r\u00e9habilitation ayant pris du retard est-ce la tuile ou une simple p\u00e9rip\u00e9tie\u00a0? Rien d\u2019alarmant pour Franck Muratet qui ne voit pas se profiler le spectre du pire. \u00ab\u00a0Nous sommes sur les fondations et les quatre micropieux. \u00c7a suit son cours. Le curage est fini \u00e0 l\u2019int\u00e9rieur. Il y a quelque temps nous avions dit qu\u2019il y avait quatre mois de retard avec les r\u00e9seaux qui nous ont ralenti puisqu\u2019il fallait savoir ce qu\u2019il y avait dans le sol. Un an en arri\u00e8re, nous parlions de 2026, l\u00e0 nous disons 2027 mais ce n\u2019est pas une surprise pour nous puisqu\u2019au vu de l\u2019avanc\u00e9e du chantier nous avions pr\u00e9vu cette \u00e9ch\u00e9ance.\u00a0\u00bb Promis, jur\u00e9, \u00e0 l\u2019exclusion de mauvaise surprise, il n\u2019y a pas de futur ind\u00e9termin\u00e9 \u00e0 l\u2019horizon.<\/p>\n","protected":false},"excerpt":{"rendered":"La p\u00e9riode est propice aux rumeurs et au mythe de l\u2019homme qui a vu l\u2019homme qui visitait la&hellip;\n","protected":false},"author":2,"featured_media":301316,"comment_status":"","ping_status":"","sticky":false,"template":"","format":"standard","meta":{"footnotes":""},"categories":[9635],"tags":[1111,11,1777,674,1011,27,775,1702,12,25],"class_list":{"0":"post-334997","1":"post","2":"type-post","3":"status-publish","4":"format-standard","5":"has-post-thumbnail","7":"category-nancy","8":"tag-actu","9":"tag-actualites","10":"tag-eu","11":"tag-europe","12":"tag-fr","13":"tag-france","14":"tag-grand-est","15":"tag-nancy","16":"tag-news","17":"tag-republique-francaise"},"share_on_mastodon":{"url":"https:\/\/pubeurope.com\/@fr\/115069283538080489","error":""},"_links":{"self":[{"href":"https:\/\/www.europesays.com\/fr\/wp-json\/wp\/v2\/posts\/334997","targetHints":{"allow":["GET"]}}],"collection":[{"href":"https:\/\/www.europesays.com\/fr\/wp-json\/wp\/v2\/posts"}],"about":[{"href":"https:\/\/www.europesays.com\/fr\/wp-json\/wp\/v2\/types\/post"}],"author":[{"embeddable":true,"href":"https:\/\/www.europesays.com\/fr\/wp-json\/wp\/v2\/users\/2"}],"replies":[{"embeddable":true,"href":"https:\/\/www.europesays.com\/fr\/wp-json\/wp\/v2\/comments?post=334997"}],"version-history":[{"count":0,"href":"https:\/\/www.europesays.com\/fr\/wp-json\/wp\/v2\/posts\/334997\/revisions"}],"wp:featuredmedia":[{"embeddable":true,"href":"https:\/\/www.europesays.com\/fr\/wp-json\/wp\/v2\/media\/301316"}],"wp:attachment":[{"href":"https:\/\/www.europesays.com\/fr\/wp-json\/wp\/v2\/media?parent=334997"}],"wp:term":[{"taxonomy":"category","embeddable":true,"href":"https:\/\/www.europesays.com\/fr\/wp-json\/wp\/v2\/categories?post=334997"},{"taxonomy":"post_tag","embeddable":true,"href":"https:\/\/www.europesays.com\/fr\/wp-json\/wp\/v2\/tags?post=334997"}],"curies":[{"name":"wp","href":"https:\/\/api.w.org\/{rel}","templated":true}]}}