{"id":334999,"date":"2025-08-21T23:12:19","date_gmt":"2025-08-21T23:12:19","guid":{"rendered":"https:\/\/www.europesays.com\/fr\/334999\/"},"modified":"2025-08-21T23:12:19","modified_gmt":"2025-08-21T23:12:19","slug":"toulon-cet-ete-les-gendarmes-a-la-rencontre-des-varois-et-des-touristes","status":"publish","type":"post","link":"https:\/\/www.europesays.com\/fr\/334999\/","title":{"rendered":"TOULON : Cet \u00e9t\u00e9, les gendarmes \u00e0 la rencontre des Varois et des touristes"},"content":{"rendered":"<p><b>Durant plusieurs semaines,<\/b><b>\u00a0<\/b><b>le<\/b><b>\u00a0<\/b><b>point d\u2019information<\/b><b>\u00a0et<\/b><b>\u00a0recrutement\u00a0itin\u00e9rant de la gendarmerie du Var est parti \u00e0 la rencontre de la population, parcourant de nombreuses communes du d\u00e9partement.<\/b><\/p>\n<p>En ao\u00fbt, le service du recrutement de la gendarmerie\u00a0a finalis\u00e9 sa tourn\u00e9e estivale par une \u00e9tape symbolique \u00e0 Saint-Tropez, sur la place du c\u00e9l\u00e8bre\u00a0mus\u00e9e de la Gendarmerie et du Cin\u00e9ma.<\/p>\n<p><img decoding=\"async\" src=\"https:\/\/www.europesays.com\/fr\/wp-content\/uploads\/2025\/08\/34A3047-1.jpg\"\/><\/p>\n<p>\u00c0 chaque halte, l\u2019adjudant Nicolas Moulin,\u00a0adjoint au chef du Service R\u00e9serve Jeunesse du groupement de la Gendarmerie du Var, et coordinateur pour le recrutement, a pr\u00e9sent\u00e9\u00a0les diff\u00e9rentes carri\u00e8res, du gendarme adjoint volontaire \u00e0 l\u2019officier, en passant par les postes de sous-officiers, sans oublier les opportunit\u00e9s offertes par la r\u00e9serve op\u00e9rationnelle et la possibilit\u00e9 d\u2019int\u00e9grer les Cadets de la gendarmerie dans la cadre de la phase 2 du Service National Universel (SNU).<\/p>\n<p><img decoding=\"async\" src=\"https:\/\/www.europesays.com\/fr\/wp-content\/uploads\/2025\/08\/IMG_42391.jpg\"\/><\/p>\n<p><b>QR CODE<\/b><\/p>\n<p>Afin de s\u2019adresser \u00e0 un large public et connect\u00e9, le point infos a innov\u00e9 avec une application mobile et un\u00a0QR Code interactif.\u00a0<\/p>\n<p>\u00ab\u00a0Ainsi, les visiteurs peuvent acc\u00e9der aux fiches m\u00e9tiers, aux modalit\u00e9s d\u2019inscription, aux concours, ou d\u00e9poser directement leur candidature en ligne (\u2026). C\u2019est un outil de communication dans l\u2019air du temps. Qui aujourd\u2019hui n\u2019a pas son application via un QR Code\u00a0? L\u2019objet, r\u00e9alis\u00e9 en 3 D, attire le regard et suscite parfois l\u2019interrogation. Il donne m\u00eame des id\u00e9es \u00e0 nos partenaires. C\u2019est une approche originale\u00a0\u00bb, assure <strong>Nicolas Moulin.<\/strong><\/p>\n<p><strong>Il ajoute<\/strong>\u00a0: \u00ab\u00a0Ma pr\u00e9sence ne se limite pas \u00e0 pr\u00e9senter l\u2019application du QR Code avec les \u00e9quipes. Nous mettons parfois en place un atelier \u00e9l\u00e9mentaire de police technique auquel participe le public, et nous pr\u00e9sentons des vid\u00e9os des diff\u00e9rentes sp\u00e9cificit\u00e9s\u00a0de la Gendarmerie\u00a0\u00bb.\u00a0<\/p>\n<p><img decoding=\"async\" src=\"https:\/\/www.europesays.com\/fr\/wp-content\/uploads\/2025\/08\/20250712_101911-2025x2700.jpg\"\/><\/p>\n<p>\u00ab\u00a0Lors des nombreux d\u00e9placements (La Valette-du-Var, Barjols, Les rives du lac de Sainte-Croix et du Verdon, Aups,\u00a0Hy\u00e8res, Cuers, Collobri\u00e8res, Le Lavandou, La Londe-les-Maures) de nombreux jeunes, des familles et des vacanciers\u00a0sont venus \u00e0 la rencontre des gendarmes pour des renseignements (\u2026). Le Var, avec ses 153 communes, est vraiment un d\u00e9partement magnifique. Chaque mise en place d\u2019un point d\u2019Info est toujours exaltante et, comme je le dis \u00e0 chaque fois au risque de me r\u00e9p\u00e9ter,\u00a0notre ADN, c\u2019est la rencontre et la proximit\u00e9 avec la population\u00a0\u00bb, conclut <strong>l\u2019adjudant Moulin.\u00a0<\/strong><\/p>\n<p><b>VOCATIONS<\/b><\/p>\n<p>Pour certains, ce fut l\u2019occasion de d\u00e9couvrir des perspectives professionnelles insoup\u00e7onn\u00e9es et pour d\u2019autres, un premier pas vers une vocation d\u00e9j\u00e0 bien ancr\u00e9e.<\/p>\n<p>La cl\u00f4ture de cette tourn\u00e9e estivale\u00a0\u00e0 Saint-Tropez, haut lieu de l\u2019histoire et de l\u2019image de la gendarmerie (en r\u00e9f\u00e9rence \u00e0 l\u2019adjudant Gerber et le chef Cruchot)\u00a0a donn\u00e9 une dimension symbolique \u00e0 cette op\u00e9ration. Au-del\u00e0 du recrutement, la d\u00e9marche visait aussi \u00e0 renforcer le lien de proximit\u00e9 entre les gendarmes et la population varoise.<\/p>\n<p><img decoding=\"async\" src=\"https:\/\/www.europesays.com\/fr\/wp-content\/uploads\/2025\/08\/20250808_145126-3600x2700.jpg\"\/><\/p>\n<p>Bien \u00e9videmment, l\u2019adjudant Nicolas Moulin\u00a0n\u2019a pas \u00e9chapp\u00e9 aux nombreuses sollicitations photographiques des touristes devant l\u2019ancienne gendarmerie trop\u00e9zienne.<\/p>\n<p>Enfin, les permanences habituelles du point information et recrutement ont repris en septembre\u00a0dans les communes du d\u00e9partement.<\/p>\n<p><b>Nicolas TUDORT \u2013 Photos Alain BLANCHOT.<\/b><\/p>\n<p><b>A NOTER\u2026<\/b><\/p>\n<p><b>Plus d\u2019informations sur : h<\/b>ttps:\/\/<a href=\"http:\/\/www.gendarmerie.interieur.gouv.fr\/recrutement\" target=\"_blank\" rel=\"noopener nofollow\" data-saferedirecturl=\"https:\/\/www.google.com\/url?q=http:\/\/www.gendarmerie.interieur.gouv.fr\/recrutement&amp;source=gmail&amp;ust=1755872423933000&amp;usg=AOvVaw0p0nsDE09dD_S1vkr63UtS\">www.gendarmerie.interieur.gouv.fr\/recrutement<\/a><\/p>\n","protected":false},"excerpt":{"rendered":"Durant plusieurs semaines,\u00a0le\u00a0point d\u2019information\u00a0et\u00a0recrutement\u00a0itin\u00e9rant de la gendarmerie du Var est parti \u00e0 la rencontre de la population, parcourant&hellip;\n","protected":false},"author":2,"featured_media":335000,"comment_status":"","ping_status":"","sticky":false,"template":"","format":"standard","meta":{"footnotes":""},"categories":[9619],"tags":[1111,11,1777,674,1011,27,12,882,25,2310],"class_list":{"0":"post-334999","1":"post","2":"type-post","3":"status-publish","4":"format-standard","5":"has-post-thumbnail","7":"category-toulon","8":"tag-actu","9":"tag-actualites","10":"tag-eu","11":"tag-europe","12":"tag-fr","13":"tag-france","14":"tag-news","15":"tag-provence-alpes-cote-dazur","16":"tag-republique-francaise","17":"tag-toulon"},"share_on_mastodon":{"url":"https:\/\/pubeurope.com\/@fr\/115069291433820499","error":""},"_links":{"self":[{"href":"https:\/\/www.europesays.com\/fr\/wp-json\/wp\/v2\/posts\/334999","targetHints":{"allow":["GET"]}}],"collection":[{"href":"https:\/\/www.europesays.com\/fr\/wp-json\/wp\/v2\/posts"}],"about":[{"href":"https:\/\/www.europesays.com\/fr\/wp-json\/wp\/v2\/types\/post"}],"author":[{"embeddable":true,"href":"https:\/\/www.europesays.com\/fr\/wp-json\/wp\/v2\/users\/2"}],"replies":[{"embeddable":true,"href":"https:\/\/www.europesays.com\/fr\/wp-json\/wp\/v2\/comments?post=334999"}],"version-history":[{"count":0,"href":"https:\/\/www.europesays.com\/fr\/wp-json\/wp\/v2\/posts\/334999\/revisions"}],"wp:featuredmedia":[{"embeddable":true,"href":"https:\/\/www.europesays.com\/fr\/wp-json\/wp\/v2\/media\/335000"}],"wp:attachment":[{"href":"https:\/\/www.europesays.com\/fr\/wp-json\/wp\/v2\/media?parent=334999"}],"wp:term":[{"taxonomy":"category","embeddable":true,"href":"https:\/\/www.europesays.com\/fr\/wp-json\/wp\/v2\/categories?post=334999"},{"taxonomy":"post_tag","embeddable":true,"href":"https:\/\/www.europesays.com\/fr\/wp-json\/wp\/v2\/tags?post=334999"}],"curies":[{"name":"wp","href":"https:\/\/api.w.org\/{rel}","templated":true}]}}