{"id":335001,"date":"2025-08-21T23:13:10","date_gmt":"2025-08-21T23:13:10","guid":{"rendered":"https:\/\/www.europesays.com\/fr\/335001\/"},"modified":"2025-08-21T23:13:10","modified_gmt":"2025-08-21T23:13:10","slug":"la-composition-de-la-premiere-mi-temps-de-toulon-pour-defier-lusap","status":"publish","type":"post","link":"https:\/\/www.europesays.com\/fr\/335001\/","title":{"rendered":"La composition de la premi\u00e8re mi-temps de Toulon pour d\u00e9fier l&rsquo;USAP !"},"content":{"rendered":"<p>Ce vendredi soir, le Rugby Club Toulonnais d\u00e9fiera Perpignan au Stade Aim\u00e9-Giral \u00e0 l\u2019occasion de son premier match amical de pr\u00e9saison.<\/p>\n<p>Le coup d\u2019envoi de la rencontre sera donn\u00e9 \u00e0 19h30.<\/p>\n<p>Ce jeudi soir, le staff Rouge et Noir a d\u00e9voil\u00e9 les compositions d\u2019\u00e9quipe pour cette rencontre.<\/p>\n<p>Oui \u00ab\u00a0les\u00a0\u00bb, car Toulon a decid\u00e9 d\u2019aligner deux quinze diff\u00e9rents pour les deux mi-temps.<\/p>\n<p>En premi\u00e8re ligne, Daniel Brennan d\u00e9butera la rencontre aux c\u00f4t\u00e9s de Pierre Damond et Nikoloz Narmania la recrue \u00e0 droite.<\/p>\n<p>En seconde ligne, le jeune Fabio Zingone sera associ\u00e9 \u00e0 Swan Rebbadj<\/p>\n<p>Une troisi\u00e8me ligne attendue avec la recrue Patrick Tuifua, le jeune \u00e0 tr\u00e8s fort potentiel et international \u00e0 7 Joe Quere Karaba ainsi que la recrue du Pr\u00e9sident Zach Mercer.<\/p>\n<p>La charni\u00e8re sera compos\u00e9e de Clovis Le Bail et Enzo Herv\u00e9<\/p>\n<p>Derri\u00e8re, Ga\u00ebl Dr\u00e9an et Mathis Fert\u00e9 occuperont les ailes.<\/p>\n<p>La paire de centres sera compos\u00e9e d\u2019Oliver Cowie et Antoine Frisch<\/p>\n<p>Rayan Rebbadj sera l\u2019arri\u00e8re.<\/p>\n<p><strong>Voici la composition pour la premi\u00e8re p\u00e9riode :<\/strong><\/p>\n<ol>\n<li>Brennan<\/li>\n<li>Damond<\/li>\n<li>Narmania<\/li>\n<li>Zingone<\/li>\n<li>Rebbadj<\/li>\n<li>Tuifua<\/li>\n<li>Quere Karaba<\/li>\n<li>Mercer<\/li>\n<li>Le Bail<\/li>\n<li>Herv\u00e9<\/li>\n<li>Fert\u00e9<\/li>\n<li>Cowie<\/li>\n<li>Frisch<\/li>\n<li>Dr\u00e9an<\/li>\n<li>Rebbadj<\/li>\n<\/ol>\n","protected":false},"excerpt":{"rendered":"Ce vendredi soir, le Rugby Club Toulonnais d\u00e9fiera Perpignan au Stade Aim\u00e9-Giral \u00e0 l\u2019occasion de son premier match&hellip;\n","protected":false},"author":2,"featured_media":232086,"comment_status":"","ping_status":"","sticky":false,"template":"","format":"standard","meta":{"footnotes":""},"categories":[9619],"tags":[1111,11,1777,674,1011,27,12,882,25,2310],"class_list":{"0":"post-335001","1":"post","2":"type-post","3":"status-publish","4":"format-standard","5":"has-post-thumbnail","7":"category-toulon","8":"tag-actu","9":"tag-actualites","10":"tag-eu","11":"tag-europe","12":"tag-fr","13":"tag-france","14":"tag-news","15":"tag-provence-alpes-cote-dazur","16":"tag-republique-francaise","17":"tag-toulon"},"share_on_mastodon":{"url":"https:\/\/pubeurope.com\/@fr\/115069295277752377","error":""},"_links":{"self":[{"href":"https:\/\/www.europesays.com\/fr\/wp-json\/wp\/v2\/posts\/335001","targetHints":{"allow":["GET"]}}],"collection":[{"href":"https:\/\/www.europesays.com\/fr\/wp-json\/wp\/v2\/posts"}],"about":[{"href":"https:\/\/www.europesays.com\/fr\/wp-json\/wp\/v2\/types\/post"}],"author":[{"embeddable":true,"href":"https:\/\/www.europesays.com\/fr\/wp-json\/wp\/v2\/users\/2"}],"replies":[{"embeddable":true,"href":"https:\/\/www.europesays.com\/fr\/wp-json\/wp\/v2\/comments?post=335001"}],"version-history":[{"count":0,"href":"https:\/\/www.europesays.com\/fr\/wp-json\/wp\/v2\/posts\/335001\/revisions"}],"wp:featuredmedia":[{"embeddable":true,"href":"https:\/\/www.europesays.com\/fr\/wp-json\/wp\/v2\/media\/232086"}],"wp:attachment":[{"href":"https:\/\/www.europesays.com\/fr\/wp-json\/wp\/v2\/media?parent=335001"}],"wp:term":[{"taxonomy":"category","embeddable":true,"href":"https:\/\/www.europesays.com\/fr\/wp-json\/wp\/v2\/categories?post=335001"},{"taxonomy":"post_tag","embeddable":true,"href":"https:\/\/www.europesays.com\/fr\/wp-json\/wp\/v2\/tags?post=335001"}],"curies":[{"name":"wp","href":"https:\/\/api.w.org\/{rel}","templated":true}]}}