{"id":335002,"date":"2025-08-21T23:14:11","date_gmt":"2025-08-21T23:14:11","guid":{"rendered":"https:\/\/www.europesays.com\/fr\/335002\/"},"modified":"2025-08-21T23:14:11","modified_gmt":"2025-08-21T23:14:11","slug":"previsions-du-vendredi-22-aout-2025","status":"publish","type":"post","link":"https:\/\/www.europesays.com\/fr\/335002\/","title":{"rendered":"pr\u00e9visions du vendredi 22 ao\u00fbt 2025"},"content":{"rendered":"<p>Aujourd&rsquo;hui, un beau soleil brillera sur Montpellier. Les valeurs afficheront entre 19\u00b0C et 30\u00b0C. Il fera 25\u00b0C en moyenne le matin. Un vent de nord-ouest soufflera \u00e0 20 km\/h. L&rsquo;apr\u00e8s-midi, c&rsquo;est une hausse de plusieurs degr\u00e9s que vont conna\u00eetre les temp\u00e9ratures. Prenez garde \u00e0 la vague de chaleur. Des temp\u00e9ratures de 29 \u00e0 30\u00b0C sont attendues. Les valeurs seront de 29\u00b0C au plus bas et de 30\u00b0C au maximum. Un vent de nord rafra\u00eechira un peu l&rsquo;atmosph\u00e8re. Les temp\u00e9ratures seront de 25\u00b0C dans la soir\u00e9e. Durant la nuit de vendredi \u00e0 samedi, le ciel sera clair.<\/p>\n<p>Un beau soleil est attendu demain \u00e0 Montpellier. Une baisse des temp\u00e9ratures est pr\u00e9vue. Les valeurs s&rsquo;\u00e9chelonneront entre 19 et 29\u00b0C. Le matin, le mercure affichera 24\u00b0C en moyenne. Une modeste brise de nord-ouest sera ressentie par les habitants. Les temp\u00e9ratures vont grimper pendant l&rsquo;apr\u00e8s-midi de plusieurs degr\u00e9s. Les valeurs s&rsquo;\u00e9chelonneront de 27 \u00e0 29\u00b0C. Un l\u00e9ger vent de sud soufflera au cours de la soir\u00e9e.<\/p>\n<p>Le temps restera inchang\u00e9 les jours \u00e0 venir. Comptez sur 28\u00b0C en moyenne qui accompagneront des journ\u00e9es ensoleill\u00e9es.<\/p>\n<p><\/p>\n","protected":false},"excerpt":{"rendered":"Aujourd&rsquo;hui, un beau soleil brillera sur Montpellier. Les valeurs afficheront entre 19\u00b0C et 30\u00b0C. Il fera 25\u00b0C en&hellip;\n","protected":false},"author":2,"featured_media":335003,"comment_status":"","ping_status":"","sticky":false,"template":"","format":"standard","meta":{"footnotes":""},"categories":[9599],"tags":[1111,11,1777,674,1011,27,7089,2681,2208,12,2680,2119,25],"class_list":{"0":"post-335002","1":"post","2":"type-post","3":"status-publish","4":"format-standard","5":"has-post-thumbnail","7":"category-montpellier","8":"tag-actu","9":"tag-actualites","10":"tag-eu","11":"tag-europe","12":"tag-fr","13":"tag-france","14":"tag-herault","15":"tag-languedoc-roussillon","16":"tag-montpellier","17":"tag-news","18":"tag-occitanie","19":"tag-previsions-meteo","20":"tag-republique-francaise"},"share_on_mastodon":{"url":"https:\/\/pubeurope.com\/@fr\/115069299157061768","error":""},"_links":{"self":[{"href":"https:\/\/www.europesays.com\/fr\/wp-json\/wp\/v2\/posts\/335002","targetHints":{"allow":["GET"]}}],"collection":[{"href":"https:\/\/www.europesays.com\/fr\/wp-json\/wp\/v2\/posts"}],"about":[{"href":"https:\/\/www.europesays.com\/fr\/wp-json\/wp\/v2\/types\/post"}],"author":[{"embeddable":true,"href":"https:\/\/www.europesays.com\/fr\/wp-json\/wp\/v2\/users\/2"}],"replies":[{"embeddable":true,"href":"https:\/\/www.europesays.com\/fr\/wp-json\/wp\/v2\/comments?post=335002"}],"version-history":[{"count":0,"href":"https:\/\/www.europesays.com\/fr\/wp-json\/wp\/v2\/posts\/335002\/revisions"}],"wp:featuredmedia":[{"embeddable":true,"href":"https:\/\/www.europesays.com\/fr\/wp-json\/wp\/v2\/media\/335003"}],"wp:attachment":[{"href":"https:\/\/www.europesays.com\/fr\/wp-json\/wp\/v2\/media?parent=335002"}],"wp:term":[{"taxonomy":"category","embeddable":true,"href":"https:\/\/www.europesays.com\/fr\/wp-json\/wp\/v2\/categories?post=335002"},{"taxonomy":"post_tag","embeddable":true,"href":"https:\/\/www.europesays.com\/fr\/wp-json\/wp\/v2\/tags?post=335002"}],"curies":[{"name":"wp","href":"https:\/\/api.w.org\/{rel}","templated":true}]}}