{"id":335004,"date":"2025-08-21T23:15:13","date_gmt":"2025-08-21T23:15:13","guid":{"rendered":"https:\/\/www.europesays.com\/fr\/335004\/"},"modified":"2025-08-21T23:15:13","modified_gmt":"2025-08-21T23:15:13","slug":"a-table-a-montpellier-nos-coups-de-coeur-culinaires-en-avant-gout-du-festival-chretien-du-cinema","status":"publish","type":"post","link":"https:\/\/www.europesays.com\/fr\/335004\/","title":{"rendered":"\u00c0 table \u00e0 Montpellier : nos coups de c\u0153ur culinaires en avant-go\u00fbt du Festival Chr\u00e9tien du Cin\u00e9ma"},"content":{"rendered":"<p>La gastronomie, un avant-go\u00fbt du festival \u201c\u00c0 table\u201d<\/p>\n<p>Cette ann\u00e9e, le <strong>Festival Chr\u00e9tien du Cin\u00e9ma<\/strong> explore le th\u00e8me de la table, lieu de convivialit\u00e9, de rencontre et de partage. \u00c0 Montpellier, la sc\u00e8ne culinaire illustre parfaitement cette dynamique : elle s\u2019\u00e9veille, se renouvelle et attire de plus en plus de talents venus du Sud et d\u2019ailleurs. Pour RCF et <strong>Chr\u00e9tiens &amp; Culture<\/strong> qui organise le festival, <strong>Le Go\u00fbt du Sorbet<\/strong> nous recommande ses bonnes adresses.\u00a0<\/p>\n<p>Des tables en pleine effervescence<\/p>\n<p>Si <strong>Montpellier <\/strong>a pris un peu de retard par rapport \u00e0 <strong>Marseille <\/strong>ou <strong>N\u00eemes<\/strong>, la ville conna\u00eet aujourd\u2019hui une <strong>effervescence gastronomique<\/strong>. Chaque ann\u00e9e, de nouvelles adresses s\u2019imposent :<\/p>\n<p><strong>Ceba <\/strong>\u2013 cuisine contemporaine et cr\u00e9ative (53 rue de l\u2019Aiguillerie)<\/p>\n<p><strong>Club Casse-Cro\u00fbte<\/strong> \u2013 id\u00e9al pour un midi simple et gourmand (6 Rue de la Fontaine)<\/p>\n<p><strong>Coppia <\/strong>\u2013 entre Italie et M\u00e9diterran\u00e9e (5 place du Petit Scel)<\/p>\n<p><strong>Ikal<\/strong> \u2013 pour une exp\u00e9rience culinaire singuli\u00e8re (4 rue de Candolle)<\/p>\n<p>Ces lieux traduisent une volont\u00e9 : faire de la cuisine un projet de vie, en phase avec des valeurs de <strong>transmission et d\u2019authenticit\u00e9<\/strong>.<\/p>\n<p>Nos coups de c\u0153ur gourmands<\/p>\n<p><strong>Le Pastis<\/strong> \u2013 institution montpelli\u00e9raine o\u00f9 tradition et exigence tiennent la carte (3 rue Terral)<\/p>\n<p><strong>\u00c9bullition <\/strong>\u2013 dans un registre gastronomique qui fait beaucoup parler (2 rue des \u00c9tuves)<\/p>\n<p><strong>Umami <\/strong>\u2013 bistrot inventif et accessible, une vraie p\u00e9pite pour casser les codes (4 rue des \u00c9coles La\u00efques)<\/p>\n<p><strong>Lecl\u00e8re <\/strong>\u2013 l\u2019adresse incontournable pour les amoureux de poisson (41 rue de la Valf\u00e8re)<\/p>\n<p><strong>Cena <\/strong>(10 rue du Petit Saint-Jean) et Aliro (2 rue de l\u2019Universit\u00e9) \u2013 deux restaurants o\u00f9 la gastronomie prend des accents m\u00e9diterran\u00e9ens raffin\u00e9s.<\/p>\n<p>Street food et influences du monde<\/p>\n<p>Montpellier, ville \u00e9tudiante, s\u2019illustre aussi dans la street food. Quelques adresses \u00e0 ne pas manquer :<\/p>\n<p><strong>Emiko <\/strong>\u2013 ramen g\u00e9n\u00e9reux et savoureux (9 rue des \u00c9coles La\u00efques)<\/p>\n<p><strong>Koyo Izakaya<\/strong> \u2013 un bar \u00e0 tapas japonais o\u00f9 l\u2019on partage dans une ambiance conviviale (4 rue de l\u2019Ancien Courrier)<\/p>\n<p>Restaurant g\u00e9orgien <strong>Colchide <\/strong>(7 rue de la Fontaine) : \u00e0 d\u00e9couvrir absolument pour ses raviolis g\u00e9ants et son atmosph\u00e8re chaleureuse.<\/p>\n<p>Quand l\u2019art culinaire devient exp\u00e9rience<\/p>\n<p>Au-del\u00e0 du go\u00fbt, certains lieux invitent \u00e0 vivre une v\u00e9ritable exp\u00e9rience :<\/p>\n<p><strong>De La Luce<\/strong> \u2013 salon de th\u00e9 japonais o\u00f9 d\u00e9guster dorayaki et th\u00e9s dans une atmosph\u00e8re immersive et apaisante (11 rue de la Fontaine)<\/p>\n<p>Ici, l\u2019assiette se double d\u2019un voyage sensoriel et culturel. Une approche qui r\u00e9sonne avec le th\u00e8me du festival : la table comme espace d\u2019\u00e9motions partag\u00e9es et de r\u00e9cits de vie.<\/p>\n<p>\u201c\u00c0 table\u201d\u2026 \u00e0 Montpellier<\/p>\n<p>En s\u2019ouvrant au monde et en valorisant ses talents locaux, la sc\u00e8ne culinaire montpelli\u00e9raine refl\u00e8te un art de vivre en pleine transformation. Entre traditions revisit\u00e9es, cr\u00e9ativit\u00e9 culinaire et exp\u00e9riences immersives, chaque adresse devient un lieu de rencontre et de dialogue, \u00e0 l\u2019image du festival qui invite \u00e0 se rassembler autour d\u2019une table, qu\u2019elle soit de cin\u00e9ma ou de gastronomie.<\/p>\n","protected":false},"excerpt":{"rendered":"La gastronomie, un avant-go\u00fbt du festival \u201c\u00c0 table\u201d Cette ann\u00e9e, le Festival Chr\u00e9tien du Cin\u00e9ma explore le th\u00e8me&hellip;\n","protected":false},"author":2,"featured_media":335005,"comment_status":"","ping_status":"","sticky":false,"template":"","format":"standard","meta":{"footnotes":""},"categories":[9599],"tags":[1111,11,1777,674,1011,27,2208,12,2680,25],"class_list":{"0":"post-335004","1":"post","2":"type-post","3":"status-publish","4":"format-standard","5":"has-post-thumbnail","7":"category-montpellier","8":"tag-actu","9":"tag-actualites","10":"tag-eu","11":"tag-europe","12":"tag-fr","13":"tag-france","14":"tag-montpellier","15":"tag-news","16":"tag-occitanie","17":"tag-republique-francaise"},"share_on_mastodon":{"url":"https:\/\/pubeurope.com\/@fr\/115069303054681430","error":""},"_links":{"self":[{"href":"https:\/\/www.europesays.com\/fr\/wp-json\/wp\/v2\/posts\/335004","targetHints":{"allow":["GET"]}}],"collection":[{"href":"https:\/\/www.europesays.com\/fr\/wp-json\/wp\/v2\/posts"}],"about":[{"href":"https:\/\/www.europesays.com\/fr\/wp-json\/wp\/v2\/types\/post"}],"author":[{"embeddable":true,"href":"https:\/\/www.europesays.com\/fr\/wp-json\/wp\/v2\/users\/2"}],"replies":[{"embeddable":true,"href":"https:\/\/www.europesays.com\/fr\/wp-json\/wp\/v2\/comments?post=335004"}],"version-history":[{"count":0,"href":"https:\/\/www.europesays.com\/fr\/wp-json\/wp\/v2\/posts\/335004\/revisions"}],"wp:featuredmedia":[{"embeddable":true,"href":"https:\/\/www.europesays.com\/fr\/wp-json\/wp\/v2\/media\/335005"}],"wp:attachment":[{"href":"https:\/\/www.europesays.com\/fr\/wp-json\/wp\/v2\/media?parent=335004"}],"wp:term":[{"taxonomy":"category","embeddable":true,"href":"https:\/\/www.europesays.com\/fr\/wp-json\/wp\/v2\/categories?post=335004"},{"taxonomy":"post_tag","embeddable":true,"href":"https:\/\/www.europesays.com\/fr\/wp-json\/wp\/v2\/tags?post=335004"}],"curies":[{"name":"wp","href":"https:\/\/api.w.org\/{rel}","templated":true}]}}