{"id":335006,"date":"2025-08-21T23:18:52","date_gmt":"2025-08-21T23:18:52","guid":{"rendered":"https:\/\/www.europesays.com\/fr\/335006\/"},"modified":"2025-08-21T23:18:52","modified_gmt":"2025-08-21T23:18:52","slug":"chez-lpere-masson-rouen-fr","status":"publish","type":"post","link":"https:\/\/www.europesays.com\/fr\/335006\/","title":{"rendered":"Chez l\u2019p\u00e8re Masson | Rouen.fr"},"content":{"rendered":"<p><strong>Le Rouennais Charles Masson s\u2019est install\u00e9 dans l\u2019ancien salon de coiffure d\u2019\u00c9ric Bachelet, place de la Pucelle. \u00ab\u00a0Chez l\u2019p\u00e8re Masson\u00a0\u00bb accueille les clients, hommes et femmes, comme \u00e0 la maison, avec la qualit\u00e9 et l\u2019exigence comme ligne de conduite.<\/strong><\/p>\n<p>L\u2019histoire a commenc\u00e9 il a quelques ann\u00e9es, du c\u00f4t\u00e9 de la rue de la Poterne, en centre-ville de Rouen. C\u2019est l\u00e0 que Charles Masson ouvre son premier salon de coiffure \u00e0 26 ans, apr\u00e8s avoir bourlingu\u00e9 et appris les bases \u00e9lev\u00e9es de son m\u00e9tier entre Paris et Monaco. Il l\u2019appelle \u00ab\u00a0Chez l\u2019p\u00e8re Masson\u00a0\u00bb, en hommage \u00e0 son grand-p\u00e8re &#8211; c\u2019est son visage qui appara\u00eet sur le logo -, avec un clin d\u2019oeil \u00e0 l\u2019expression utilis\u00e9e dans le Pays de Caux d\u2019o\u00f9 il puise ses racines. \u00ab\u00a0Je viens d\u2019une famille d\u2019agriculteurs, j\u2019ai grandi avec les valeurs du travail bien fait, avec ce c\u00f4t\u00e9 artisan qui me caract\u00e9rise aujourd\u2019hui\u00a0\u00bb.<\/p>\n<p>Cette cr\u00e9ation fonctionne bien, tr\u00e8s bien m\u00eame, \u00e0 tel point que Charles Masson, qui travaille seul, doit allonger les d\u00e9lais de prise de rendez-vous et la liste d\u2019attente des nouveaux clients. Il se sent \u00e0 l\u2019\u00e9troit et r\u00eave en grand. En juin 2022, Charles Masson franchit le pas. Il sait qu\u2019\u00c9ric Bachelet, c\u00e9l\u00e8bre coiffeur rouennais, vend son fonds de commerce, le salon situ\u00e9 place de la Pucelle. Ce dernier cherche \u00e0 c\u00e9der son activit\u00e9, mais pas \u00e0 n\u2019importe qui, ni \u00e0 n\u2019importe quel projet. Celui du jeune Rouennais retient finalement toute son attention. \u00ab\u00a0Il y a une forme d\u2019h\u00e9ritage, nous devons \u00eatre \u00e0 la hauteur de ce que faisait Monsieur Bachelet en termes de qualit\u00e9 et d\u2019exigence\u00a0\u00bb, renseigne le cr\u00e9ateur.<\/p>\n<p>Et pour cela, il a transform\u00e9 le lieu, l\u2019a model\u00e9 \u00e0 son image : \u00ab\u00a0En un mois, nous avons tout chang\u00e9 dans le salon, pour en faire un endroit convivial, avec des canap\u00e9s et une table. Nous avons install\u00e9 des si\u00e8ges vintage hyper confortables qui plaisent beaucoup. Tout est fait pour accueillir nos clients passent un bon moment, dans une bonne ambiance, quand ils viennent se faire coiffer chez nous. C\u00f4t\u00e9 d\u00e9coration, j\u2019ai souhait\u00e9 un style parisien, haussmannien m\u00eame&#8230;\u00a0\u00bb<\/p>\n<p><img decoding=\"async\" alt=\"Photo de l'int\u00e9rieur du salon de coiffure &quot;Chez l'P\u00e8re Masson&quot;.\" src=\"https:\/\/www.europesays.com\/fr\/wp-content\/uploads\/2025\/08\/chez-lpere-masson-2.jpg\"\/><\/p>\n<p>Et la recette fonctionne. Le petit salon de la rue de la Poterne, tenu par une collaboratrice de Charles, accueille toujours une fid\u00e8le client\u00e8le. Quant au salon principal, place de la Pucelle, il ne d\u00e9semplit pas. Il faut m\u00eame s\u2019y prendre \u00e0 l\u2019avance avant de pouvoir s\u2019installer dans l\u2019un des moelleux fauteuils. L\u2019\u00e9quipe est compos\u00e9e de neuf personnes, dont Andy, coiffeur Irlandais tr\u00e8s appr\u00e9ci\u00e9 de la communaut\u00e9 anglophone de Rouen.<\/p>\n<p>Souriant, Charles Masson porte un regard satisfait sur son parcours et son nouveau salon. Celui qui a commenc\u00e9 la coiffure \u00e0 15 ans au CFA Marc-Ruyer de Petit-Quevilly ne compte pas s\u2019arr\u00eater l\u00e0 pour autant. \u00ab\u00a0J\u2019ai toujours plein d\u2019id\u00e9es. Pour l\u2019instant j\u2019ai la chance d\u2019avoir ce grand et beau lieu, dans lequel nous pouvons tout faire pour les femmes et les hommes. Mais \u00e0 l\u2019avenir, c\u2019est s\u00fbr, je ferai encore autre chose, peut-\u00eatre ailleurs\u00a0\u00bb, souffle-t-il. Le livre retra\u00e7ant les histoires de la famille Masson devrait compter quelques jolis chapitres encore.<\/p>\n<p><img decoding=\"async\" alt=\"Photo de l'ext\u00e9rieur du salon de coiffure &quot;Chez l'P\u00e8re Masson&quot;.\" src=\"https:\/\/www.europesays.com\/fr\/wp-content\/uploads\/2025\/08\/chez-lpere-masson-1.jpg\"\/><\/p>\n<p>Les infos sur la boutiqueChez l\u2019p\u00e8re Masson<\/p>\n<p>12 place de la Pucelle et 9 rue de la Poterne<\/p>\n<ul>\n<li>Ouvert du mardi au samedi, de 9h \u00e0 19h (du mercredi au samedi pour le salon rue de la Poterne)<\/li>\n<\/ul>\n<p>Sur Facebook : <a href=\"https:\/\/www.facebook.com\/chezlperemasson\" class=\"elf-external elf-icon\" rel=\"nofollow noopener\" target=\"_blank\">Chez l\u2019p\u00e8re Masson<\/a><\/p>\n<p>Sur Instagram : <a href=\"https:\/\/www.instagram.com\/chez_lpere_masson\/?hl=fr\" target=\"_blank\" class=\"elf-external elf-icon\" rel=\"nofollow noopener\">@chez_lpere_masson<\/a><\/p>\n<p>T\u00e9l. : <a href=\"https:\/\/rouen.fr\/boutique\/tel:02 35 71 23 33\" class=\"elf-external elf-icon\" rel=\"nofollow noopener\" target=\"_blank\">02 35 71 23 33<\/a><\/p>\n<p><script async src=\"\/\/www.instagram.com\/embed.js\"><\/script><\/p>\n","protected":false},"excerpt":{"rendered":"Le Rouennais Charles Masson s\u2019est install\u00e9 dans l\u2019ancien salon de coiffure d\u2019\u00c9ric Bachelet, place de la Pucelle. \u00ab\u00a0Chez&hellip;\n","protected":false},"author":2,"featured_media":335007,"comment_status":"","ping_status":"","sticky":false,"template":"","format":"standard","meta":{"footnotes":""},"categories":[9587],"tags":[1111,11,1777,674,1011,27,12,5161,25,9590],"class_list":{"0":"post-335006","1":"post","2":"type-post","3":"status-publish","4":"format-standard","5":"has-post-thumbnail","7":"category-rouen","8":"tag-actu","9":"tag-actualites","10":"tag-eu","11":"tag-europe","12":"tag-fr","13":"tag-france","14":"tag-news","15":"tag-normandie","16":"tag-republique-francaise","17":"tag-rouen"},"share_on_mastodon":{"url":"https:\/\/pubeurope.com\/@fr\/115069318892901813","error":""},"_links":{"self":[{"href":"https:\/\/www.europesays.com\/fr\/wp-json\/wp\/v2\/posts\/335006","targetHints":{"allow":["GET"]}}],"collection":[{"href":"https:\/\/www.europesays.com\/fr\/wp-json\/wp\/v2\/posts"}],"about":[{"href":"https:\/\/www.europesays.com\/fr\/wp-json\/wp\/v2\/types\/post"}],"author":[{"embeddable":true,"href":"https:\/\/www.europesays.com\/fr\/wp-json\/wp\/v2\/users\/2"}],"replies":[{"embeddable":true,"href":"https:\/\/www.europesays.com\/fr\/wp-json\/wp\/v2\/comments?post=335006"}],"version-history":[{"count":0,"href":"https:\/\/www.europesays.com\/fr\/wp-json\/wp\/v2\/posts\/335006\/revisions"}],"wp:featuredmedia":[{"embeddable":true,"href":"https:\/\/www.europesays.com\/fr\/wp-json\/wp\/v2\/media\/335007"}],"wp:attachment":[{"href":"https:\/\/www.europesays.com\/fr\/wp-json\/wp\/v2\/media?parent=335006"}],"wp:term":[{"taxonomy":"category","embeddable":true,"href":"https:\/\/www.europesays.com\/fr\/wp-json\/wp\/v2\/categories?post=335006"},{"taxonomy":"post_tag","embeddable":true,"href":"https:\/\/www.europesays.com\/fr\/wp-json\/wp\/v2\/tags?post=335006"}],"curies":[{"name":"wp","href":"https:\/\/api.w.org\/{rel}","templated":true}]}}