{"id":335008,"date":"2025-08-21T23:20:23","date_gmt":"2025-08-21T23:20:23","guid":{"rendered":"https:\/\/www.europesays.com\/fr\/335008\/"},"modified":"2025-08-21T23:20:23","modified_gmt":"2025-08-21T23:20:23","slug":"cf63-gf38-les-animations-en-fan-zone","status":"publish","type":"post","link":"https:\/\/www.europesays.com\/fr\/335008\/","title":{"rendered":"CF63 \/ GF38 : les animations en Fan Zone"},"content":{"rendered":"<p data-start=\"186\" data-end=\"444\"><strong>Ce vendredi 22 ao\u00fbt \u00e0 20h, le Clermont Foot 63 re\u00e7oit Grenoble au stade Gabriel-Montpied. Pour que la soir\u00e9e soit r\u00e9ussie, le club vous a pr\u00e9par\u00e9 un programme d\u2019animations festives \u00e0 vivre d\u00e8s l\u2019ouverture des portes.<\/strong><\/p>\n<p>\ud83d\udcc5 Le programme<\/p>\n<p data-start=\"487\" data-end=\"622\"><strong data-start=\"487\" data-end=\"517\">18h30 \u2013 Ouverture du stade<\/strong><br data-start=\"517\" data-end=\"520\"\/>Les portes s\u2019ouvrent et la Fan Zone vous attend avec ses nombreuses activit\u00e9s pour toute la famille.<\/p>\n<p data-start=\"624\" data-end=\"853\"><strong data-start=\"624\" data-end=\"654\">18h30 \u00e0 19h00 \u2013 Happy Hour<\/strong> \ud83c\udf7a<br data-start=\"657\" data-end=\"660\"\/>Profitez d\u2019un moment convivial avant le coup d\u2019envoi avec une pinte \u00e0 partir de 5\u20ac*. L\u2019occasion parfaite de se rafra\u00eechir dans la bonne humeur ! (*L\u2019abus d\u2019alcool est dangereux pour la sant\u00e9)<\/p>\n<p data-start=\"855\" data-end=\"1043\"><strong data-start=\"855\" data-end=\"886\">18h35 \u2013 Accueil des joueurs<\/strong> \ud83d\udc4b<br data-start=\"889\" data-end=\"892\"\/>Venez encourager vos joueurs d\u00e8s leur arriv\u00e9e, derri\u00e8re la tribune Gergovie. Une belle occasion de partager un moment unique avec eux avant le match.<\/p>\n<p>\ud83c\udfae Animations Fan Zone<\/p>\n<ul data-start=\"1072\" data-end=\"1274\">\n<li data-start=\"1072\" data-end=\"1137\">\n<p data-start=\"1074\" data-end=\"1137\"><strong data-start=\"1074\" data-end=\"1113\">Structures gonflables \u201cJumping Joy\u201d<\/strong> pour les plus jeunes.<\/p>\n<\/li>\n<li data-start=\"1138\" data-end=\"1194\">\n<p data-start=\"1140\" data-end=\"1194\"><strong data-start=\"1140\" data-end=\"1157\">Espace gaming<\/strong> pour les passionn\u00e9s de jeux vid\u00e9o.<\/p>\n<\/li>\n<li data-start=\"1195\" data-end=\"1274\">\n<p data-start=\"1197\" data-end=\"1274\">Ambiance musicale avec \u00ab\u00a0DJ Jams\u00a0\u00bb et animations pour lancer la soir\u00e9e dans la bonne humeur.<\/p>\n<\/li>\n<\/ul>\n<p>\u00a0<\/p>\n<p>\ud83d\udc55 Boutique officielle \u2013 Livradois et Parvis<\/p>\n<p data-start=\"1305\" data-end=\"1406\">D\u00e9couvrez nos diff\u00e9rents produits, et notamment les nouveaux maillots dans nos 2 points de vente du stade.<br \/>Exclusivit\u00e9 : le mini-ballon d\u00e9dicac\u00e9 par Th\u00e9o Guivarch est disponible \u00e0 la boutique Livradois.<\/p>\n<p>\ud83c\udf54 Restauration<\/p>\n<p data-start=\"1430\" data-end=\"1558\">Nouveaut\u00e9 cette saison : un food truck<strong>\u00a0<\/strong>fait son apparition sur le parvis de la tribune Gergovie. Il vous proposera \u00e0 chaque match un plat diff\u00e9rent et conviviale. Au menu demain :<strong> saucisses du Vercors \/ gratin dauphinois.<\/strong><\/p>\n<p>\ud83d\udc4f Remerciements \u00e0 Yohann Magnin<\/p>\n<p>Les conditions sportives de la fin de saison derni\u00e8re, n\u2019avait pas permis de saluer, \u00e0 la hauteur qu\u2019il se doit, le parcours exemplaire au sein du Clermont Foot de Yohann Magnin. Le Clermont Foot souhaite le remercier juste avant la rencontre face \u00e0 Grenoble.<\/p>\n<p>Nous vous attendons en nombre depuis les tribunes \u00e0 19h40 pour le remercier comme il se doit.<\/p>\n<p>\u00a0<\/p>\n<p>\u26bd Coup d\u2019envoi \u00e0 20h : apr\u00e8s les animations, place au spectacle sur le terrain !<\/p>\n<p data-start=\"1560\" data-end=\"1646\">Nous vous attendons nombreux pour vivre ensemble cette soir\u00e9e de football et de f\u00eate au stade Gabriel-Montpied.<\/p>\n","protected":false},"excerpt":{"rendered":"Ce vendredi 22 ao\u00fbt \u00e0 20h, le Clermont Foot 63 re\u00e7oit Grenoble au stade Gabriel-Montpied. Pour que la&hellip;\n","protected":false},"author":2,"featured_media":335009,"comment_status":"","ping_status":"","sticky":false,"template":"","format":"standard","meta":{"footnotes":""},"categories":[9566],"tags":[1111,11,2430,1777,674,1011,27,2731,12,25],"class_list":{"0":"post-335008","1":"post","2":"type-post","3":"status-publish","4":"format-standard","5":"has-post-thumbnail","7":"category-grenoble","8":"tag-actu","9":"tag-actualites","10":"tag-auvergne-rhone-alpes","11":"tag-eu","12":"tag-europe","13":"tag-fr","14":"tag-france","15":"tag-grenoble","16":"tag-news","17":"tag-republique-francaise"},"share_on_mastodon":{"url":"https:\/\/pubeurope.com\/@fr\/115069322780696998","error":""},"_links":{"self":[{"href":"https:\/\/www.europesays.com\/fr\/wp-json\/wp\/v2\/posts\/335008","targetHints":{"allow":["GET"]}}],"collection":[{"href":"https:\/\/www.europesays.com\/fr\/wp-json\/wp\/v2\/posts"}],"about":[{"href":"https:\/\/www.europesays.com\/fr\/wp-json\/wp\/v2\/types\/post"}],"author":[{"embeddable":true,"href":"https:\/\/www.europesays.com\/fr\/wp-json\/wp\/v2\/users\/2"}],"replies":[{"embeddable":true,"href":"https:\/\/www.europesays.com\/fr\/wp-json\/wp\/v2\/comments?post=335008"}],"version-history":[{"count":0,"href":"https:\/\/www.europesays.com\/fr\/wp-json\/wp\/v2\/posts\/335008\/revisions"}],"wp:featuredmedia":[{"embeddable":true,"href":"https:\/\/www.europesays.com\/fr\/wp-json\/wp\/v2\/media\/335009"}],"wp:attachment":[{"href":"https:\/\/www.europesays.com\/fr\/wp-json\/wp\/v2\/media?parent=335008"}],"wp:term":[{"taxonomy":"category","embeddable":true,"href":"https:\/\/www.europesays.com\/fr\/wp-json\/wp\/v2\/categories?post=335008"},{"taxonomy":"post_tag","embeddable":true,"href":"https:\/\/www.europesays.com\/fr\/wp-json\/wp\/v2\/tags?post=335008"}],"curies":[{"name":"wp","href":"https:\/\/api.w.org\/{rel}","templated":true}]}}