{"id":335018,"date":"2025-08-21T23:25:10","date_gmt":"2025-08-21T23:25:10","guid":{"rendered":"https:\/\/www.europesays.com\/fr\/335018\/"},"modified":"2025-08-21T23:25:10","modified_gmt":"2025-08-21T23:25:10","slug":"previsions-du-vendredi-22-aout-2025-4","status":"publish","type":"post","link":"https:\/\/www.europesays.com\/fr\/335018\/","title":{"rendered":"pr\u00e9visions du vendredi 22 ao\u00fbt 2025"},"content":{"rendered":"<p>Nice va conna\u00eetre une magnifique journ\u00e9e tr\u00e8s ensoleill\u00e9e. Il va faire environ 22\u00b0C. Une l\u00e9g\u00e8re brise de sud-est sera ressentie par les habitants. Les valeurs afficheront entre 20 et 25\u00b0C le matin. Les temp\u00e9ratures seront comprises entre 24 et 25\u00b0C durant l&rsquo;apr\u00e8s-midi. Durant la nuit de vendredi \u00e0 samedi, le ciel sera limpide.<\/p>\n<p>Un beau soleil est attendu demain \u00e0 Nice. Un temps plus chaud est attendu \u00e9tant donn\u00e9 que les temp\u00e9ratures vont enregistrer une hausse. Les valeurs s&rsquo;\u00e9chelonneront entre 20 et 25\u00b0C. Un vent de sud-est rafra\u00eechira quelque peu l&rsquo;atmosph\u00e8re. Les temp\u00e9ratures seront de 21\u00b0C au plus bas et de 25\u00b0C au maximum la matin\u00e9e. Les valeurs afficheront entre 24\u00b0C et 25\u00b0C dans l&rsquo;apr\u00e8s-midi.<\/p>\n<p>Les conditions m\u00e9t\u00e9orologiques seront plut\u00f4t instables pour les jours \u00e0 venir. Une am\u00e9lioration est pr\u00e9vue lundi, tandis que la journ\u00e9e de dimanche aura \u00e9t\u00e9 pluvieuse.<\/p>\n<p><\/p>\n","protected":false},"excerpt":{"rendered":"Nice va conna\u00eetre une magnifique journ\u00e9e tr\u00e8s ensoleill\u00e9e. Il va faire environ 22\u00b0C. Une l\u00e9g\u00e8re brise de sud-est&hellip;\n","protected":false},"author":2,"featured_media":335019,"comment_status":"","ping_status":"","sticky":false,"template":"","format":"standard","meta":{"footnotes":""},"categories":[2819],"tags":[1111,11,2898,1777,674,1011,27,12,2401,883,2119,882,25],"class_list":{"0":"post-335018","1":"post","2":"type-post","3":"status-publish","4":"format-standard","5":"has-post-thumbnail","7":"category-nice","8":"tag-actu","9":"tag-actualites","10":"tag-alpes-maritimes","11":"tag-eu","12":"tag-europe","13":"tag-fr","14":"tag-france","15":"tag-news","16":"tag-nice","17":"tag-paca","18":"tag-previsions-meteo","19":"tag-provence-alpes-cote-dazur","20":"tag-republique-francaise"},"share_on_mastodon":{"url":"https:\/\/pubeurope.com\/@fr\/115069342405643293","error":""},"_links":{"self":[{"href":"https:\/\/www.europesays.com\/fr\/wp-json\/wp\/v2\/posts\/335018","targetHints":{"allow":["GET"]}}],"collection":[{"href":"https:\/\/www.europesays.com\/fr\/wp-json\/wp\/v2\/posts"}],"about":[{"href":"https:\/\/www.europesays.com\/fr\/wp-json\/wp\/v2\/types\/post"}],"author":[{"embeddable":true,"href":"https:\/\/www.europesays.com\/fr\/wp-json\/wp\/v2\/users\/2"}],"replies":[{"embeddable":true,"href":"https:\/\/www.europesays.com\/fr\/wp-json\/wp\/v2\/comments?post=335018"}],"version-history":[{"count":0,"href":"https:\/\/www.europesays.com\/fr\/wp-json\/wp\/v2\/posts\/335018\/revisions"}],"wp:featuredmedia":[{"embeddable":true,"href":"https:\/\/www.europesays.com\/fr\/wp-json\/wp\/v2\/media\/335019"}],"wp:attachment":[{"href":"https:\/\/www.europesays.com\/fr\/wp-json\/wp\/v2\/media?parent=335018"}],"wp:term":[{"taxonomy":"category","embeddable":true,"href":"https:\/\/www.europesays.com\/fr\/wp-json\/wp\/v2\/categories?post=335018"},{"taxonomy":"post_tag","embeddable":true,"href":"https:\/\/www.europesays.com\/fr\/wp-json\/wp\/v2\/tags?post=335018"}],"curies":[{"name":"wp","href":"https:\/\/api.w.org\/{rel}","templated":true}]}}