{"id":335020,"date":"2025-08-21T23:26:27","date_gmt":"2025-08-21T23:26:27","guid":{"rendered":"https:\/\/www.europesays.com\/fr\/335020\/"},"modified":"2025-08-21T23:26:27","modified_gmt":"2025-08-21T23:26:27","slug":"le-parquet-devoile-les-resultats-de-lautopsie","status":"publish","type":"post","link":"https:\/\/www.europesays.com\/fr\/335020\/","title":{"rendered":"le Parquet d\u00e9voile les r\u00e9sultats de l&rsquo;autopsie"},"content":{"rendered":"<p><strong>Le d\u00e9c\u00e8s du streamer Jean Pormanove, apr\u00e8s plus de douze jours de diffusion en direct o\u00f9 il apparaissait violent\u00e9 et humili\u00e9, \u00ab\u00a0n\u2019est pas en lien avec l\u2019intervention d\u2019un tiers\u00a0\u00bb, selon les conclusions de l\u2019autopsie d\u00e9voil\u00e9es jeudi par le procureur de la R\u00e9publique de Nice.<\/strong><\/p>\n<p>\u00ab\u00a0Les causes probables du d\u00e9c\u00e8s apparaissent donc d\u2019origine m\u00e9dicale et\/ou toxicologique\u00a0\u00bb, a pr\u00e9cis\u00e9 le procureur Damien Martinelli dans un communiqu\u00e9 officiel.<\/p>\n<p>La mort en direct de Rapha\u00ebl Graven, connu sous les pseudonymes JP ou Jean Pormanove, diffus\u00e9e sur la plateforme Kick et suivie par des milliers d\u2019internautes, a provoqu\u00e9 un vaste scandale. La ministre d\u00e9l\u00e9gu\u00e9e au Num\u00e9rique, Clara Chappaz, a d\u00e9nonc\u00e9 \u00ab\u00a0une horreur absolue\u00a0\u00bb.<\/p>\n<p>Un d\u00e9c\u00e8s diffus\u00e9 en direct<\/p>\n<p>Une vid\u00e9o diffus\u00e9e lundi en live sur Kick, et largement partag\u00e9e depuis, montrait JP inanim\u00e9 dans un lit, au moment o\u00f9 son d\u00e9c\u00e8s \u00e9tait d\u00e9couvert par son partenaire de streaming Owen Cenazandotti, alias Narutovie, dans leur studio situ\u00e9 \u00e0 Contes, pr\u00e8s de Nice.<\/p>\n<p>D\u2019autres extraits, devenus viraux sur les r\u00e9seaux sociaux, montrent le streamer de 46 ans insult\u00e9, frapp\u00e9 par Narutovie et un autre influenceur, Safine Hamadi dit Safine, ou encore vis\u00e9 par des tirs de paintball sans protection. Aux c\u00f4t\u00e9s d\u2019un autre participant surnomm\u00e9 Coudoux, visiblement handicap\u00e9, il semblait assumer son r\u00f4le de souffre-douleur.<\/p>\n<p>Des enqu\u00eates d\u00e9j\u00e0 ouvertes<\/p>\n<p>En janvier, le parquet de Nice avait d\u00e9j\u00e0 lanc\u00e9 une enqu\u00eate apr\u00e8s la r\u00e9v\u00e9lation de ces vid\u00e9os par M\u00e9diapart. Elle visait notamment des faits de \u00ab\u00a0violences volontaires en r\u00e9union sur personnes vuln\u00e9rables\u00a0\u00bb.<\/p>\n<p>Owen Cenazandotti, 26 ans, et Sofiane Hamadi, 23 ans, avaient \u00e9t\u00e9 plac\u00e9s en garde \u00e0 vue mais rapidement rel\u00e2ch\u00e9s sans qu\u2019aucune charge ne soit retenue contre eux.<\/p>\n<p>Les conclusions de l\u2019autopsie<\/p>\n<p>Lors de l\u2019autopsie, les deux m\u00e9decins l\u00e9gistes n\u2019ont constat\u00e9 ni \u00ab\u00a0l\u00e9sions traumatiques tant au niveau interne qu\u2019externe\u00a0\u00bb, ni \u00ab\u00a0br\u00fblures\u00a0\u00bb. Seules ont \u00e9t\u00e9 relev\u00e9es \u00ab\u00a0quelques ecchymoses et l\u00e9sions cicatris\u00e9es plus particuli\u00e8rement sur les membres inf\u00e9rieurs\u00a0\u00bb, a indiqu\u00e9 jeudi le procureur.<\/p>\n<p><a href=\"https:\/\/anneedelamer.nice.fr\/\" rel=\"nofollow noopener\" target=\"_blank\"><img loading=\"lazy\" decoding=\"async\" width=\"300\" height=\"300\" src=\"data:image\/svg+xml,%3Csvg%20xmlns=\" http:=\"\" alt=\"\" class=\"wp-image-235449\" data-lazy-src=\"https:\/\/www.europesays.com\/fr\/wp-content\/uploads\/2025\/04\/IMG_1416-2.png\"\/><\/a><\/p>\n<p>\u00ab\u00a0A la lumi\u00e8re de ces \u00e9l\u00e9ments, les m\u00e9decins experts consid\u00e8rent que le d\u00e9c\u00e8s de M. Graven n\u2019a pas une origine traumatique et n\u2019est pas en lien avec l\u2019intervention d\u2019un tiers\u00a0\u00bb, a pr\u00e9cis\u00e9 Damien Martinelli. Il a ajout\u00e9 que \u00ab\u00a0des analyses compl\u00e9mentaires, toxicologiques et anatomopathologiques, ont \u00e9t\u00e9 ordonn\u00e9es pour pr\u00e9ciser ces causes\u00a0\u00bb.<\/p>\n<p>Une sant\u00e9 fragilis\u00e9e<\/p>\n<p>Ces examens devront \u00eatre rapproch\u00e9s de certains t\u00e9moignages \u00e9voquant \u00ab\u00a0des difficult\u00e9s cardiaques\u00a0\u00bb observ\u00e9es lors d\u2019une anesth\u00e9sie en Turquie en 2024, ainsi qu\u2019un \u00ab\u00a0traitement m\u00e9dical pour la glande thyro\u00efde\u00a0\u00bb. La direction nationale de la police judiciaire et l\u2019office anticybercriminalit\u00e9 ont \u00e9t\u00e9 cosaisis avec la PJ de Nice pour la suite des investigations.<\/p>\n<p>Selon des proches interrog\u00e9s par l\u2019AFP, Jean Pormanove, ancien militaire originaire de Moselle, encha\u00eenait les petits boulots et pr\u00e9sentait une sant\u00e9 fragile. Son hygi\u00e8ne de vie \u00e9tait jug\u00e9e d\u00e9grad\u00e9e : il se nourrissait essentiellement de sucreries et fumait jusqu\u2019\u00e0 trois paquets de cigarettes par jour.<\/p>\n<p>Des t\u00e9moignages contradictoires<\/p>\n<p>Si certains proches des influenceurs ni\u00e7ois ont affirm\u00e9 que JP vivait \u00ab\u00a0sa meilleure vie\u00a0\u00bb depuis sa rencontre avec Narutovie en 2020, un ancien camarade militaire le d\u00e9crivait comme \u00ab\u00a0cr\u00e9dule\u00a0\u00bb et \u00ab\u00a0pas tr\u00e8s intelligent\u00a0\u00bb, estimant qu\u2019il \u00e9tait \u00ab\u00a0manipul\u00e9\u00a0\u00bb.<\/p>\n<p>Interpell\u00e9e, la plateforme australienne Kick s\u2019est engag\u00e9e jeudi, apr\u00e8s un \u00e9change avec l\u2019Arcom, \u00e0 revoir ses r\u00e8gles de supervision et de mod\u00e9ration de ses contenus.<\/p>\n<p class=\"has-small-font-size\">Avec AFP<\/p>\n","protected":false},"excerpt":{"rendered":"Le d\u00e9c\u00e8s du streamer Jean Pormanove, apr\u00e8s plus de douze jours de diffusion en direct o\u00f9 il apparaissait&hellip;\n","protected":false},"author":2,"featured_media":335021,"comment_status":"","ping_status":"","sticky":false,"template":"","format":"standard","meta":{"footnotes":""},"categories":[2819],"tags":[1111,11,1777,674,1011,27,12,2401,882,25],"class_list":{"0":"post-335020","1":"post","2":"type-post","3":"status-publish","4":"format-standard","5":"has-post-thumbnail","7":"category-nice","8":"tag-actu","9":"tag-actualites","10":"tag-eu","11":"tag-europe","12":"tag-fr","13":"tag-france","14":"tag-news","15":"tag-nice","16":"tag-provence-alpes-cote-dazur","17":"tag-republique-francaise"},"share_on_mastodon":{"url":"https:\/\/pubeurope.com\/@fr\/115069346399973165","error":""},"_links":{"self":[{"href":"https:\/\/www.europesays.com\/fr\/wp-json\/wp\/v2\/posts\/335020","targetHints":{"allow":["GET"]}}],"collection":[{"href":"https:\/\/www.europesays.com\/fr\/wp-json\/wp\/v2\/posts"}],"about":[{"href":"https:\/\/www.europesays.com\/fr\/wp-json\/wp\/v2\/types\/post"}],"author":[{"embeddable":true,"href":"https:\/\/www.europesays.com\/fr\/wp-json\/wp\/v2\/users\/2"}],"replies":[{"embeddable":true,"href":"https:\/\/www.europesays.com\/fr\/wp-json\/wp\/v2\/comments?post=335020"}],"version-history":[{"count":0,"href":"https:\/\/www.europesays.com\/fr\/wp-json\/wp\/v2\/posts\/335020\/revisions"}],"wp:featuredmedia":[{"embeddable":true,"href":"https:\/\/www.europesays.com\/fr\/wp-json\/wp\/v2\/media\/335021"}],"wp:attachment":[{"href":"https:\/\/www.europesays.com\/fr\/wp-json\/wp\/v2\/media?parent=335020"}],"wp:term":[{"taxonomy":"category","embeddable":true,"href":"https:\/\/www.europesays.com\/fr\/wp-json\/wp\/v2\/categories?post=335020"},{"taxonomy":"post_tag","embeddable":true,"href":"https:\/\/www.europesays.com\/fr\/wp-json\/wp\/v2\/tags?post=335020"}],"curies":[{"name":"wp","href":"https:\/\/api.w.org\/{rel}","templated":true}]}}