{"id":335024,"date":"2025-08-21T23:28:34","date_gmt":"2025-08-21T23:28:34","guid":{"rendered":"https:\/\/www.europesays.com\/fr\/335024\/"},"modified":"2025-08-21T23:28:34","modified_gmt":"2025-08-21T23:28:34","slug":"fc-nantes-tylel-tati-valorise-a-3-me-apres-son-premier-match-en-ligue-1","status":"publish","type":"post","link":"https:\/\/www.europesays.com\/fr\/335024\/","title":{"rendered":"FC Nantes. Tylel Tati valoris\u00e9 \u00e0 3 M\u20ac apr\u00e8s son premier match en Ligue 1"},"content":{"rendered":"<p data-start=\"212\" data-end=\"532\">\u00c0 17 ans, Tylel Tati a d\u00e9couvert la Ligue 1 le week-end dernier face au PSG. Titulaire en d\u00e9fense centrale, le jeune joueur du FC Nantes a disput\u00e9 l\u2019int\u00e9gralit\u00e9 de la rencontre. Quelques jours plus tard, le site sp\u00e9cialis\u00e9 Transfermarkt lui a attribu\u00e9 une premi\u00e8re valeur marchande, estim\u00e9e \u00e0 <strong data-start=\"507\" data-end=\"529\">3 millions d\u2019euros<\/strong>.<\/p>\n<p data-start=\"212\" data-end=\"532\">\u00c0 17 ans, Tylel Tati a d\u00e9couvert la Ligue 1 le week-end dernier face au PSG. Titulaire en d\u00e9fense centrale, le jeune joueur du FC Nantes a disput\u00e9 l\u2019int\u00e9gralit\u00e9 de la rencontre. Quelques jours plus tard, le site sp\u00e9cialis\u00e9 Transfermarkt lui a attribu\u00e9 une premi\u00e8re valeur marchande, estim\u00e9e \u00e0 3 millions d\u2019euros.<\/p>\n<p>Une premi\u00e8re \u00e9valuation encourageante<\/p>\n<p>Cette valorisation intervient apr\u00e8s une seule apparition chez les professionnels. Elle traduit \u00e0 la fois le potentiel du joueur form\u00e9 \u00e0 la Joneli\u00e8re et la confiance que lui accorde le staff nantais. Pour un d\u00e9fenseur de son \u00e2ge, il s\u2019agit d\u00e9j\u00e0 d\u2019une cote significative.<\/p>\n<p>Comparaison avec l\u2019effectif nantais<\/p>\n<p>Avec ses 3 M\u20ac, Tylel Tati se situe dans la moyenne haute de l\u2019effectif jaune et vert. Il rejoint par exemple l\u2019ailier Mayckel Lahdo (3 M\u20ac), et devance des joueurs exp\u00e9riment\u00e9s comme Jean-K\u00e9vin Duverne ou Kelvin Amian (2,5 M\u20ac).<br \/>\u00c0 l\u2019inverse, il reste loin de Matthis Abline, joueur le mieux cot\u00e9 avec 18 M\u20ac, ou encore de Johann Lepenant (6 M\u20ac) et Mostafa Mohamed (5 M\u20ac).<\/p>\n<p data-start=\"578\" data-end=\"849\">Cette valorisation intervient apr\u00e8s une seule apparition chez les professionnels. Elle traduit \u00e0 la fois le potentiel du joueur form\u00e9 \u00e0 la Joneli\u00e8re et la confiance que lui accorde le staff nantais. Pour un d\u00e9fenseur de son \u00e2ge, il s\u2019agit d\u00e9j\u00e0 d\u2019une cote significative.<\/p>\n<p>Comparaison avec l\u2019effectif nantais<\/p>\n<p data-start=\"893\" data-end=\"1269\">Avec ses 3 M\u20ac, Tylel Tati se situe dans la moyenne haute de l\u2019effectif jaune et vert. Il rejoint par exemple l\u2019ailier Mayckel Lahdo (3 M\u20ac), et devance des joueurs exp\u00e9riment\u00e9s comme Jean-K\u00e9vin Duverne ou Kelvin Amian (2,5 M\u20ac).<br data-start=\"1119\" data-end=\"1122\"\/>\u00c0 l\u2019inverse, il reste loin de Matthis Abline, joueur le mieux cot\u00e9 avec <strong data-start=\"1194\" data-end=\"1203\">18 M\u20ac<\/strong>, ou encore de Johann Lepenant (6 M\u20ac) et Mostafa Mohamed (5 M\u20ac).<\/p>\n","protected":false},"excerpt":{"rendered":"\u00c0 17 ans, Tylel Tati a d\u00e9couvert la Ligue 1 le week-end dernier face au PSG. Titulaire en&hellip;\n","protected":false},"author":2,"featured_media":335025,"comment_status":"","ping_status":"","sticky":false,"template":"","format":"standard","meta":{"footnotes":""},"categories":[2818],"tags":[1111,11,1777,674,1011,27,766,12,2636,25],"class_list":{"0":"post-335024","1":"post","2":"type-post","3":"status-publish","4":"format-standard","5":"has-post-thumbnail","7":"category-nantes","8":"tag-actu","9":"tag-actualites","10":"tag-eu","11":"tag-europe","12":"tag-fr","13":"tag-france","14":"tag-nantes","15":"tag-news","16":"tag-pays-de-la-loire","17":"tag-republique-francaise"},"share_on_mastodon":{"url":"https:\/\/pubeurope.com\/@fr\/115069354131141478","error":""},"_links":{"self":[{"href":"https:\/\/www.europesays.com\/fr\/wp-json\/wp\/v2\/posts\/335024","targetHints":{"allow":["GET"]}}],"collection":[{"href":"https:\/\/www.europesays.com\/fr\/wp-json\/wp\/v2\/posts"}],"about":[{"href":"https:\/\/www.europesays.com\/fr\/wp-json\/wp\/v2\/types\/post"}],"author":[{"embeddable":true,"href":"https:\/\/www.europesays.com\/fr\/wp-json\/wp\/v2\/users\/2"}],"replies":[{"embeddable":true,"href":"https:\/\/www.europesays.com\/fr\/wp-json\/wp\/v2\/comments?post=335024"}],"version-history":[{"count":0,"href":"https:\/\/www.europesays.com\/fr\/wp-json\/wp\/v2\/posts\/335024\/revisions"}],"wp:featuredmedia":[{"embeddable":true,"href":"https:\/\/www.europesays.com\/fr\/wp-json\/wp\/v2\/media\/335025"}],"wp:attachment":[{"href":"https:\/\/www.europesays.com\/fr\/wp-json\/wp\/v2\/media?parent=335024"}],"wp:term":[{"taxonomy":"category","embeddable":true,"href":"https:\/\/www.europesays.com\/fr\/wp-json\/wp\/v2\/categories?post=335024"},{"taxonomy":"post_tag","embeddable":true,"href":"https:\/\/www.europesays.com\/fr\/wp-json\/wp\/v2\/tags?post=335024"}],"curies":[{"name":"wp","href":"https:\/\/api.w.org\/{rel}","templated":true}]}}