{"id":335026,"date":"2025-08-21T23:30:27","date_gmt":"2025-08-21T23:30:27","guid":{"rendered":"https:\/\/www.europesays.com\/fr\/335026\/"},"modified":"2025-08-21T23:30:27","modified_gmt":"2025-08-21T23:30:27","slug":"le-futur-car-express-bordeaux-cap-ferret-sera-t-il-plus-lent-que-le-412-bientot-supprime","status":"publish","type":"post","link":"https:\/\/www.europesays.com\/fr\/335026\/","title":{"rendered":"Le futur car express Bordeaux &#8211; Cap Ferret sera-t-il plus lent que le 412 bient\u00f4t supprim\u00e9 ?"},"content":{"rendered":"<p class=\"wp-block-post-excerpt__excerpt\">L\u2019\u00e9lu m\u00e9tropolitain Guillaume Garrigues alerte sur la d\u00e9gradation du service pour les usagers qu\u2019entra\u00eenera selon lui la suppression au 1er septembre de la ligne de car 412. Son remplacement par un car express n\u00e9cessitera en effet d\u2019emprunter des bus en correspondance au nord du Bassin d\u2019Arcachon. La R\u00e9gion vante quant \u00e0 elle l\u2019augmentation de l\u2019offre. <\/p>\n<p><a href=\"https:\/\/rue89bordeaux.com\/category\/kiosque-abonne\/\" rel=\"tag nofollow noopener\" target=\"_blank\">\u00c9dition abonn\u00e9s<\/a>, <a href=\"https:\/\/rue89bordeaux.com\/category\/polemique\/\" rel=\"tag nofollow noopener\" target=\"_blank\">Pol\u00e9mique<\/a><\/p>\n<p>Simon Barth\u00e9l\u00e9my<\/p>\n<p>Publi\u00e9 le 21 ao\u00fbt 2025\u00a0\u00a0\u00b7\u00a0\u00a0<\/p>\n<p>Imprim\u00e9 le 22 ao\u00fbt 2025 \u00e0 01h30\u00a0\u00a0\u00b7\u00a0\u00a0<\/p>\n<p>\t\t\t\t\t5\u00a0minutes\n<\/p>\n<p>\u00ab\u00a0Une\u00a0perte de temps de trajet d\u2019environ 30 minutes\u00a0entre le centre-ville d\u2019Andernos et le centre-ville de Bordeaux avec un trajet\u00a0passant d\u20191 heure 30\u00a0aujourd\u2019hui \u00e0\u00a02 heures\u00a0\u00bb, et un parcours rallong\u00e9 de 15 \u00e0 30 minutes pour rallier L\u00e8ge-Cap-Ferret. Telles seront les cons\u00e9quences pour les voyageurs du remplacement au 1er septembre de l\u2019actuelle ligne 412 <a href=\"https:\/\/rue89bordeaux.com\/2025\/06\/deux-nouveaux-cars-express-pour-rallier-bordeaux-metropole-depuis-lege-cap-ferret-et-beautiran\/\" rel=\"nofollow noopener\" target=\"_blank\">par le car express Bordeaux-L\u00e8ge<\/a>, affirme le conseiller municipal et m\u00e9tropolitain de Talence, Guillaume Garrigues.<\/p>\n<p>Membre de la commission transports de Bordeaux M\u00e9tropole, cet \u00e9lu du groupe de droite M\u00e9tropole Commune(s) a compar\u00e9 les fiches horaires des services pr\u00e9sents et futurs pour parvenir \u00e0 cette conclusion. L\u2019allongement des temps de parcours s\u2019explique par les changements que devront d\u00e9sormais effectuer les usagers sur cette ligne de cars interurbain, la plus fr\u00e9quent\u00e9e du r\u00e9seau n\u00e9o-aquitain avec 1000 voyages quotidiens.<\/p>\n<p>\t\tCorrespondances \u00ab\u00a0tr\u00e8s variables\u00a0\u00bb<\/p>\n<p>Alors que le 412 passait par les centre-villes d\u2019Andernos, d\u2019Ar\u00e8s et de L\u00e8ge, ainsi que par la presqu\u2019\u00eele du Cap Ferret, la nouvelle ligne 410 desservira en effet uniquement des arr\u00eats sur la route d\u00e9partementale 106 entre Bordeaux (Quinconces ou gare Saint-Jean) et le p\u00f4le d\u2019\u00e9change intermodal (PEI) d\u2019Ar\u00e8s-L\u00e8ge. La ligne 410 n\u2019aura ainsi que 18 arr\u00eats, contre pas moins de 44 pour l\u2019actuelle 412 entre la gare Saint-Jean et le PEI, et 26 arr\u00eats de plus sur la presqu\u2019\u00eele entre L\u00e8ge et la Pointe.  <\/p>\n<p>Pour rallier leur destination finale, les passagers devront ensuite prendre une correspondance avec <a href=\"https:\/\/rue89bordeaux.com\/2024\/08\/les-premieres-lignes-de-bus-du-nord-du-bassin-darcachon-entrent-en-piste\/\" rel=\"nofollow noopener\" target=\"_blank\">un bus du r\u00e9seau Alego<\/a> au rond-point de Querquillas pour rejoindre Andernos ou Ar\u00e8s, ou \u00e0 l\u2019\u00e9changeur d\u2019Ar\u00e8s pour rejoindre L\u00e8ge Cap Ferret.<\/p>\n<p>Rue89 Bordeaux a besoin de vos dons<\/p>\n<p>Mille mercis \u00e0 nos 131 donateurs ! Gr\u00e2ce \u00e0 vous, nous avons atteint notre objectif initial de 10\u202f000\u202f\u20ac. Ce soutien va nous permettre de renflouer notre tr\u00e9sorerie, apr\u00e8s le d\u00e9sengagement en 2025 d\u2019un annonceur important \u2013 Bordeaux M\u00e9tropole \u2013 et de r\u00e9gler nos factures en attente.<br \/>Cependant, la cagnotte reste ouverte jusqu\u2019\u00e0 fin septembre afin de vous laisser l\u2019occasion de continuer \u00e0 soutenir votre m\u00e9dia ind\u00e9pendant. Chaque don est d\u00e9ductible des imp\u00f4ts \u00e0 hauteur de 66\u202f%. En recevoir davantage nous permettra de consolider nos finances, d\u2019envisager une rentr\u00e9e sereine, et surtout, d\u2019enrichir nos contenus et de renforcer notre r\u00e9daction.<\/p>\n<p><\/p>\n<p>Lisez la suite pour 1\u20ac<\/p>\n<p>En profitant de notre offre d\u2019essai, r\u00e9siliable en ligne \u00e0 tout moment.<\/p>\n<p><strong>Pour acc\u00e9der \u00e0 cet article, il faut \u00eatre abonn\u00e9. Pourquoi\u00a0?<\/strong><\/p>\n<p>Les informations exclusives, les enqu\u00eates et certains reportages constituent l\u2019\u00e9dition abonn\u00e9s de Rue89 Bordeaux. En tant que m\u00e9dia ind\u00e9pendant, nos ressources proviennent de nos lectrices et lecteurs abonn\u00e9s, aucun milliardaire ni groupe bancaire ne nous finance.<\/p>\n<p>Nous demandons \u00e0 nos lecteurs une faible contribution pour disposer \u00e0 Bordeaux d\u2019un m\u00e9dia critique des pouvoirs, capable d\u2019enqu\u00eater et de traiter les enjeux locaux en profondeur et dans la dur\u00e9e.<\/p>\n<p>Chaque abonnement compte. Toutes nos recettes sont investies dans un journalisme local ind\u00e9pendant, dont la force et la r\u00e9activit\u00e9 d\u00e9pend directement du nombre d\u2019abonn\u00e9s actifs.<\/p>\n<p class=\"has-text-align-right\"><strong><a href=\"https:\/\/rue89bordeaux.com\/?p=128375\" data-type=\"page\" data-id=\"0\" rel=\"nofollow noopener\" target=\"_blank\">Je m\u2019abonne\u00a0 <\/a><\/strong><\/p>\n<p>\t\t\t<a href=\"https:\/\/rue89bordeaux.com\/\" class=\"custom-logo-link\" rel=\"home nofollow noopener\" target=\"_blank\"><img loading=\"lazy\" decoding=\"async\" width=\"290\" height=\"49\" src=\"https:\/\/www.europesays.com\/fr\/wp-content\/uploads\/2025\/04\/logo.png\" class=\"custom-logo\" alt=\"Rue89Bordeaux Enqu\u00eates et informations de proximit\u00e9\"  \/><\/a><\/p>\n<p>\n\t\t\t\tAbonnez-vous maintenant pour suivre l\u2019actualit\u00e9 locale.\t\t\t<\/p>\n<p class=\"font-bold font-serif-heading mb-2 text-4xl\">\n\t\t\t\t\t\tL\u2019investigation locale \u00e0 port\u00e9e de main.\n\t\t\t\t\t<\/p>\n<p>\n\t\t\t\t\t\tAbonnez-vous et profitez d\u2019un acc\u00e8s illimit\u00e9 \u00e0 Rue89Bordeaux. Annulez quand vous voulez.\n\t\t\t\t\t<\/p>\n<p class=\"xl:text-sm\">\n\t\t\t\t\tD\u00e9j\u00e0 abonn\u00e9\u00a0?<br \/>\n\t\t\t\t\t<a class=\"border border-transparent text-center transition-colors duration-instant focus:border-info focus:rounded focus:shadow-focus cursor-pointer text-black hover:text-gray-700 active:bg-black-700 font-semibold inline-block\" href=\"https:\/\/rue89bordeaux.com\/user\/login\/?redirect=\/2025\/08\/le-futur-car-express-bordeaux-cap-ferret-sera-t-il-plus-lent-que-le-412-bientot-supprime\/\" rel=\"nofollow noopener\" target=\"_blank\">Connectez-vous<\/a>\t\t\t\t<\/p>\n<p>\n\t\t\t\tChoisissez votre formule\u00a0:\n\t\t\t<\/p>\n<p>\t\t\t\tFermer<\/p>\n","protected":false},"excerpt":{"rendered":"L\u2019\u00e9lu m\u00e9tropolitain Guillaume Garrigues alerte sur la d\u00e9gradation du service pour les usagers qu\u2019entra\u00eenera selon lui la suppression&hellip;\n","protected":false},"author":2,"featured_media":335027,"comment_status":"","ping_status":"","sticky":false,"template":"","format":"standard","meta":{"footnotes":""},"categories":[2817],"tags":[1111,11,1997,1777,674,1011,27,47217,12,2219,25,17089,800],"class_list":{"0":"post-335026","1":"post","2":"type-post","3":"status-publish","4":"format-standard","5":"has-post-thumbnail","7":"category-bordeaux","8":"tag-actu","9":"tag-actualites","10":"tag-bordeaux","11":"tag-eu","12":"tag-europe","13":"tag-fr","14":"tag-france","15":"tag-lege-cap-ferret","16":"tag-news","17":"tag-nouvelle-aquitaine","18":"tag-republique-francaise","19":"tag-rer-metropolitain","20":"tag-transports"},"share_on_mastodon":{"url":"https:\/\/pubeurope.com\/@fr\/115069362467574863","error":""},"_links":{"self":[{"href":"https:\/\/www.europesays.com\/fr\/wp-json\/wp\/v2\/posts\/335026","targetHints":{"allow":["GET"]}}],"collection":[{"href":"https:\/\/www.europesays.com\/fr\/wp-json\/wp\/v2\/posts"}],"about":[{"href":"https:\/\/www.europesays.com\/fr\/wp-json\/wp\/v2\/types\/post"}],"author":[{"embeddable":true,"href":"https:\/\/www.europesays.com\/fr\/wp-json\/wp\/v2\/users\/2"}],"replies":[{"embeddable":true,"href":"https:\/\/www.europesays.com\/fr\/wp-json\/wp\/v2\/comments?post=335026"}],"version-history":[{"count":0,"href":"https:\/\/www.europesays.com\/fr\/wp-json\/wp\/v2\/posts\/335026\/revisions"}],"wp:featuredmedia":[{"embeddable":true,"href":"https:\/\/www.europesays.com\/fr\/wp-json\/wp\/v2\/media\/335027"}],"wp:attachment":[{"href":"https:\/\/www.europesays.com\/fr\/wp-json\/wp\/v2\/media?parent=335026"}],"wp:term":[{"taxonomy":"category","embeddable":true,"href":"https:\/\/www.europesays.com\/fr\/wp-json\/wp\/v2\/categories?post=335026"},{"taxonomy":"post_tag","embeddable":true,"href":"https:\/\/www.europesays.com\/fr\/wp-json\/wp\/v2\/tags?post=335026"}],"curies":[{"name":"wp","href":"https:\/\/api.w.org\/{rel}","templated":true}]}}