{"id":335030,"date":"2025-08-21T23:32:11","date_gmt":"2025-08-21T23:32:11","guid":{"rendered":"https:\/\/www.europesays.com\/fr\/335030\/"},"modified":"2025-08-21T23:32:11","modified_gmt":"2025-08-21T23:32:11","slug":"previsions-du-vendredi-22-aout-2025-6","status":"publish","type":"post","link":"https:\/\/www.europesays.com\/fr\/335030\/","title":{"rendered":"pr\u00e9visions du vendredi 22 ao\u00fbt 2025"},"content":{"rendered":"<p>\u00c0 Toulouse, les valeurs afficheront entre 17\u00b0C et 26\u00b0C dans la journ\u00e9e. Une petite brise d&rsquo;ouest soufflera. Le matin, de l\u00e9gers nuages ne voudront pas c\u00e9der leur place au soleil. Il va faire en moyenne 19\u00b0C. Des \u00e9claircies sont pr\u00e9vues : on passera un apr\u00e8s-midi agr\u00e9able. Les temp\u00e9ratures vont conna\u00eetre une augmentation de plusieurs degr\u00e9s. Les maximales pourront atteindre 26\u00b0C et les minimales seront de 24\u00b0C. On passera de vendredi \u00e0 samedi par une nuit claire.<\/p>\n<p>Un beau soleil est attendu demain \u00e0 Toulouse. C&rsquo;est une hausse de quelques degr\u00e9s que vont enregistrer les temp\u00e9ratures. Ces valeurs \u00e9volueront entre 15 et 30\u2009\u00b0C. Les valeurs seront comprises entre 15 et 30\u00b0C. Un vent de nord-ouest soufflera un peu, avec 9 km\/h dans la matin\u00e9e. Les temp\u00e9ratures vont grimper pendant l&rsquo;apr\u00e8s-midi de plusieurs degr\u00e9s. Les fortes chaleurs sont pr\u00e9sentes. Avec des temp\u00e9ratures \u00e9chelonn\u00e9es entre 27 et 30\u00b0C. Les valeurs iront de 27 \u00e0 30\u00b0C. Les temp\u00e9ratures seront de 24\u00b0C au cours de la soir\u00e9e. Un vent d&rsquo;ouest rafra\u00eechira sensiblement l&rsquo;atmosph\u00e8re.<\/p>\n<p>Peu de changements au fil des jours. Des temp\u00e9ratures dans les 34\u00b0C accompagneront un ciel ensoleill\u00e9.<\/p>\n<p><\/p>\n","protected":false},"excerpt":{"rendered":"\u00c0 Toulouse, les valeurs afficheront entre 17\u00b0C et 26\u00b0C dans la journ\u00e9e. Une petite brise d&rsquo;ouest soufflera. Le&hellip;\n","protected":false},"author":2,"featured_media":335031,"comment_status":"","ping_status":"","sticky":false,"template":"","format":"standard","meta":{"footnotes":""},"categories":[2816],"tags":[1111,11,1777,674,1011,27,2722,2721,12,2680,2119,25,2312],"class_list":{"0":"post-335030","1":"post","2":"type-post","3":"status-publish","4":"format-standard","5":"has-post-thumbnail","7":"category-toulouse","8":"tag-actu","9":"tag-actualites","10":"tag-eu","11":"tag-europe","12":"tag-fr","13":"tag-france","14":"tag-haute-garonne","15":"tag-midi-pyrenees","16":"tag-news","17":"tag-occitanie","18":"tag-previsions-meteo","19":"tag-republique-francaise","20":"tag-toulouse"},"share_on_mastodon":{"url":"https:\/\/pubeurope.com\/@fr\/115069369916918025","error":""},"_links":{"self":[{"href":"https:\/\/www.europesays.com\/fr\/wp-json\/wp\/v2\/posts\/335030","targetHints":{"allow":["GET"]}}],"collection":[{"href":"https:\/\/www.europesays.com\/fr\/wp-json\/wp\/v2\/posts"}],"about":[{"href":"https:\/\/www.europesays.com\/fr\/wp-json\/wp\/v2\/types\/post"}],"author":[{"embeddable":true,"href":"https:\/\/www.europesays.com\/fr\/wp-json\/wp\/v2\/users\/2"}],"replies":[{"embeddable":true,"href":"https:\/\/www.europesays.com\/fr\/wp-json\/wp\/v2\/comments?post=335030"}],"version-history":[{"count":0,"href":"https:\/\/www.europesays.com\/fr\/wp-json\/wp\/v2\/posts\/335030\/revisions"}],"wp:featuredmedia":[{"embeddable":true,"href":"https:\/\/www.europesays.com\/fr\/wp-json\/wp\/v2\/media\/335031"}],"wp:attachment":[{"href":"https:\/\/www.europesays.com\/fr\/wp-json\/wp\/v2\/media?parent=335030"}],"wp:term":[{"taxonomy":"category","embeddable":true,"href":"https:\/\/www.europesays.com\/fr\/wp-json\/wp\/v2\/categories?post=335030"},{"taxonomy":"post_tag","embeddable":true,"href":"https:\/\/www.europesays.com\/fr\/wp-json\/wp\/v2\/tags?post=335030"}],"curies":[{"name":"wp","href":"https:\/\/api.w.org\/{rel}","templated":true}]}}