{"id":335037,"date":"2025-08-21T23:37:09","date_gmt":"2025-08-21T23:37:09","guid":{"rendered":"https:\/\/www.europesays.com\/fr\/335037\/"},"modified":"2025-08-21T23:37:09","modified_gmt":"2025-08-21T23:37:09","slug":"biennale-de-la-danse-de-lyon-tiago-guedes-propose","status":"publish","type":"post","link":"https:\/\/www.europesays.com\/fr\/335037\/","title":{"rendered":"Biennale de la Danse de Lyon : Tiago Guedes propose&#8230;"},"content":{"rendered":"<p><strong>Pour sa premi\u00e8re Biennale en tant que directeur artistique, Tiago Guedes propose une \u00e9dition pens\u00e9e comme un \u00e9cosyst\u00e8me chor\u00e9graphique. Spectacles, rencontres, installations et projets participatifs s\u2019entrelacent dans une programmation ouverte sur le monde.<\/strong><\/p>\n<p><strong>Cette Biennale semble \u00eatre une v\u00e9ritable poup\u00e9e russe. Comment avez-vous pens\u00e9 cette architecture complexe\u202f?<\/strong><\/p>\n<p><strong>Tiago Guedes<\/strong>\u00a0: Je d\u00e9fends l\u2019id\u00e9e qu\u2019un grand \u00e9v\u00e9nement de danse ne doit pas se limiter aux spectacles, m\u00eame si nous en proposons quarante, dont 24 cr\u00e9ations. Il doit aussi offrir des espaces de r\u00e9flexion, de rencontre, d\u2019immersion dans les univers des artistes\u00a0: ateliers, workshops, expositions, tables rondes, et notre club Bingo\u2026 Mais aussi une exp\u00e9rience comme Le Forum o\u00f9 cinq curateurs extra-europ\u00e9ens ont invit\u00e9 des chor\u00e9graphes autour de th\u00e9matiques soci\u00e9tales fortes, comme \u00ab\u202fdanse, climat et terre contest\u00e9e\u202f\u00bb ou \u00ab\u202fcorps en danger\u202f\u00bb. Un m\u00eame artiste peut intervenir dans une conf\u00e9rence, une expo et sur sc\u00e8ne. C\u2019est cette circulation qui m\u2019int\u00e9resse.<\/p>\n<p><strong>Quelle est l\u2019id\u00e9e directrice de cette 21e Biennale\u00a0?<\/strong><\/p>\n<p><strong>Tiago Guedes\u00a0:<\/strong> Plut\u00f4t que de suivre une th\u00e9matique, j\u2019ai voulu refl\u00e9ter la diversit\u00e9 des esth\u00e9tiques et des r\u00e9cits. Nous pr\u00e9sentons des cr\u00e9ations tr\u00e8s diff\u00e9rentes, comme celle de Philippe Decoufl\u00e9, qui explore le passage du temps et le vieillissement, celle d\u2019Emmanuel Eggermont, qui construit un solo sur les aspirations de la jeunesse, ou de Fran\u00e7ois Chaignaud, Nina Laisn\u00e9 et Nadia Larcher qui m\u00ealent danse, chant et musique. Nous invitons aussi des jeunes chor\u00e9graphes comme Simon Le Borgne ou Andr\u00e9a Givanovitch, de nombreux artistes br\u00e9siliens encore peu connus, et des stars comme Lia Rodrigues ou Marco Da Silva Ferreira. Ce sont des regards tr\u00e8s diff\u00e9rents sur le monde, et c\u2019est ce qui fait la richesse de cette \u00e9dition.<\/p>\n<p>\u00ab\u00a0Je d\u00e9fends l\u2019id\u00e9e qu\u2019un grand \u00e9v\u00e9nement de danse ne doit pas se limiter aux spectacles.\u00a0\u00bb<\/p>\n<p><strong>Le d\u00e9fil\u00e9 est un moment fort de la Biennale. Comment l\u2019avez-vous abord\u00e9\u202f?<br \/>Tiago Guedes\u00a0:<\/strong> Cette ann\u00e9e, le th\u00e8me est \u00ab\u202fDanses recycl\u00e9es\u202f\u00bb\u202fou comment transformer les danses de soci\u00e9t\u00e9 ou traditionnelles en parade chor\u00e9graphique, dont le bouquet final est assur\u00e9 par Mehdi Kerkouche. J\u2019ai voulu casser les cloisons entre les chor\u00e9graphes des spectacles et ceux du d\u00e9fil\u00e9. Aina Alegre, par exemple, pr\u00e9sente sa cr\u00e9ation Fugaces et anime aussi un collectif. Diego Dantas, chor\u00e9graphe br\u00e9silien sp\u00e9cialiste de la samba, monte un groupe libre ouvert \u00e0 tous, pr\u00e9par\u00e9 en deux semaines pour le grand jour\u00a0! C\u2019est une autre mani\u00e8re de vivre le d\u00e9fil\u00e9, plus spontan\u00e9e. Et c\u2019est un clin d\u2019\u0153il \u00e0 la cr\u00e9ation de ce d\u00e9fil\u00e9, fond\u00e9 par Guy Darmet en 1996, apr\u00e8s avoir vu celui de Rio de Janeiro.<\/p>\n<p><strong>Propos recueillis par Agn\u00e8s Izrine<\/strong><\/p>\n","protected":false},"excerpt":{"rendered":"Pour sa premi\u00e8re Biennale en tant que directeur artistique, Tiago Guedes propose une \u00e9dition pens\u00e9e comme un \u00e9cosyst\u00e8me&hellip;\n","protected":false},"author":2,"featured_media":335038,"comment_status":"","ping_status":"","sticky":false,"template":"","format":"standard","meta":{"footnotes":""},"categories":[1889],"tags":[1111,11,2430,47218,1777,674,1011,27,2428,12,25,24846],"class_list":{"0":"post-335037","1":"post","2":"type-post","3":"status-publish","4":"format-standard","5":"has-post-thumbnail","7":"category-lyon","8":"tag-actu","9":"tag-actualites","10":"tag-auvergne-rhone-alpes","11":"tag-biennale-de-la-danse-de-lyon","12":"tag-eu","13":"tag-europe","14":"tag-fr","15":"tag-france","16":"tag-lyon","17":"tag-news","18":"tag-republique-francaise","19":"tag-tiago-guedes"},"share_on_mastodon":{"url":"https:\/\/pubeurope.com\/@fr\/115069389585107485","error":""},"_links":{"self":[{"href":"https:\/\/www.europesays.com\/fr\/wp-json\/wp\/v2\/posts\/335037","targetHints":{"allow":["GET"]}}],"collection":[{"href":"https:\/\/www.europesays.com\/fr\/wp-json\/wp\/v2\/posts"}],"about":[{"href":"https:\/\/www.europesays.com\/fr\/wp-json\/wp\/v2\/types\/post"}],"author":[{"embeddable":true,"href":"https:\/\/www.europesays.com\/fr\/wp-json\/wp\/v2\/users\/2"}],"replies":[{"embeddable":true,"href":"https:\/\/www.europesays.com\/fr\/wp-json\/wp\/v2\/comments?post=335037"}],"version-history":[{"count":0,"href":"https:\/\/www.europesays.com\/fr\/wp-json\/wp\/v2\/posts\/335037\/revisions"}],"wp:featuredmedia":[{"embeddable":true,"href":"https:\/\/www.europesays.com\/fr\/wp-json\/wp\/v2\/media\/335038"}],"wp:attachment":[{"href":"https:\/\/www.europesays.com\/fr\/wp-json\/wp\/v2\/media?parent=335037"}],"wp:term":[{"taxonomy":"category","embeddable":true,"href":"https:\/\/www.europesays.com\/fr\/wp-json\/wp\/v2\/categories?post=335037"},{"taxonomy":"post_tag","embeddable":true,"href":"https:\/\/www.europesays.com\/fr\/wp-json\/wp\/v2\/tags?post=335037"}],"curies":[{"name":"wp","href":"https:\/\/api.w.org\/{rel}","templated":true}]}}