{"id":335039,"date":"2025-08-21T23:38:14","date_gmt":"2025-08-21T23:38:14","guid":{"rendered":"https:\/\/www.europesays.com\/fr\/335039\/"},"modified":"2025-08-21T23:38:14","modified_gmt":"2025-08-21T23:38:14","slug":"le-domicile-dun-dealer-debusque-par-un-chien-a-givors","status":"publish","type":"post","link":"https:\/\/www.europesays.com\/fr\/335039\/","title":{"rendered":"le domicile d&rsquo;un dealer d\u00e9busqu\u00e9 par un chien \u00e0 Givors"},"content":{"rendered":"<p itemprop=\"description\"><strong>Les policiers ont eu du flair.<\/strong><\/p>\n<p>Du moins, leur chien d\u00e9ploy\u00e9 dans le quartier des Vernes \u00e0 Givors ce lundi matin aux alentours de 9h.<\/p>\n<p>Car l&rsquo;animal sp\u00e9cialis\u00e9 dans la recherche de stup\u00e9fiants a fait le tour des paliers d&rsquo;une barre de l&rsquo;all\u00e9e Anne-Frank. Et il a marqu\u00e9 un appartement que les forces de l&rsquo;ordre ont pris soin de perquisitionner.<\/p>\n<p>L&rsquo;individu qui leur a ouvert la porte \u00e9tait d\u00e9j\u00e0 connu de leurs services. Pas de chance pour lui, il \u00e9tait en plein atelier d\u00e9coupage de r\u00e9sine de cannabis.<\/p>\n<p>Le Givordin a \u00e9t\u00e9 interpell\u00e9 et plac\u00e9 en garde \u00e0 vue.<\/p>\n<p>A son domicile, 1,7 kg de r\u00e9sine de cannabis, un fusil \u00e0 canon sci\u00e9 et 900 euros ont \u00e9t\u00e9 retrouv\u00e9s et saisis.<\/p>\n","protected":false},"excerpt":{"rendered":"Les policiers ont eu du flair. Du moins, leur chien d\u00e9ploy\u00e9 dans le quartier des Vernes \u00e0 Givors&hellip;\n","protected":false},"author":2,"featured_media":335040,"comment_status":"","ping_status":"","sticky":false,"template":"","format":"standard","meta":{"footnotes":""},"categories":[1889],"tags":[1111,11,2813,2190,2430,1109,251,1112,2811,1777,674,118,1011,27,1922,1110,1114,2428,2810,12,241,316,25,2812,517,800],"class_list":{"0":"post-335039","1":"post","2":"type-post","3":"status-publish","4":"format-standard","5":"has-post-thumbnail","7":"category-lyon","8":"tag-actu","9":"tag-actualites","10":"tag-article","11":"tag-asvel","12":"tag-auvergne-rhone-alpes","13":"tag-breves","14":"tag-culture","15":"tag-depeches","16":"tag-economique","17":"tag-eu","18":"tag-europe","19":"tag-faits-divers","20":"tag-fr","21":"tag-france","22":"tag-info","23":"tag-informations","24":"tag-infos","25":"tag-lyon","26":"tag-lyonmag","27":"tag-news","28":"tag-ol","29":"tag-politique","30":"tag-republique-francaise","31":"tag-sociale","32":"tag-sport","33":"tag-transports"},"share_on_mastodon":{"url":"https:\/\/pubeurope.com\/@fr\/115069393499462777","error":""},"_links":{"self":[{"href":"https:\/\/www.europesays.com\/fr\/wp-json\/wp\/v2\/posts\/335039","targetHints":{"allow":["GET"]}}],"collection":[{"href":"https:\/\/www.europesays.com\/fr\/wp-json\/wp\/v2\/posts"}],"about":[{"href":"https:\/\/www.europesays.com\/fr\/wp-json\/wp\/v2\/types\/post"}],"author":[{"embeddable":true,"href":"https:\/\/www.europesays.com\/fr\/wp-json\/wp\/v2\/users\/2"}],"replies":[{"embeddable":true,"href":"https:\/\/www.europesays.com\/fr\/wp-json\/wp\/v2\/comments?post=335039"}],"version-history":[{"count":0,"href":"https:\/\/www.europesays.com\/fr\/wp-json\/wp\/v2\/posts\/335039\/revisions"}],"wp:featuredmedia":[{"embeddable":true,"href":"https:\/\/www.europesays.com\/fr\/wp-json\/wp\/v2\/media\/335040"}],"wp:attachment":[{"href":"https:\/\/www.europesays.com\/fr\/wp-json\/wp\/v2\/media?parent=335039"}],"wp:term":[{"taxonomy":"category","embeddable":true,"href":"https:\/\/www.europesays.com\/fr\/wp-json\/wp\/v2\/categories?post=335039"},{"taxonomy":"post_tag","embeddable":true,"href":"https:\/\/www.europesays.com\/fr\/wp-json\/wp\/v2\/tags?post=335039"}],"curies":[{"name":"wp","href":"https:\/\/api.w.org\/{rel}","templated":true}]}}